{"id":48899,"date":"2025-09-20T07:59:10","date_gmt":"2025-09-20T03:59:10","guid":{"rendered":"https:\/\/infonews.az\/?p=48899"},"modified":"2025-09-22T09:09:57","modified_gmt":"2025-09-22T05:09:57","slug":"naxcivan-s%c9%99h%c9%99rind%c9%99-suverenlik-yurusu-kecirilib","status":"publish","type":"post","link":"https:\/\/infonews.az\/?p=48899","title":{"rendered":"Nax\u00e7\u0131van \u015f\u0259h\u0259rind\u0259 \u201cSuverenlik y\u00fcr\u00fc\u015f\u00fc\u201d ke\u00e7irilib"},"content":{"rendered":"<p><span style=\"color: #ffffff\">Nax\u00e7\u0131van \u015f\u0259h\u0259rind\u0259 \u201cSuverenlik y\u00fcr\u00fc\u015f\u00fc\u201d ke\u00e7irilib<\/span><\/p>\n<blockquote><p>Sentyabr\u0131n 18-d\u0259 Nax\u00e7\u0131van \u015f\u0259h\u0259rind\u0259 \u201cKonstitusiya v\u0259 Suverenlik \u0130li\u201d \u00e7\u0259r\u00e7iv\u0259sind\u0259 m\u00f6ht\u0259\u015f\u0259m bir t\u0259dbir \u2013 \u201cSuverenlik y\u00fcr\u00fc\u015f\u00fc\u201d t\u0259\u015fkil olunub.<\/p><\/blockquote>\n<p><a href=\"https:\/\/infonews.az\/?p=48899\"><span style=\"color: #000080\"><strong>&#8220;\u0130NFONEWS&#8221;<\/strong><\/span><\/a> x\u0259b\u0259r verir ki, Nax\u00e7\u0131van Muxtar Respublikas\u0131nda Az\u0259rbaycan Respublikas\u0131 Prezidentinin s\u0259lahiyy\u0259tli n\u00fcmay\u0259nd\u0259liyinin t\u0259\u015f\u0259bb\u00fcs\u00fc, Nax\u00e7\u0131van \u015e\u0259h\u0259r \u0130cra Hakimiyy\u0259tinin t\u0259\u015fkilat\u00e7\u0131l\u0131\u011f\u0131 v\u0259 \u018flahidd\u0259 \u00dcmumqo\u015fun Ordunun d\u0259st\u0259yi il\u0259 ba\u015f tutan y\u00fcr\u00fc\u015f \u018flahidd\u0259 \u00dcmumqo\u015fun Ordunun H\u0259rbi Orkestrinin m\u00fc\u015fay\u0259ti il\u0259 Z\u0259f\u0259r Park\u0131ndan ba\u015flayaraq \u015f\u0259h\u0259rin m\u0259rk\u0259zi meydan\u0131nda yerl\u0259\u015f\u0259n Heyd\u0259r \u018fliyev Muzeyinin qar\u015f\u0131s\u0131na q\u0259d\u0259r davam edib. Ke\u00e7iril\u0259n y\u00fcr\u00fc\u015fd\u0259 Heyd\u0259r \u018fliyev ad\u0131na H\u0259rbi Liseyin v\u0259 Nax\u00e7\u0131van H\u0259rbi Kollecinin kursantlar\u0131, t\u0259l\u0259b\u0259l\u0259r, g\u0259ncl\u0259r, \u00fcmumt\u0259hsil m\u0259kt\u0259bl\u0259rinin \u015fagirdl\u0259ri v\u0259 ictimaiyy\u0259t n\u00fcmay\u0259nd\u0259l\u0259ri f\u0259al i\u015ftirak edibl\u0259r.<\/p>\n<p>Y\u00fcr\u00fc\u015f i\u015ftirak\u00e7\u0131lar\u0131 Az\u0259rbaycan Respublikas\u0131n\u0131n D\u00f6vl\u0259t bayraqlar\u0131 il\u0259 \u015f\u0259h\u0259rin m\u0259rk\u0259zi k\u00fc\u00e7\u0259l\u0259rind\u0259 add\u0131mlayaraq d\u00f6vl\u0259tin suverenliyi, m\u00fcst\u0259qilliyin qorunmas\u0131 v\u0259 milli birliyin g\u00fccl\u0259ndirilm\u0259si istiqam\u0259tind\u0259 h\u0259mr\u0259ylik n\u00fcmayi\u015f etdirib, \u015f\u0259hidl\u0259r v\u0259 v\u0259t\u0259np\u0259rv\u0259rlik haqq\u0131nda \u015f\u00fcarlar s\u0259sl\u0259ndiribl\u0259r.<br \/>\nQeyd ed\u0259k ki, Az\u0259rbaycan Respublikas\u0131n\u0131n Prezidenti c\u0259nab \u0130lham \u018fliyevin 19 sentyabr 2024-c\u00fc il tarixd\u0259 \u201cAz\u0259rbaycan Respublikas\u0131nda D\u00f6vl\u0259t Suverenliyi G\u00fcn\u00fcn\u00fcn t\u0259sis edilm\u0259si haqq\u0131nda\u201d imzalad\u0131\u011f\u0131 S\u0259r\u0259ncamla d\u00f6vl\u0259timizin suverenliyinin m\u00f6hk\u0259ml\u0259ndirilm\u0259si, milli d\u0259y\u0259rl\u0259rin qorunmas\u0131 v\u0259 c\u0259miyy\u0259tin b\u00fct\u00fcn sah\u0259l\u0259rind\u0259 m\u00fcst\u0259qillik prinsipl\u0259rinin inki\u015faf etdirilm\u0259si il\u0259 ba\u011fl\u0131 m\u00fch\u00fcm istiqam\u0259tl\u0259ri m\u00fc\u0259yy\u0259nl\u0259\u015fdirmi\u015fdir.<\/p>\n<p>20 sentyabr \u2013 D\u00f6vl\u0259t Suverenliyi G\u00fcn\u00fc m\u00fcst\u0259qilliyimizin d\u00f6nm\u0259zliyini, \u0259razi b\u00fct\u00f6vl\u00fcy\u00fcm\u00fcz\u00fcn b\u0259rpas\u0131n\u0131 v\u0259 xalq\u0131m\u0131z\u0131n sars\u0131lmaz irad\u0259sini t\u0259c\u0259ss\u00fcm etdir\u0259n tarixi g\u00fcnd\u00fcr. Bu g\u00fcn\u00fcn d\u00f6vl\u0259t s\u0259viyy\u0259sind\u0259 qeyd olunmas\u0131 Az\u0259rbaycan d\u00f6vl\u0259t\u00e7iliyinin yeni m\u0259rh\u0259l\u0259sinin ba\u015flan\u011f\u0131c\u0131n\u0131 g\u00f6st\u0259rir.<br \/>\nBu g\u00fcn biz art\u0131q tam suveren d\u00f6vl\u0259tik. S\u0259rh\u0259dl\u0259rimiz toxunulmazd\u0131r, \u0259razil\u0259rimiz b\u00fct\u00f6vd\u00fcr, xalq\u0131m\u0131z is\u0259 azad v\u0259 m\u00fcst\u0259qil g\u0259l\u0259c\u0259yini \u00f6z \u0259ll\u0259ri il\u0259 qurur. D\u00f6vl\u0259t Suverenliyi G\u00fcn\u00fc bu h\u0259qiq\u0259tl\u0259rin r\u0259smi t\u0259sdiqi, xalq\u0131m\u0131z\u0131n tarixi yadda\u015f\u0131nda \u0259b\u0259di yer alacaq milli q\u00fcrur g\u00fcn\u00fcd\u00fcr.<br \/>\nY\u00fcr\u00fc\u015f\u00fcn sonunda \u015f\u0259h\u0259rin m\u0259rk\u0259zi meydan\u0131nda i\u015ftirak\u00e7\u0131lar bir daha \u00f6lk\u0259nin g\u0259l\u0259c\u0259yi namin\u0259 h\u0259mr\u0259ylik n\u00fcmayi\u015f etdir\u0259r\u0259k suverenliyin h\u0259r bir Az\u0259rbaycan v\u0259t\u0259nda\u015f\u0131 \u00fc\u00e7\u00fcn m\u00fcq\u0259dd\u0259s d\u0259y\u0259r oldu\u011funu vur\u011fulay\u0131blar.<\/p>\n<p><img loading=\"lazy\" decoding=\"async\" class=\"aligncenter size-full wp-image-48901\" src=\"https:\/\/infonews.az\/wp-content\/uploads\/2025\/09\/5c7bc4c9-46b0-4dc5-a64c-280d6b68304a.jpeg\" alt=\"\" width=\"1600\" height=\"1093\" srcset=\"https:\/\/infonews.az\/wp-content\/uploads\/2025\/09\/5c7bc4c9-46b0-4dc5-a64c-280d6b68304a.jpeg 1600w, https:\/\/infonews.az\/wp-content\/uploads\/2025\/09\/5c7bc4c9-46b0-4dc5-a64c-280d6b68304a-300x205.jpeg 300w, https:\/\/infonews.az\/wp-content\/uploads\/2025\/09\/5c7bc4c9-46b0-4dc5-a64c-280d6b68304a-1024x700.jpeg 1024w, https:\/\/infonews.az\/wp-content\/uploads\/2025\/09\/5c7bc4c9-46b0-4dc5-a64c-280d6b68304a-768x525.jpeg 768w, https:\/\/infonews.az\/wp-content\/uploads\/2025\/09\/5c7bc4c9-46b0-4dc5-a64c-280d6b68304a-1536x1049.jpeg 1536w\" sizes=\"(max-width: 1600px) 100vw, 1600px\" \/><\/p>\n<p><img loading=\"lazy\" decoding=\"async\" class=\"aligncenter size-full wp-image-48902\" src=\"https:\/\/infonews.az\/wp-content\/uploads\/2025\/09\/789dbb4d-3c68-47be-bfdb-ce73ba794d0b.jpeg\" alt=\"\" width=\"1040\" height=\"694\" srcset=\"https:\/\/infonews.az\/wp-content\/uploads\/2025\/09\/789dbb4d-3c68-47be-bfdb-ce73ba794d0b.jpeg 1040w, https:\/\/infonews.az\/wp-content\/uploads\/2025\/09\/789dbb4d-3c68-47be-bfdb-ce73ba794d0b-300x200.jpeg 300w, https:\/\/infonews.az\/wp-content\/uploads\/2025\/09\/789dbb4d-3c68-47be-bfdb-ce73ba794d0b-1024x683.jpeg 1024w, https:\/\/infonews.az\/wp-content\/uploads\/2025\/09\/789dbb4d-3c68-47be-bfdb-ce73ba794d0b-768x512.jpeg 768w\" sizes=\"(max-width: 1040px) 100vw, 1040px\" \/><\/p>\n<p><img loading=\"lazy\" decoding=\"async\" class=\"aligncenter size-full wp-image-48903\" src=\"https:\/\/infonews.az\/wp-content\/uploads\/2025\/09\/d9113ff6-6daf-4b28-a938-94dbe8a259f4.jpeg\" alt=\"\" width=\"1040\" height=\"694\" srcset=\"https:\/\/infonews.az\/wp-content\/uploads\/2025\/09\/d9113ff6-6daf-4b28-a938-94dbe8a259f4.jpeg 1040w, https:\/\/infonews.az\/wp-content\/uploads\/2025\/09\/d9113ff6-6daf-4b28-a938-94dbe8a259f4-300x200.jpeg 300w, https:\/\/infonews.az\/wp-content\/uploads\/2025\/09\/d9113ff6-6daf-4b28-a938-94dbe8a259f4-1024x683.jpeg 1024w, https:\/\/infonews.az\/wp-content\/uploads\/2025\/09\/d9113ff6-6daf-4b28-a938-94dbe8a259f4-768x512.jpeg 768w\" sizes=\"(max-width: 1040px) 100vw, 1040px\" \/><\/p>\n<p><img loading=\"lazy\" decoding=\"async\" class=\"aligncenter size-full wp-image-48904\" src=\"https:\/\/infonews.az\/wp-content\/uploads\/2025\/09\/b5977644-e13e-4521-81ee-1a464b85e98d.jpeg\" alt=\"\" width=\"1040\" height=\"694\" srcset=\"https:\/\/infonews.az\/wp-content\/uploads\/2025\/09\/b5977644-e13e-4521-81ee-1a464b85e98d.jpeg 1040w, https:\/\/infonews.az\/wp-content\/uploads\/2025\/09\/b5977644-e13e-4521-81ee-1a464b85e98d-300x200.jpeg 300w, https:\/\/infonews.az\/wp-content\/uploads\/2025\/09\/b5977644-e13e-4521-81ee-1a464b85e98d-1024x683.jpeg 1024w, https:\/\/infonews.az\/wp-content\/uploads\/2025\/09\/b5977644-e13e-4521-81ee-1a464b85e98d-768x512.jpeg 768w\" sizes=\"(max-width: 1040px) 100vw, 1040px\" \/><\/p>\n<p>&nbsp;<\/p>\n","protected":false},"excerpt":{"rendered":"<p>Nax\u00e7\u0131van \u015f\u0259h\u0259rind\u0259 \u201cSuverenlik y\u00fcr\u00fc\u015f\u00fc\u201d ke\u00e7irilib Sentyabr\u0131n 18-d\u0259 Nax\u00e7\u0131van \u015f\u0259h\u0259rind\u0259 \u201cKonstitusiya v\u0259 Suverenlik \u0130li\u201d \u00e7\u0259r\u00e7iv\u0259sind\u0259 m\u00f6ht\u0259\u015f\u0259m bir t\u0259dbir \u2013 \u201cSuverenlik y\u00fcr\u00fc\u015f\u00fc\u201d t\u0259\u015fkil olunub. &#8220;\u0130NFONEWS&#8221; x\u0259b\u0259r verir ki, Nax\u00e7\u0131van Muxtar Respublikas\u0131nda Az\u0259rbaycan&hellip; <\/p>\n","protected":false},"author":14,"featured_media":48900,"comment_status":"open","ping_status":"open","sticky":false,"template":"","format":"standard","meta":{"_mi_skip_tracking":false,"_monsterinsights_sitenote_active":false,"_monsterinsights_sitenote_note":"","_monsterinsights_sitenote_category":0,"footnotes":""},"categories":[5373,4,11],"tags":[14078,14854,14471],"aioseo_notices":[],"_links":{"self":[{"href":"https:\/\/infonews.az\/index.php?rest_route=\/wp\/v2\/posts\/48899"}],"collection":[{"href":"https:\/\/infonews.az\/index.php?rest_route=\/wp\/v2\/posts"}],"about":[{"href":"https:\/\/infonews.az\/index.php?rest_route=\/wp\/v2\/types\/post"}],"author":[{"embeddable":true,"href":"https:\/\/infonews.az\/index.php?rest_route=\/wp\/v2\/users\/14"}],"replies":[{"embeddable":true,"href":"https:\/\/infonews.az\/index.php?rest_route=%2Fwp%2Fv2%2Fcomments&post=48899"}],"version-history":[{"count":1,"href":"https:\/\/infonews.az\/index.php?rest_route=\/wp\/v2\/posts\/48899\/revisions"}],"predecessor-version":[{"id":48905,"href":"https:\/\/infonews.az\/index.php?rest_route=\/wp\/v2\/posts\/48899\/revisions\/48905"}],"wp:featuredmedia":[{"embeddable":true,"href":"https:\/\/infonews.az\/index.php?rest_route=\/wp\/v2\/media\/48900"}],"wp:attachment":[{"href":"https:\/\/infonews.az\/index.php?rest_route=%2Fwp%2Fv2%2Fmedia&parent=48899"}],"wp:term":[{"taxonomy":"category","embeddable":true,"href":"https:\/\/infonews.az\/index.php?rest_route=%2Fwp%2Fv2%2Fcategories&post=48899"},{"taxonomy":"post_tag","embeddable":true,"href":"https:\/\/infonews.az\/index.php?rest_route=%2Fwp%2Fv2%2Ftags&post=48899"}],"curies":[{"name":"wp","href":"https:\/\/api.w.org\/{rel}","templated":true}]}}