{"id":48918,"date":"2025-09-22T07:39:30","date_gmt":"2025-09-22T03:39:30","guid":{"rendered":"https:\/\/infonews.az\/?p=48918"},"modified":"2025-09-22T09:49:19","modified_gmt":"2025-09-22T05:49:19","slug":"dunya-alpagut-federasiyasinin-yeni-icra-komit%c9%99si-t%c9%99sdiql%c9%99ndi","status":"publish","type":"post","link":"https:\/\/infonews.az\/?p=48918","title":{"rendered":"D\u00fcnya Alpagut Federasiyas\u0131n\u0131n yeni \u0130cra Komit\u0259si t\u0259sdiql\u0259ndi"},"content":{"rendered":"<p><span style=\"color: #ffffff\">D\u00fcnya Alpagut Federasiyas\u0131n\u0131n yeni \u0130cra Komit\u0259si t\u0259sdiql\u0259ndi <\/span><\/p>\n<blockquote><p><strong>Sentyabr 18-d\u0259 2025-ci il tarixind\u0259 D\u00fcnya Alpagut Federasiyas\u0131n\u0131n \u0130dar\u0259 Hey\u0259ti <\/strong><strong>D\u00fcnya Alpagut Federasiyas\u0131n\u0131n \u0130dar\u0259 Hey\u0259ti F<\/strong><strong>ederasiyan\u0131n idar\u0259\u00e7ilik sisteminin t\u0259kmill\u0259\u015fdirilm\u0259si m\u0259qs\u0259dil\u0259 n\u00f6vb\u0259d\u0259nk\u0259nar qurultay ke\u00e7irilm\u0259si bar\u0259d\u0259 q\u0259rar q\u0259bul edib.<\/strong><\/p><\/blockquote>\n<p><a href=\"https:\/\/infonews.az\/?p=48918\"><span style=\"color: #000080\"><strong>&#8220;\u0130NFONEWS&#8221;<\/strong><\/span><\/a> x\u0259b\u0259r verir ki, qurultaya q\u0259d\u0259r federasiyan\u0131n prezident s\u0259lahiyy\u0259tl\u0259rini Emil R\u0259himov icra ed\u0259c\u0259kdir.<\/p>\n<p>\u0130dar\u0259 Hey\u0259ti h\u0259m\u00e7inin yeni \u0130cra Komit\u0259sinin t\u0259rkibini t\u0259sdiql\u0259yib. Komit\u0259 a\u015fa\u011f\u0131dak\u0131 \u015f\u0259xsl\u0259rd\u0259n ibar\u0259tdir:<\/p>\n<p>Emil R\u0259himov \u2013 Prezident (m\u00fcv\u0259qq\u0259ti)<\/p>\n<p>Nuran H\u00fcseynov \u2013 Vitse-Prezident (\u0130ctimai \u018flaq\u0259l\u0259r)<\/p>\n<p>Tural Abasguliyev \u2013 Ara\u015fd\u0131rma v\u0259 \u0130nki\u015faf \u00fczr\u0259 Vitse-Prezident<\/p>\n<p>Q\u00fcdr\u0259t Nuriyev \u2013 Maliyy\u0259 Departamentinin r\u0259hb\u0259ri<\/p>\n<p>Yunus Araba\u00e7\u0131 \u2013 Texniki Direktor<\/p>\n<p>Hasan \u00c7a\u011flar \u2013 PR v\u0259 Marketinq Departamentinin r\u0259hb\u0259ri<\/p>\n<p>Qabil H\u00fcseynov \u2013 \u0130dman Departamentinin r\u0259hb\u0259ri<\/p>\n<p>Rafiq Qas\u0131mov \u2013 Hakiml\u0259r Komit\u0259sinin s\u0259dri<\/p>\n<p>Bet\u00fcl Alt\u0131nta\u015f \u2013 Nizam-\u0130ntizam Komit\u0259sinin s\u0259dri<\/p>\n<p>Mustafa Gasim Kazem \u2013 Nizam-\u0130ntizam \u015f\u00f6b\u0259sinin m\u00fcavini<\/p>\n<p>Marina Belyaeva \u2013 Ay\u00e7a sistemi \u00fczr\u0259 koordinator<\/p>\n<p>Marijus Tumas \u2013 Batur sistemi \u00fczr\u0259 koordinator<\/p>\n<p>Serdar Aksu \u2013 Caymaz sistemi \u00fczr\u0259 koordinator<\/p>\n<p>Amanjol Tuberov \u2013 Gur\u015fag sistemi \u00fczr\u0259 koordinator<\/p>\n<p>B\u00fclent B\u00fcy\u00fck \u2013 Ka\u00e7ut sistemi \u00fczr\u0259 koordinator<\/p>\n<p>Naim Belgin \u2013 Avropa qit\u0259si \u00fczr\u0259 n\u00fcmay\u0259nd\u0259<\/p>\n<p>Abdel Ghaffar Abdelbari \u2013 Afrika qit\u0259si \u00fczr\u0259 n\u00fcmay\u0259nd\u0259<\/p>\n<p>Aziz Jurabayev \u2013 Asiya qit\u0259si \u00fczr\u0259 n\u00fcmay\u0259nd\u0259<\/p>\n<p>Dr. Saad Maan \u2013 \u018fr\u0259b \u00f6lk\u0259l\u0259ri \u00fczr\u0259 n\u00fcmay\u0259nd\u0259<\/p>\n<p>Ammar Ali Husseyn \u2013 \u018fr\u0259b \u00f6lk\u0259l\u0259ri \u00fczr\u0259 dan\u0131\u015fman<\/p>\n<p>Q\u0259rar\u0131 \u0130dar\u0259 Hey\u0259tinin \u00fczvl\u0259ri \u2013 Vasif Namazov, F\u0259rid \u018flizad\u0259, Emil R\u0259himov, Tural Abasguliyev, Rafiq Qas\u0131mov, Q\u00fcdr\u0259t Nuriyev v\u0259 Qabil H\u00fcseynov t\u0259sdiql\u0259yibl\u0259r.<\/p>\n<p>Federasiya yax\u0131n g\u00fcnl\u0259rd\u0259 qurultay\u0131n d\u0259qiq tarixini a\u00e7\u0131qlayacaq.<\/p>\n<p>D\u00fcnya Alpagut Federasiyas\u0131 Alpagutun beyn\u0259lxalq miqyasda tan\u0131d\u0131lmas\u0131 v\u0259 inki\u015faf etdirilm\u0259sini \u0259sas m\u0259qs\u0259d kimi m\u00fc\u0259yy\u0259n edib.<\/p>\n<p>Qeyd ed\u0259k ki, Alpaqut Turan D\u00f6y\u00fc\u015f s\u0259n\u0259tini inki\u015faf etdirm\u0259k v\u0259 dig\u0259r \u00f6lk\u0259l\u0259rd\u0259 olan alpaqut klub v\u0259 federasiyalar\u0131n\u0131 idar\u0259 etm\u0259k \u00fc\u00e7\u00fcn 2014-c\u00fc ild\u0259 yarad\u0131lm\u0131\u015f beyn\u0259lxalq idman t\u0259\u015fkilat\u0131d\u0131r.<\/p>\n<p>N\u00f6vb\u0259ti qurultay\u0131n vaxt\u0131 yax\u0131n g\u00fcnl\u0259rd\u0259 elan edil\u0259c\u0259kdir.<\/p>\n<p>D\u00fcnya Alpagut Federasiyas\u0131, Alpagutun beyn\u0259lxalq al\u0259md\u0259 tan\u0131d\u0131lmas\u0131 v\u0259 inki\u015faf etdirilm\u0259si m\u0259qs\u0259dini g\u00fcd\u00fcr. M\u0259qs\u0259d Alpagutun m\u00fcasir d\u00f6vrd\u0259ki yerini daha da m\u00f6hk\u0259ml\u0259tm\u0259k \u00fc\u00e7\u00fcn \u0259zmkar bir i\u015f aparma\u011fa hesablan\u0131b.<\/p>\n<p>\u018flav\u0259 m\u0259lumat \u00fc\u00e7\u00fcn, biz\u0259 office@alpagutfederation.org v\u0259 ya telefonla +994 50 250 9868 \u0259laq\u0259 saxlaya bil\u0259rsiniz.<\/p>\n<p>D\u00fcnya Alpagut Federasiyas\u0131<br \/>\nhttps:\/\/alpagutfederation.org<\/p>\n<p><img loading=\"lazy\" decoding=\"async\" class=\"aligncenter size-full wp-image-48920\" src=\"https:\/\/infonews.az\/wp-content\/uploads\/2025\/09\/0f523ee6-bda7-4a19-9606-9005fb754c88.jpeg\" alt=\"\" width=\"1365\" height=\"2048\" srcset=\"https:\/\/infonews.az\/wp-content\/uploads\/2025\/09\/0f523ee6-bda7-4a19-9606-9005fb754c88.jpeg 1365w, https:\/\/infonews.az\/wp-content\/uploads\/2025\/09\/0f523ee6-bda7-4a19-9606-9005fb754c88-200x300.jpeg 200w, https:\/\/infonews.az\/wp-content\/uploads\/2025\/09\/0f523ee6-bda7-4a19-9606-9005fb754c88-683x1024.jpeg 683w, https:\/\/infonews.az\/wp-content\/uploads\/2025\/09\/0f523ee6-bda7-4a19-9606-9005fb754c88-768x1152.jpeg 768w, https:\/\/infonews.az\/wp-content\/uploads\/2025\/09\/0f523ee6-bda7-4a19-9606-9005fb754c88-1024x1536.jpeg 1024w\" sizes=\"(max-width: 1365px) 100vw, 1365px\" \/><\/p>\n","protected":false},"excerpt":{"rendered":"<p>D\u00fcnya Alpagut Federasiyas\u0131n\u0131n yeni \u0130cra Komit\u0259si t\u0259sdiql\u0259ndi Sentyabr 18-d\u0259 2025-ci il tarixind\u0259 D\u00fcnya Alpagut Federasiyas\u0131n\u0131n \u0130dar\u0259 Hey\u0259ti D\u00fcnya Alpagut Federasiyas\u0131n\u0131n \u0130dar\u0259 Hey\u0259ti Federasiyan\u0131n idar\u0259\u00e7ilik sisteminin t\u0259kmill\u0259\u015fdirilm\u0259si m\u0259qs\u0259dil\u0259 n\u00f6vb\u0259d\u0259nk\u0259nar qurultay ke\u00e7irilm\u0259si&hellip; <\/p>\n","protected":false},"author":14,"featured_media":48919,"comment_status":"open","ping_status":"open","sticky":false,"template":"","format":"standard","meta":{"_mi_skip_tracking":false,"_monsterinsights_sitenote_active":false,"_monsterinsights_sitenote_note":"","_monsterinsights_sitenote_category":0,"footnotes":""},"categories":[58,11],"tags":[14856,15],"aioseo_notices":[],"_links":{"self":[{"href":"https:\/\/infonews.az\/index.php?rest_route=\/wp\/v2\/posts\/48918"}],"collection":[{"href":"https:\/\/infonews.az\/index.php?rest_route=\/wp\/v2\/posts"}],"about":[{"href":"https:\/\/infonews.az\/index.php?rest_route=\/wp\/v2\/types\/post"}],"author":[{"embeddable":true,"href":"https:\/\/infonews.az\/index.php?rest_route=\/wp\/v2\/users\/14"}],"replies":[{"embeddable":true,"href":"https:\/\/infonews.az\/index.php?rest_route=%2Fwp%2Fv2%2Fcomments&post=48918"}],"version-history":[{"count":1,"href":"https:\/\/infonews.az\/index.php?rest_route=\/wp\/v2\/posts\/48918\/revisions"}],"predecessor-version":[{"id":48921,"href":"https:\/\/infonews.az\/index.php?rest_route=\/wp\/v2\/posts\/48918\/revisions\/48921"}],"wp:featuredmedia":[{"embeddable":true,"href":"https:\/\/infonews.az\/index.php?rest_route=\/wp\/v2\/media\/48919"}],"wp:attachment":[{"href":"https:\/\/infonews.az\/index.php?rest_route=%2Fwp%2Fv2%2Fmedia&parent=48918"}],"wp:term":[{"taxonomy":"category","embeddable":true,"href":"https:\/\/infonews.az\/index.php?rest_route=%2Fwp%2Fv2%2Fcategories&post=48918"},{"taxonomy":"post_tag","embeddable":true,"href":"https:\/\/infonews.az\/index.php?rest_route=%2Fwp%2Fv2%2Ftags&post=48918"}],"curies":[{"name":"wp","href":"https:\/\/api.w.org\/{rel}","templated":true}]}}