{"id":48927,"date":"2025-09-22T12:20:02","date_gmt":"2025-09-22T08:20:02","guid":{"rendered":"https:\/\/infonews.az\/?p=48927"},"modified":"2025-09-22T12:20:02","modified_gmt":"2025-09-22T08:20:02","slug":"az%c9%99rbaycanli-b%c9%99st%c9%99kar-londonda-musabiq%c9%99d%c9%99-birinci-yer%c9%99-layiq-gorulub","status":"publish","type":"post","link":"https:\/\/infonews.az\/?p=48927","title":{"rendered":"Az\u0259rbaycanl\u0131 b\u0259st\u0259kar Londonda m\u00fcsabiq\u0259d\u0259 birinci yer\u0259 layiq g\u00f6r\u00fcl\u00fcb"},"content":{"rendered":"<p><span style=\"color: #ffffff\">Az\u0259rbaycanl\u0131 b\u0259st\u0259kar Londonda m\u00fcsabiq\u0259d\u0259 birinci yer\u0259 layiq g\u00f6r\u00fcl\u00fcb<\/span><\/p>\n<blockquote><p>B\u0259st\u0259kar Lal\u0259 C\u0259f\u0259rova Londonda ke\u00e7iril\u0259n \u201cGolden Time Talent\u201d m\u00fcsabiq\u0259sin\u0259 g\u00f6nd\u0259rdiyi simfonik orkestr \u00fc\u00e7\u00fcn \u201cSumela\u201d poemas\u0131na g\u00f6r\u0259 I yer\u0259 layiq g\u00f6r\u00fcl\u0259r\u0259k diplom v\u0259 sertifikatla t\u0259ltif olunub.<\/p><\/blockquote>\n<p><a href=\"https:\/\/infonews.az\/?p=48927\"><span style=\"color: #000080\"><strong>&#8220;\u0130NFONEWS&#8221;<\/strong><\/span><\/a> birdirir ki, bu bar\u0259d\u0259 AZ\u018fRTAC-a b\u0259st\u0259kar\u0131n \u00f6z\u00fc m\u0259lumat verib.<\/p>\n<p>Lal\u0259 C\u0259f\u0259rova \u015e\u0259rq al\u0259mind\u0259 Az\u0259rbaycan\u0131n ikip\u0259rd\u0259li balet yazan ilk qad\u0131n b\u0259st\u0259kar\u0131d\u0131r. O, \u00dczeyir Hac\u0131b\u0259yli ad\u0131na Bak\u0131 Musiqi Akademiyas\u0131n\u0131 (BMA) \u0259vv\u0259lc\u0259 fortepiano ixtisas\u0131 \u00fczr\u0259 bitirib, B\u0259st\u0259karl\u0131q fak\u00fclt\u0259sind\u0259 t\u0259hsil al\u0131b v\u0259 bu sah\u0259 \u00fczr\u0259 aspiranturan\u0131 da bitirib. 1992-ci ild\u0259n BMA-da m\u00fc\u0259llim kimi \u0259m\u0259k f\u0259aliyy\u0259tin\u0259 ba\u015flay\u0131b. Haz\u0131rda BMA-n\u0131n professoru, s\u0259n\u0259t\u015f\u00fcnasl\u0131q \u00fczr\u0259 f\u0259ls\u0259f\u0259 doktoru, \u018fm\u0259kdar m\u00fc\u0259llimdir.<\/p>\n<p>Lal\u0259 C\u0259f\u0259rova 1999-cu ild\u0259n Az\u0259rbaycan B\u0259st\u0259karlar \u0130ttifaq\u0131n\u0131n \u00fczv\u00fcd\u00fcr. 2001-ci ild\u0259 B\u0259st\u0259karlar \u0130ttifaq\u0131n\u0131n, G\u0259ncl\u0259r v\u0259 \u0130dman Nazirliyinin t\u0259qdimat\u0131 il\u0259 simfonik \u0259s\u0259r nominasiyas\u0131 \u00fczr\u0259 \u201c\u0130lin \u0259n yax\u015f\u0131 b\u0259st\u0259kar\u0131\u201d m\u00fckafat\u0131na layiq g\u00f6r\u00fcl\u00fcb. 2002-ci ild\u0259 \u201cAz\u0259rbaycan S\u0259rh\u0259d Qo\u015funlar\u0131 bu g\u00fcn\u201d m\u00fcsabiq\u0259sin\u0259 t\u0259qdim etdiyi solist, n\u0259f\u0259s al\u0259tl\u0259ri orkestri v\u0259 xor \u00fc\u00e7\u00fcn \u201cS\u0259rh\u0259d\u00e7i\u201d mar\u015f\u0131na g\u00f6r\u0259 diplom v\u0259 m\u00fckafata layiq g\u00f6r\u00fcl\u00fcb.<\/p>\n<p>O, simfoniya, fortepiano v\u0259 simfonik orkestr \u00fc\u00e7\u00fcn konsertl\u0259rin, kamera, instrumental v\u0259 vokal, caz \u0259s\u0259rl\u0259rinin, mar\u015flar\u0131n v\u0259 mahn\u0131lar\u0131n, ikip\u0259rd\u0259li \u201cBir X\u0259z\u0259r \u0259fsan\u0259si\u201d baletinin, b\u0259dii-s\u0259n\u0259dli film musiqisinin, 9 d\u0259rs v\u0259saitinin, bir s\u0131ra elmi m\u0259qal\u0259l\u0259rin m\u00fc\u0259llifidir.<\/p>\n<p>\u201cBir X\u0259z\u0259r \u0259fsan\u0259si\u201d baletinin premyeras\u0131ndan sonra (2022) may-iyun ay\u0131nda \u201cBaku\u201d jurnal\u0131nda Lal\u0259 C\u0259f\u0259rovan\u0131n yarad\u0131c\u0131l\u0131\u011f\u0131 haqq\u0131nda geni\u015f m\u0259qal\u0259 d\u0259rc edilib (Anna Qordeeva).<\/p>\n<p>2018-ci ild\u0259 \u00dcmummilli Lider Heyd\u0259r \u018fliyevin 95 illik yubileyi m\u00fcnasib\u0259til\u0259 \u201c\u018fb\u0259diya\u015far Heyd\u0259r\u201d romans\u0131n\u0131n m\u00fc\u0259llifidir. 2021-ci il noyabr\u0131n 2-d\u0259 Heyd\u0259r \u018fliyev Saray\u0131nda Z\u0259f\u0259r G\u00fcn\u00fcn\u0259 h\u0259sr olunmu\u015f \u201cQaraba\u011f Az\u0259rbaycand\u0131r\u201d konsertind\u0259 L.C\u0259f\u0259rovan\u0131n \u201cZ\u0259f\u0259r mar\u015f\u0131\u201d Az\u0259rbaycan D\u00f6vl\u0259t Simfonik Orkestri, Xor Kapellas\u0131 v\u0259 solistin ifas\u0131nda u\u011furla s\u0259sl\u0259nib. 2023-c\u00fc il noyabr\u0131n 11-d\u0259 Az\u0259rbaycan Akademik D\u00f6vl\u0259t Filarmoniyas\u0131nda Heyd\u0259r \u018fliyevin 100 illiyin\u0259 h\u0259sr olunmu\u015f konsertd\u0259 musiqisi Lal\u0259 C\u0259f\u0259rovaya, s\u00f6zl\u0259ri Leyla \u018fliyeva m\u0259xsus olan \u201cSku\u00e7ayu\u201d (Dar\u0131x\u0131ram) romans\u0131 s\u0259sl\u0259ndirilib.<\/p>\n<p>Lal\u0259 C\u0259f\u0259rova xalq mahn\u0131lar\u0131n\u0131n v\u0259 bir s\u0131ra b\u0259st\u0259karlar\u0131n \u0259s\u0259rl\u0259rini, bunlardan F.\u015eopen, Q.Qarayevin, \u018f.Mustafazad\u0259nin \u0259s\u0259rl\u0259rinin i\u015fl\u0259m\u0259sinin m\u00fc\u0259llifidir. 2023-c\u00fc ild\u0259 \u00dczeyir Hac\u0131b\u0259ylinin \u201cO olmas\u0131n, bu olsun\u201d musiqili komediyas\u0131ndan bir ne\u00e7\u0259 musiqi n\u00f6mr\u0259sinin fortepiano \u00fc\u00e7\u00fcn i\u015fl\u0259m\u0259si AB\u015e-da n\u0259\u015fr olunub. Lal\u0259 C\u0259f\u0259rovan\u0131n \u0259s\u0259rl\u0259ri Az\u0259rbaycan\u0131n m\u00fcxt\u0259lif s\u0259hn\u0259l\u0259rind\u0259, AB\u015e v\u0259 Avropa \u00f6lk\u0259l\u0259rind\u0259 b\u00f6y\u00fck u\u011furla s\u0259sl\u0259nir.<\/p>\n<p>B\u0259st\u0259kar\u0131n \u0259s\u0259rl\u0259ri bir s\u0131ra dissertasiyalar\u0131n m\u00f6vzusu olub. Onun yarad\u0131c\u0131l\u0131\u011f\u0131 Az\u0259rbaycanda v\u0259 xaricd\u0259 bir \u00e7ox q\u0259zet v\u0259 jurnallarda i\u015f\u0131qland\u0131r\u0131l\u0131r.<\/p>\n<p><img loading=\"lazy\" decoding=\"async\" class=\"aligncenter size-full wp-image-48929\" src=\"https:\/\/infonews.az\/wp-content\/uploads\/2025\/09\/17585283771500446006_1200x630.jpg\" alt=\"\" width=\"913\" height=\"630\" srcset=\"https:\/\/infonews.az\/wp-content\/uploads\/2025\/09\/17585283771500446006_1200x630.jpg 913w, https:\/\/infonews.az\/wp-content\/uploads\/2025\/09\/17585283771500446006_1200x630-300x207.jpg 300w, https:\/\/infonews.az\/wp-content\/uploads\/2025\/09\/17585283771500446006_1200x630-768x530.jpg 768w\" sizes=\"(max-width: 913px) 100vw, 913px\" \/><\/p>\n<p><img loading=\"lazy\" decoding=\"async\" class=\"aligncenter size-full wp-image-48930\" src=\"https:\/\/infonews.az\/wp-content\/uploads\/2025\/09\/17585283772066955579_1200x630.jpg\" alt=\"\" width=\"446\" height=\"630\" srcset=\"https:\/\/infonews.az\/wp-content\/uploads\/2025\/09\/17585283772066955579_1200x630.jpg 446w, https:\/\/infonews.az\/wp-content\/uploads\/2025\/09\/17585283772066955579_1200x630-212x300.jpg 212w\" sizes=\"(max-width: 446px) 100vw, 446px\" \/><\/p>\n<p><img loading=\"lazy\" decoding=\"async\" class=\"aligncenter size-full wp-image-48931\" src=\"https:\/\/infonews.az\/wp-content\/uploads\/2025\/09\/17585283772753518737_1200x630.jpg\" alt=\"\" width=\"427\" height=\"630\" srcset=\"https:\/\/infonews.az\/wp-content\/uploads\/2025\/09\/17585283772753518737_1200x630.jpg 427w, https:\/\/infonews.az\/wp-content\/uploads\/2025\/09\/17585283772753518737_1200x630-203x300.jpg 203w\" sizes=\"(max-width: 427px) 100vw, 427px\" \/><\/p>\n","protected":false},"excerpt":{"rendered":"<p>Az\u0259rbaycanl\u0131 b\u0259st\u0259kar Londonda m\u00fcsabiq\u0259d\u0259 birinci yer\u0259 layiq g\u00f6r\u00fcl\u00fcb B\u0259st\u0259kar Lal\u0259 C\u0259f\u0259rova Londonda ke\u00e7iril\u0259n \u201cGolden Time Talent\u201d m\u00fcsabiq\u0259sin\u0259 g\u00f6nd\u0259rdiyi simfonik orkestr \u00fc\u00e7\u00fcn \u201cSumela\u201d poemas\u0131na g\u00f6r\u0259 I yer\u0259 layiq g\u00f6r\u00fcl\u0259r\u0259k diplom v\u0259&hellip; <\/p>\n","protected":false},"author":14,"featured_media":48928,"comment_status":"open","ping_status":"open","sticky":false,"template":"","format":"standard","meta":{"_mi_skip_tracking":false,"_monsterinsights_sitenote_active":false,"_monsterinsights_sitenote_note":"","_monsterinsights_sitenote_category":0,"footnotes":""},"categories":[9,4,10,11],"tags":[14859,14860,14858,15,11102],"aioseo_notices":[],"_links":{"self":[{"href":"https:\/\/infonews.az\/index.php?rest_route=\/wp\/v2\/posts\/48927"}],"collection":[{"href":"https:\/\/infonews.az\/index.php?rest_route=\/wp\/v2\/posts"}],"about":[{"href":"https:\/\/infonews.az\/index.php?rest_route=\/wp\/v2\/types\/post"}],"author":[{"embeddable":true,"href":"https:\/\/infonews.az\/index.php?rest_route=\/wp\/v2\/users\/14"}],"replies":[{"embeddable":true,"href":"https:\/\/infonews.az\/index.php?rest_route=%2Fwp%2Fv2%2Fcomments&post=48927"}],"version-history":[{"count":1,"href":"https:\/\/infonews.az\/index.php?rest_route=\/wp\/v2\/posts\/48927\/revisions"}],"predecessor-version":[{"id":48932,"href":"https:\/\/infonews.az\/index.php?rest_route=\/wp\/v2\/posts\/48927\/revisions\/48932"}],"wp:featuredmedia":[{"embeddable":true,"href":"https:\/\/infonews.az\/index.php?rest_route=\/wp\/v2\/media\/48928"}],"wp:attachment":[{"href":"https:\/\/infonews.az\/index.php?rest_route=%2Fwp%2Fv2%2Fmedia&parent=48927"}],"wp:term":[{"taxonomy":"category","embeddable":true,"href":"https:\/\/infonews.az\/index.php?rest_route=%2Fwp%2Fv2%2Fcategories&post=48927"},{"taxonomy":"post_tag","embeddable":true,"href":"https:\/\/infonews.az\/index.php?rest_route=%2Fwp%2Fv2%2Ftags&post=48927"}],"curies":[{"name":"wp","href":"https:\/\/api.w.org\/{rel}","templated":true}]}}