{"id":48955,"date":"2025-09-23T13:16:35","date_gmt":"2025-09-23T09:16:35","guid":{"rendered":"https:\/\/infonews.az\/?p=48955"},"modified":"2025-09-23T13:17:06","modified_gmt":"2025-09-23T09:17:06","slug":"tibb-mu%c9%99ssis%c9%99l%c9%99ri-beyn%c9%99lxalq-akkreditasiya-almalidir-nazir","status":"publish","type":"post","link":"https:\/\/infonews.az\/?p=48955","title":{"rendered":"&#8220;Tibb m\u00fc\u0259ssis\u0259l\u0259ri beyn\u0259lxalq akkreditasiya almal\u0131d\u0131r&#8221;- Nazir"},"content":{"rendered":"<p><span style=\"color: #ffffff\">&#8220;Tibb m\u00fc\u0259ssis\u0259l\u0259ri beyn\u0259lxalq akkreditasiya almal\u0131d\u0131r&#8221;- Nazir<\/span><\/p>\n<blockquote><p><strong>\u201cTibb m\u00fc\u0259ssis\u0259l\u0259ri beyn\u0259lxalq akkreditasiya almal\u0131d\u0131r\u201d<\/strong><\/p><\/blockquote>\n<p><a href=\"https:\/\/infonews.az\/?p=48955\"><span style=\"color: #000080\"><strong>&#8220;\u0130NFONEWS&#8221;<\/strong><\/span><\/a>\u00a0x\u0259b\u0259r verir ki, bu s\u00f6zl\u0259ri s\u0259hiyy\u0259 naziri Teymur Musayev Birinci Az\u0259rbaycan Beyn\u0259lxalq \u0130nvestisiya Forumu \u00e7\u0259r\u00e7iv\u0259sind\u0259 ke\u00e7iril\u0259n panel sessiyada deyib.<\/p>\n<p>\u201cB\u00fct\u00fcn tibb m\u00fc\u0259ssis\u0259l\u0259rinin JCI, ISQUA kimi beyn\u0259lxalq tan\u0131nm\u0131\u015f t\u0259\u015fkilatlar t\u0259r\u0259find\u0259n akkreditasiyaya al\u0131nmas\u0131n\u0131 m\u0259q\u0259s\u0259d\u0259uy\u011fun hesab edirik. Bu, g\u00f6st\u0259ril\u0259n tibbi xidm\u0259tl\u0259rin \u0259n y\u00fcks\u0259k standartlar\u0131n\u0131n s\u00fcbutu, h\u0259m d\u0259 layih\u0259nin davaml\u0131l\u0131\u011f\u0131n\u0131 v\u0259 r\u0259qab\u0259t qabiliyy\u0259tinin z\u0259man\u0259tidir\u201d, &#8211; dey\u0259 Teymur Musayev \u0259lav\u0259 edib.<\/p>\n<p>Nazir bildirib ki, bu t\u0259dbir \u201cSea Breeze Health Valley\u201d-i beyn\u0259lxalq s\u0259viyy\u0259d\u0259 tan\u0131td\u0131racaq. Onu yerli v\u0259 xarici pasiyentl\u0259r \u00fc\u00e7\u00fcn etibarl\u0131 m\u0259kana \u00e7evir\u0259c\u0259k.<\/p>\n","protected":false},"excerpt":{"rendered":"<p>&#8220;Tibb m\u00fc\u0259ssis\u0259l\u0259ri beyn\u0259lxalq akkreditasiya almal\u0131d\u0131r&#8221;- Nazir \u201cTibb m\u00fc\u0259ssis\u0259l\u0259ri beyn\u0259lxalq akkreditasiya almal\u0131d\u0131r\u201d &#8220;\u0130NFONEWS&#8221;\u00a0x\u0259b\u0259r verir ki, bu s\u00f6zl\u0259ri s\u0259hiyy\u0259 naziri Teymur Musayev Birinci Az\u0259rbaycan Beyn\u0259lxalq \u0130nvestisiya Forumu \u00e7\u0259r\u00e7iv\u0259sind\u0259 ke\u00e7iril\u0259n panel sessiyada deyib.&hellip; <\/p>\n","protected":false},"author":14,"featured_media":48956,"comment_status":"open","ping_status":"open","sticky":false,"template":"","format":"standard","meta":{"_mi_skip_tracking":false,"_monsterinsights_sitenote_active":false,"_monsterinsights_sitenote_note":"","_monsterinsights_sitenote_category":0,"footnotes":""},"categories":[699,11],"tags":[14872,14871,15,4277],"aioseo_notices":[],"_links":{"self":[{"href":"https:\/\/infonews.az\/index.php?rest_route=\/wp\/v2\/posts\/48955"}],"collection":[{"href":"https:\/\/infonews.az\/index.php?rest_route=\/wp\/v2\/posts"}],"about":[{"href":"https:\/\/infonews.az\/index.php?rest_route=\/wp\/v2\/types\/post"}],"author":[{"embeddable":true,"href":"https:\/\/infonews.az\/index.php?rest_route=\/wp\/v2\/users\/14"}],"replies":[{"embeddable":true,"href":"https:\/\/infonews.az\/index.php?rest_route=%2Fwp%2Fv2%2Fcomments&post=48955"}],"version-history":[{"count":1,"href":"https:\/\/infonews.az\/index.php?rest_route=\/wp\/v2\/posts\/48955\/revisions"}],"predecessor-version":[{"id":48957,"href":"https:\/\/infonews.az\/index.php?rest_route=\/wp\/v2\/posts\/48955\/revisions\/48957"}],"wp:featuredmedia":[{"embeddable":true,"href":"https:\/\/infonews.az\/index.php?rest_route=\/wp\/v2\/media\/48956"}],"wp:attachment":[{"href":"https:\/\/infonews.az\/index.php?rest_route=%2Fwp%2Fv2%2Fmedia&parent=48955"}],"wp:term":[{"taxonomy":"category","embeddable":true,"href":"https:\/\/infonews.az\/index.php?rest_route=%2Fwp%2Fv2%2Fcategories&post=48955"},{"taxonomy":"post_tag","embeddable":true,"href":"https:\/\/infonews.az\/index.php?rest_route=%2Fwp%2Fv2%2Ftags&post=48955"}],"curies":[{"name":"wp","href":"https:\/\/api.w.org\/{rel}","templated":true}]}}