{"id":48997,"date":"2025-09-28T09:03:25","date_gmt":"2025-09-28T05:03:25","guid":{"rendered":"https:\/\/infonews.az\/?p=48997"},"modified":"2025-09-29T09:12:47","modified_gmt":"2025-09-29T05:12:47","slug":"saglam-h%c9%99yat-t%c9%99rzi-alt-isci-qrupunun-ilk-iclasini-kecirib","status":"publish","type":"post","link":"https:\/\/infonews.az\/?p=48997","title":{"rendered":"\u201cSa\u011flam h\u0259yat t\u0259rzi\u201d Alt \u0130\u015f\u00e7i Qrupunun ilk iclas\u0131n\u0131 ke\u00e7irib"},"content":{"rendered":"<p><span style=\"color: #ffffff\">\u201cSa\u011flam h\u0259yat t\u0259rzi\u201d Alt \u0130\u015f\u00e7i Qrupunun ilk iclas\u0131n\u0131 ke\u00e7irib<\/span><\/p>\n<blockquote><p>\u201cAz\u0259rbaycan Respublikas\u0131n\u0131n 2027\u20132030-cu ill\u0259r \u00fc\u00e7\u00fcn sosial-iqtisadi inki\u015faf Strategiyas\u0131\u201dn\u0131n layih\u0259sinin haz\u0131rlanmas\u0131 \u00e7\u0259r\u00e7iv\u0259sind\u0259 Nax\u00e7\u0131van Muxtar Respublikas\u0131 \u00fczr\u0259 yarad\u0131lm\u0131\u015f \u201cSa\u011flam h\u0259yat t\u0259rzi\u201d Alt \u0130\u015f\u00e7i Qrupunun ilk iclas\u0131 ke\u00e7irilmi\u015fdir.<\/p><\/blockquote>\n<p><a href=\"https:\/\/infonews.az\/?p=48997\"><strong><span style=\"color: #000080\">&#8220;\u0130NFONEWS&#8221;<\/span><\/strong><\/a> x\u0259b\u0259r verir ki, Alt \u0130\u015f\u00e7i Qrupu Nax\u00e7\u0131van Muxtar Respublikas\u0131 Nazirl\u0259r Kabinetinin tap\u015f\u0131r\u0131\u011f\u0131na \u0259sas\u0259n yarad\u0131lm\u0131\u015f, qrupun r\u0259hb\u0259ri v\u0259zif\u0259si Nax\u00e7\u0131van Muxtar Respublikas\u0131n\u0131n s\u0259hiyy\u0259 naziri c\u0259nab Samiq Sad\u0131xova h\u0259val\u0259 edilmi\u015fdir. \u0130lk iclas Nax\u00e7\u0131van Muxtar Respublikas\u0131 S\u0259hiyy\u0259 Nazirliyind\u0259 ba\u015f tutmu\u015fdur.<\/p>\n<p>\u0130clasda Nax\u00e7\u0131van Muxtar Respublikas\u0131 \u0259m\u0259k v\u0259 \u0259halinin sosial m\u00fcdafi\u0259si nazirinin m\u00fcavini, Nax\u00e7\u0131van Muxtar Respublikas\u0131 Nazirl\u0259r Kabineti Aparat\u0131n\u0131n n\u00fcmay\u0259nd\u0259si, Nax\u00e7\u0131van Muxtar Respublikas\u0131 ekologiya v\u0259 t\u0259bii s\u0259rv\u0259tl\u0259r, Nax\u00e7\u0131van Muxtar Respublikas\u0131 maliyy\u0259 nazirinin m\u00fcavini, Nax\u00e7\u0131van Muxtar Respublikas\u0131 iqtisadiyyat nazirinin m\u00fcavini i\u015ftirak edibl\u0259r.<br \/>\nT\u0259dbiri giri\u015f s\u00f6z\u00fc il\u0259 a\u00e7an Nax\u00e7\u0131van Muxtar Respublikas\u0131n\u0131n s\u0259hiyy\u0259 naziri sa\u011flam h\u0259yat t\u0259rzinin t\u0259\u015fviqi sah\u0259sind\u0259 at\u0131lan add\u0131mlar, \u0259halinin sa\u011flaml\u0131\u011f\u0131n\u0131n qorunmas\u0131 v\u0259 profilaktik t\u0259dbirl\u0259rin \u0259h\u0259miyy\u0259ti bar\u0259d\u0259 geni\u015f m\u0259lumat verib. Bildirilib ki, Muxtar Respublikada h\u0259yata ke\u00e7iril\u0259n m\u0259qs\u0259dy\u00f6nl\u00fc siyas\u0259t n\u0259tic\u0259sind\u0259 v\u0259t\u0259nda\u015flar\u0131n rifah hal\u0131n\u0131n yax\u015f\u0131la\u015fd\u0131r\u0131lmas\u0131, sa\u011flam h\u0259yat t\u0259rzinin t\u0259\u015fviqi v\u0259 ictimai s\u0259hiyy\u0259nin g\u00fccl\u0259ndirilm\u0259si istiqam\u0259tind\u0259 m\u00fch\u00fcm n\u0259tic\u0259l\u0259r \u0259ld\u0259 olunub.<br \/>\n\u0130clas zaman\u0131 sa\u011flam h\u0259yat t\u0259rzinin t\u0259\u015fviqin\u0259 y\u00f6n\u0259lmi\u015f bir s\u0131ra m\u00fch\u00fcm m\u0259s\u0259l\u0259l\u0259r m\u00fczakir\u0259 olunub. Qeyd edilib ki, \u0259halinin keyfiyy\u0259tli v\u0259 t\u0259hl\u00fck\u0259siz i\u00e7m\u0259li su il\u0259 t\u0259min olunmas\u0131, t\u0259miz havan\u0131n insan sa\u011flaml\u0131\u011f\u0131na t\u0259siri, d\u00fczg\u00fcn v\u0259 balansla\u015fd\u0131r\u0131lm\u0131\u015f qidalanman\u0131n fiziki v\u0259 intellektual inki\u015fafa rolu, erk\u0259n ya\u015flardan fiziki aktivliyin t\u0259\u015fviqi v\u0259 t\u0259hsil m\u00fc\u0259ssis\u0259l\u0259rind\u0259 idman d\u0259rsl\u0259rinin keyfiyy\u0259tinin art\u0131r\u0131lmas\u0131, el\u0259c\u0259 d\u0259 ilkin tibbi-sanitariya xidm\u0259tl\u0259rinin \u0259l\u00e7atanl\u0131\u011f\u0131n\u0131n geni\u015fl\u0259ndirilm\u0259si \u0259halinin sa\u011flaml\u0131\u011f\u0131n\u0131n qorunmas\u0131nda m\u00fch\u00fcm rol oynay\u0131r.<br \/>\n\u00c7\u0131x\u0131\u015f ed\u0259n i\u015ftirak\u00e7\u0131lar m\u00fcxt\u0259lif sah\u0259l\u0259r \u00fczr\u0259 g\u00f6r\u00fcl\u0259n i\u015fl\u0259r, m\u00f6vcud \u00e7a\u011f\u0131r\u0131\u015flar v\u0259 g\u0259l\u0259c\u0259kd\u0259 h\u0259yata ke\u00e7irilm\u0259si n\u0259z\u0259rd\u0259 tutulan t\u0259dbirl\u0259r bar\u0259d\u0259 m\u0259lumat veribl\u0259r. Qurumlararas\u0131 \u0259m\u0259kda\u015fl\u0131\u011f\u0131n g\u00fccl\u0259ndirilm\u0259si v\u0259 koordinasiyal\u0131 f\u0259aliyy\u0259tin vacibliyi x\u00fcsusi vur\u011fulan\u0131b.<br \/>\n\u0130clas\u0131n sonunda birg\u0259 f\u0259aliyy\u0259tin davam etdirilm\u0259si, qar\u015f\u0131da duran v\u0259zif\u0259l\u0259r v\u0259 icra mexanizml\u0259ri il\u0259 ba\u011fl\u0131 t\u0259klifl\u0259r s\u0259sl\u0259ndirilib v\u0259 m\u00fcvafiq t\u00f6vsiy\u0259l\u0259r ir\u0259li s\u00fcr\u00fcl\u00fcb.<\/p>\n","protected":false},"excerpt":{"rendered":"<p>\u201cSa\u011flam h\u0259yat t\u0259rzi\u201d Alt \u0130\u015f\u00e7i Qrupunun ilk iclas\u0131n\u0131 ke\u00e7irib \u201cAz\u0259rbaycan Respublikas\u0131n\u0131n 2027\u20132030-cu ill\u0259r \u00fc\u00e7\u00fcn sosial-iqtisadi inki\u015faf Strategiyas\u0131\u201dn\u0131n layih\u0259sinin haz\u0131rlanmas\u0131 \u00e7\u0259r\u00e7iv\u0259sind\u0259 Nax\u00e7\u0131van Muxtar Respublikas\u0131 \u00fczr\u0259 yarad\u0131lm\u0131\u015f \u201cSa\u011flam h\u0259yat t\u0259rzi\u201d Alt \u0130\u015f\u00e7i&hellip; <\/p>\n","protected":false},"author":14,"featured_media":48998,"comment_status":"open","ping_status":"open","sticky":false,"template":"","format":"standard","meta":{"_mi_skip_tracking":false,"_monsterinsights_sitenote_active":false,"_monsterinsights_sitenote_note":"","_monsterinsights_sitenote_category":0,"footnotes":""},"categories":[4,699,11],"tags":[14878,15,14471,14637],"aioseo_notices":[],"_links":{"self":[{"href":"https:\/\/infonews.az\/index.php?rest_route=\/wp\/v2\/posts\/48997"}],"collection":[{"href":"https:\/\/infonews.az\/index.php?rest_route=\/wp\/v2\/posts"}],"about":[{"href":"https:\/\/infonews.az\/index.php?rest_route=\/wp\/v2\/types\/post"}],"author":[{"embeddable":true,"href":"https:\/\/infonews.az\/index.php?rest_route=\/wp\/v2\/users\/14"}],"replies":[{"embeddable":true,"href":"https:\/\/infonews.az\/index.php?rest_route=%2Fwp%2Fv2%2Fcomments&post=48997"}],"version-history":[{"count":1,"href":"https:\/\/infonews.az\/index.php?rest_route=\/wp\/v2\/posts\/48997\/revisions"}],"predecessor-version":[{"id":48999,"href":"https:\/\/infonews.az\/index.php?rest_route=\/wp\/v2\/posts\/48997\/revisions\/48999"}],"wp:featuredmedia":[{"embeddable":true,"href":"https:\/\/infonews.az\/index.php?rest_route=\/wp\/v2\/media\/48998"}],"wp:attachment":[{"href":"https:\/\/infonews.az\/index.php?rest_route=%2Fwp%2Fv2%2Fmedia&parent=48997"}],"wp:term":[{"taxonomy":"category","embeddable":true,"href":"https:\/\/infonews.az\/index.php?rest_route=%2Fwp%2Fv2%2Fcategories&post=48997"},{"taxonomy":"post_tag","embeddable":true,"href":"https:\/\/infonews.az\/index.php?rest_route=%2Fwp%2Fv2%2Ftags&post=48997"}],"curies":[{"name":"wp","href":"https:\/\/api.w.org\/{rel}","templated":true}]}}