{"id":49067,"date":"2025-09-30T15:50:46","date_gmt":"2025-09-30T11:50:46","guid":{"rendered":"https:\/\/infonews.az\/?p=49067"},"modified":"2025-09-30T15:50:46","modified_gmt":"2025-09-30T11:50:46","slug":"iqbal-agazad%c9%99-sosial-media-hesabinda-cabir-imanovla-bagli-paylasim-etdi","status":"publish","type":"post","link":"https:\/\/infonews.az\/?p=49067","title":{"rendered":"\u0130qbal A\u011fazad\u0259 sosial media hesab\u0131nda Cabir \u0130manovla ba\u011fl\u0131 payla\u015f\u0131m etdi"},"content":{"rendered":"<p><span style=\"color: #ffffff\">\u0130qbal A\u011fazad\u0259 sosial media hesab\u0131nda Cabir \u0130manovla ba\u011fl\u0131 payla\u015f\u0131m etdi<\/span><\/p>\n<div class=\"xdj266r x14z9mp xat24cr x1lziwak x1vvkbs x126k92a\">\n<div dir=\"auto\">\u00dcmid Partiyas\u0131n\u0131n s\u0259dri \u0130qbal A\u011fazad\u0259 sosial media hesab\u0131nda Cabir \u0130manovla ba\u011fl\u0131 payla\u015f\u0131m edib. Payla\u015f\u0131m\u0131nda ill\u0259r \u0259vv\u0259l Cabir \u0130manov haqda etdiyi \u00e7\u0131x\u0131\u015f\u0131n\u0131n yenid\u0259n g\u00fcnd\u0259m\u0259 g\u0259lm\u0259sind\u0259n narahatl\u0131\u011f\u0131n\u0131 bildirib.<\/div>\n<div dir=\"auto\"><\/div>\n<div dir=\"auto\"><a href=\"https:\/\/infonews.az\/?p=49067\"><span style=\"color: #000080\"><strong>&#8220;\u0130NFONEWS&#8221;<\/strong><\/span><\/a> x\u0259b\u0259r verir ki, \u0130qbal A\u011fazad\u0259 payla\u015f\u0131m\u0131nda qeyd edib:<\/div>\n<\/div>\n<div class=\"x14z9mp xat24cr x1lziwak x1vvkbs xtlvy1s x126k92a\">\n<div dir=\"auto\">\u201cBu g\u00fcn \u0259m\u0259kdar artist, istedadl\u0131 aktyor Cabir \u0130manov vaxts\u0131z d\u00fcnyas\u0131n\u0131 d\u0259yi\u015fdi. Ail\u0259sin\u0259, yax\u0131nlar\u0131na, onu sev\u0259nl\u0259r\u0259 d\u0259rin h\u00fcznl\u0259 ba\u015fsa\u011fl\u0131\u011f\u0131 verir\u0259m, q\u0259bri nurla dolsun, Allah r\u0259hm\u0259t etsin.<\/div>\n<\/div>\n<div class=\"x14z9mp xat24cr x1lziwak x1vvkbs xtlvy1s x126k92a\">\n<div dir=\"auto\">2018-ci ild\u0259 m\u0259rhum Cabir \u0130manov haqq\u0131nda bir \u00e7\u0131x\u0131\u015f\u0131m var, \u00e7ox t\u0259\u0259ss\u00fcf ki, o \u00e7\u0131x\u0131\u015f\u0131 bu g\u00fcn yenid\u0259n sosial \u015f\u0259b\u0259k\u0259 istifad\u0259\u00e7il\u0259ri israrla payla\u015f\u0131rlar. Olanlar ac\u0131 bir tarixdir, lakin g\u0259nc ya\u015f\u0131nda d\u00fcnyas\u0131n\u0131 d\u0259yi\u015fmi\u015f istedadl\u0131 aktyorun \u00f6l\u00fcm g\u00fcn\u00fc bel\u0259 hadis\u0259l\u0259ri xat\u0131rlatmaq, m\u0259nc\u0259, m\u0259qs\u0259d\u0259uy\u011fun v\u0259 etik deyil.<\/div>\n<\/div>\n<div class=\"x14z9mp xat24cr x1lziwak x1vvkbs xtlvy1s x126k92a\">\n<div dir=\"auto\">Allah Cabir \u0130manova r\u0259hm\u0259t el\u0259sin!<\/div>\n<\/div>\n<div class=\"x14z9mp xat24cr x1lziwak x1vvkbs xtlvy1s x126k92a\">\n<div dir=\"auto\">P.S. M\u0259n he\u00e7 zaman v\u0259zif\u0259d\u0259n \u00e7\u0131xar\u0131lan kimins\u0259 arxas\u0131nca dan\u0131\u015fmam\u0131\u015fam, kresloda olark\u0259n irad v\u0259 t\u0259nqidl\u0259rimi a\u00e7\u0131q bildirmi\u015f\u0259m.<\/div>\n<\/div>\n<div class=\"x14z9mp xat24cr x1lziwak x1vvkbs xtlvy1s x126k92a\">\n<div dir=\"auto\">D\u00fcnyas\u0131n\u0131 d\u0259yi\u015f\u0259nl\u0259r\u0259 is\u0259 yaln\u0131z r\u0259hm\u0259t dil\u0259yir\u0259m, n\u0259inki \u00f6l\u00fcm\u00fcnd\u0259n sonra n\u0259s\u0259 dan\u0131\u015fmaq\u2026\u201d<\/div>\n<\/div>\n<div class=\"x14z9mp xat24cr x1lziwak x1vvkbs xtlvy1s x126k92a\">\n<div dir=\"auto\">Xat\u0131rladaq ki, \u0259m\u0259kdar artist 29 sentyabrda 49 ya\u015f\u0131nda infarkdan d\u00fcnyas\u0131n\u0131 d\u0259yi\u015fib. Onun v\u0259fat etm\u0259sinin ard\u0131ndan sosial \u015f\u0259b\u0259k\u0259l\u0259rd\u0259 C.\u0130manovun 22 il \u0259vv\u0259lki aksiyalarda insanlara qar\u015f\u0131 zorak\u0131l\u0131q etm\u0259si bar\u0259d\u0259 \u015fahid ifad\u0259l\u0259ri v\u0259 kadrlar yay\u0131l\u0131b.<\/div>\n<\/div>\n","protected":false},"excerpt":{"rendered":"<p>\u0130qbal A\u011fazad\u0259 sosial media hesab\u0131nda Cabir \u0130manovla ba\u011fl\u0131 payla\u015f\u0131m etdi \u00dcmid Partiyas\u0131n\u0131n s\u0259dri \u0130qbal A\u011fazad\u0259 sosial media hesab\u0131nda Cabir \u0130manovla ba\u011fl\u0131 payla\u015f\u0131m edib. Payla\u015f\u0131m\u0131nda ill\u0259r \u0259vv\u0259l Cabir \u0130manov haqda etdiyi&hellip; <\/p>\n","protected":false},"author":14,"featured_media":49068,"comment_status":"open","ping_status":"open","sticky":false,"template":"","format":"standard","meta":{"_mi_skip_tracking":false,"_monsterinsights_sitenote_active":false,"_monsterinsights_sitenote_note":"","_monsterinsights_sitenote_category":0,"footnotes":""},"categories":[5373,4,4499,11,7],"tags":[10115,14883,15,14893],"aioseo_notices":[],"_links":{"self":[{"href":"https:\/\/infonews.az\/index.php?rest_route=\/wp\/v2\/posts\/49067"}],"collection":[{"href":"https:\/\/infonews.az\/index.php?rest_route=\/wp\/v2\/posts"}],"about":[{"href":"https:\/\/infonews.az\/index.php?rest_route=\/wp\/v2\/types\/post"}],"author":[{"embeddable":true,"href":"https:\/\/infonews.az\/index.php?rest_route=\/wp\/v2\/users\/14"}],"replies":[{"embeddable":true,"href":"https:\/\/infonews.az\/index.php?rest_route=%2Fwp%2Fv2%2Fcomments&post=49067"}],"version-history":[{"count":1,"href":"https:\/\/infonews.az\/index.php?rest_route=\/wp\/v2\/posts\/49067\/revisions"}],"predecessor-version":[{"id":49069,"href":"https:\/\/infonews.az\/index.php?rest_route=\/wp\/v2\/posts\/49067\/revisions\/49069"}],"wp:featuredmedia":[{"embeddable":true,"href":"https:\/\/infonews.az\/index.php?rest_route=\/wp\/v2\/media\/49068"}],"wp:attachment":[{"href":"https:\/\/infonews.az\/index.php?rest_route=%2Fwp%2Fv2%2Fmedia&parent=49067"}],"wp:term":[{"taxonomy":"category","embeddable":true,"href":"https:\/\/infonews.az\/index.php?rest_route=%2Fwp%2Fv2%2Fcategories&post=49067"},{"taxonomy":"post_tag","embeddable":true,"href":"https:\/\/infonews.az\/index.php?rest_route=%2Fwp%2Fv2%2Ftags&post=49067"}],"curies":[{"name":"wp","href":"https:\/\/api.w.org\/{rel}","templated":true}]}}