{"id":49097,"date":"2025-10-07T07:07:15","date_gmt":"2025-10-07T03:07:15","guid":{"rendered":"https:\/\/infonews.az\/?p=49097"},"modified":"2025-10-07T09:27:35","modified_gmt":"2025-10-07T05:27:35","slug":"xi-baki-beyn%c9%99lxalq-kitab-s%c9%99rgisid%c9%99-bu-kitabin-t%c9%99qdimati-olub","status":"publish","type":"post","link":"https:\/\/infonews.az\/?p=49097","title":{"rendered":"XI Bak\u0131 Beyn\u0259lxalq Kitab S\u0259rgisid\u0259 bu kitab\u0131n t\u0259qdimat\u0131 olub"},"content":{"rendered":"<p><span style=\"color: #ffffff\">XI Bak\u0131 Beyn\u0259lxalq Kitab S\u0259rgisid\u0259 bu kitab\u0131n t\u0259qdimat\u0131 olub<\/span><\/p>\n<blockquote><p>XI Bak\u0131 Beyn\u0259lxalq Kitab S\u0259rgisi \u00e7\u0259r\u00e7iv\u0259sind\u0259 \u201cV\u0259t\u0259n m\u00fcharib\u0259sinin tarixi &#8211; Az\u0259rbaycan\u0131n \u0259razi b\u00fct\u00f6vl\u00fcy\u00fcn\u00fcn b\u0259rpas\u0131. \u015e\u0259xsiyy\u0259t faktoru\u201d kitab\u0131n\u0131n t\u0259qdimat\u0131 olub.<\/p><\/blockquote>\n<p><a href=\"https:\/\/infonews.az\/?p=49097\"><span style=\"color: #000080\"><strong>&#8220;\u0130NFONEWS&#8221;<\/strong><\/span><\/a> x\u0259b\u0259r verir ki, n\u0259\u015fr Bak\u0131 \u015e\u0259h\u0259r \u0130cra Hakimiyy\u0259ti, Az\u0259rbaycan Milli Elml\u0259r Akademiyas\u0131 v\u0259 Bak\u0131xanov ad\u0131na Tarix v\u0259 Etnologiya \u0130nstitutunun birg\u0259 layih\u0259sidir.<\/p>\n<p>Layih\u0259 r\u0259hb\u0259ri v\u0259 \u00f6n s\u00f6z m\u00fc\u0259llifi Eldar \u018fzizov, elmi redaktoru is\u0259 tarix elml\u0259ri doktoru, professor, D\u00f6vl\u0259t m\u00fckafat\u0131 laureat\u0131 K\u0259rim \u015e\u00fck\u00fcrovdur.<\/p>\n<p>T\u0259dbiri giri\u015f s\u00f6z\u00fc il\u0259 \u201c\u015e\u0259rq-Q\u0259rb\u201d n\u0259\u015friyyat\u0131n\u0131n ba\u015f redaktoru N\u0259rgiz Cabbarova a\u00e7\u0131b. O, \u00e7\u0131x\u0131\u015f\u0131nda qeyd edib ki, Az\u0259rbaycanda V\u0259t\u0259n m\u00fcharib\u0259si ba\u015fa \u00e7atd\u0131qdan sonra 44 g\u00fcnl\u00fck m\u00fcharib\u0259y\u0259 h\u0259sr olunmu\u015f ilk n\u0259\u015frl\u0259rd\u0259n biri \u201c\u015e\u0259rq-Q\u0259rb\u201d n\u0259\u015friyyat\u0131nda i\u015f\u0131q \u00fcz\u00fc g\u00f6r\u0259n v\u0259 d\u00fcnyan\u0131n on dilin\u0259 t\u0259rc\u00fcm\u0259 edilmi\u015f fundamental t\u0259dqiqat\u0131n birinci cildi olan \u201cV\u0259t\u0259n m\u00fcharib\u0259sinin tarixi. \u015e\u0259xsiyy\u0259t faktoru\u201d adl\u0131 kitab olub.<\/p>\n<p>\u201cBu g\u00fcn t\u0259qdim olunan ikinci cild yeni m\u0259rh\u0259l\u0259y\u0259 &#8211; qay\u0131d\u0131\u015f v\u0259 dir\u00e7\u0259li\u015f\u0259 h\u0259sr olunub. Kitab art\u0131q Az\u0259rbaycan v\u0259 rus dill\u0259rind\u0259 i\u015f\u0131q \u00fcz\u00fc g\u00f6r\u00fcb, yax\u0131n vaxtlarda is\u0259 ingilis dilind\u0259 d\u0259 t\u0259qdim edil\u0259c\u0259k\u201d, &#8211; dey\u0259 N.Cabbarova vur\u011fulay\u0131b.<\/p>\n<p>Sonra Bak\u0131 \u015e\u0259h\u0259r \u0130cra Hakimiyy\u0259tinin ba\u015f m\u0259sl\u0259h\u0259t\u00e7isi Mirtural Mirsultanov \u00e7\u0131x\u0131\u015f edib.<\/p>\n<p>O, vur\u011fulay\u0131b ki, kitab\u0131n ikinci cildi m\u00fcharib\u0259d\u0259n sonrak\u0131 d\u00f6vrd\u0259 &#8211; \u015fanl\u0131 q\u0259l\u0259b\u0259d\u0259n sonra ba\u015f ver\u0259n hadis\u0259l\u0259r\u0259 h\u0259sr olunub v\u0259 o d\u00f6vr\u00fcn \u0259n \u0259lam\u0259tdar m\u0259rh\u0259l\u0259l\u0259rinin t\u0259svirini ehtiva edir.<\/p>\n<p>\u201cKitabda antiterror \u0259m\u0259liyyat\u0131, b\u0259rpa i\u015fl\u0259ri, Xank\u0259ndi, Xocav\u0259nd, \u018fsg\u0259ran, A\u011fd\u0259r\u0259d\u0259 Az\u0259rbaycan D\u00f6vl\u0259t Bayra\u011f\u0131n\u0131n ucald\u0131lmas\u0131, el\u0259c\u0259 d\u0259 Xank\u0259ndid\u0259 ke\u00e7iril\u0259n h\u0259rbi parad kimi m\u00fch\u00fcm m\u0259qamlar i\u015f\u0131qland\u0131r\u0131l\u0131r\u201d, &#8211; dey\u0259 Mirsultanov bildirib.<\/p>\n<p>Onun s\u00f6zl\u0259rin\u0259 g\u00f6r\u0259, bu kitablar \u015fanl\u0131 q\u0259l\u0259b\u0259mizin v\u0259 ondan sonrak\u0131 nailiyy\u0259tl\u0259rin t\u0259hlilinin g\u0259l\u0259c\u0259k n\u0259sill\u0259r\u0259 \u00f6t\u00fcr\u00fclm\u0259sind\u0259 m\u00fch\u00fcm rol oynay\u0131r.<\/p>\n<p>Bundan \u0259lav\u0259, bu n\u0259\u015frl\u0259r V\u0259t\u0259n m\u00fcharib\u0259si il\u0259 ba\u011fl\u0131 h\u0259qiq\u0259tl\u0259rin t\u0259bli\u011fi v\u0259 beyn\u0259lxalq miqyasda t\u0259qdim edilm\u0259si m\u0259qs\u0259dil\u0259 Xarici \u0130\u015fl\u0259r Nazirliyinin v\u0259 Az\u0259rbaycan M\u0259rk\u0259zi Kitabxanas\u0131n\u0131n k\u00f6m\u0259yi il\u0259 b\u00fct\u00fcn d\u00fcnyada yay\u0131l\u0131r.<\/p>\n<p>N\u00f6vb\u0259ti \u00e7\u0131x\u0131\u015f ed\u0259n alim, Az\u0259rbaycan Milli Elml\u0259r Akademiyas\u0131n\u0131n Bak\u0131xanov ad\u0131na Tarix v\u0259 Etnologiya \u0130nstitutunun katibi, tarix \u00fczr\u0259 f\u0259ls\u0259f\u0259 doktoru B\u0259hman \u018fliyev 44 g\u00fcnl\u00fck V\u0259t\u0259n m\u00fcharib\u0259sind\u0259n sonra \u00e7oxsayl\u0131 kitablar\u0131n n\u0259\u015fr olundu\u011funu, t\u0259qdimatlar\u0131n ke\u00e7irildiyini qeyd edib.<\/p>\n<p>Onun s\u00f6zl\u0259rin\u0259 g\u00f6r\u0259, bu \u0259s\u0259r onlar\u0131n ham\u0131s\u0131n\u0131n aras\u0131nda x\u00fcsusi yer tutur. Burada h\u0259m hadis\u0259l\u0259rin xronologiyas\u0131, h\u0259m d\u0259 Az\u0259rbaycan \u0259razil\u0259rinin b\u0259rpas\u0131, \u015f\u0259xsiyy\u0259tin rolu v\u0259 d\u00f6vl\u0259t\u00e7ilik ideologiyas\u0131 m\u0259s\u0259l\u0259l\u0259rinin d\u0259rin elmi t\u0259hlili t\u0259qdim edilib.<\/p>\n<p>\u201c\u015e\u0259rq-Q\u0259rb\u201d n\u0259\u015friyyat\u0131n\u0131n direktoru Sevil \u0130smay\u0131lova \u00e7\u0131x\u0131\u015f\u0131nda \u201c\u015e\u0259rq-Q\u0259rb\u201d n\u0259\u015friyyat\u0131n\u0131n Az\u0259rbaycan\u0131 d\u00fcnyan\u0131n m\u00fcxt\u0259lif \u00f6lk\u0259l\u0259rind\u0259 ke\u00e7iril\u0259n beyn\u0259lxalq s\u0259rgil\u0259rd\u0259 f\u0259al \u015f\u0259kild\u0259 t\u0259msil etdiyini vur\u011fulay\u0131b.<\/p>\n<p>\u201cBu kitab\u0131n t\u0259qdimatlar\u0131 art\u0131q T\u00fcrkiy\u0259, \u0130taliya v\u0259 \u00c7ind\u0259 d\u00f6vl\u0259t s\u0259viyy\u0259sind\u0259 ke\u00e7irilib. Bu kitab art\u0131q geni\u015f yay\u0131l\u0131b \u2013 o, kitabxanalarda, s\u0259rgil\u0259rd\u0259 v\u0259 d\u00fcnyan\u0131n bir \u00e7ox \u015f\u0259h\u0259rl\u0259rind\u0259 n\u00fcmayi\u015f olunur\u201d, &#8211; dey\u0259 \u0130smay\u0131lova s\u00f6z\u00fcn\u00fc yekunla\u015fd\u0131r\u0131b.<\/p>\n<p>Qeyd ed\u0259k ki, birinci cild m\u00fcharib\u0259nin gedi\u015fi, Az\u0259rbaycan xalq\u0131n\u0131n ke\u00e7diyi yol v\u0259 s\u0131naqlar, ikinci cild is\u0259 qay\u0131d\u0131\u015f, b\u0259rpa, geni\u015fmiqyasl\u0131 quruculuq i\u015fl\u0259ri d\u00f6vr\u00fc haqq\u0131nda b\u0259hs edir.<\/p>\n<p>Kitabda Qaraba\u011f b\u00f6lg\u0259sind\u0259 ged\u0259n b\u0259rpa prosesl\u0259ri, \u201cB\u00f6y\u00fck Qay\u0131d\u0131\u015f\u201d proqram\u0131n\u0131n h\u0259yata ke\u00e7irilm\u0259si, Az\u0259rbaycan\u0131n tam d\u00f6vl\u0259t suverenliyinin b\u0259rpas\u0131n\u0131 ba\u015fa \u00e7atd\u0131ran lokal antiterror \u0259m\u0259liyyat\u0131, el\u0259c\u0259 d\u0259 d\u00f6vl\u0259t siyas\u0259tinin strateji istiqam\u0259tl\u0259ri haqq\u0131nda materiallar \u00f6z \u0259ksini tap\u0131b.<\/p>\n<p>Kitab\u0131n m\u00fc\u0259llifl\u0259ri tan\u0131nm\u0131\u015f aliml\u0259r v\u0259 ictimai xadiml\u0259rdir, onlar\u0131n aras\u0131nda tarix elml\u0259ri doktoru, professor Nazim M\u0259mm\u0259dov, Milli M\u0259clisin deputat\u0131 Musa Quliyev, Az\u0259rbaycan Memarlar \u0130ttifaq\u0131n\u0131n s\u0259dri Elb\u0259y Qas\u0131mzad\u0259, publisist v\u0259 politoloq Teymur Atayev yer al\u0131blar.<\/p>\n<p><img loading=\"lazy\" decoding=\"async\" class=\"aligncenter size-full wp-image-49099\" src=\"https:\/\/infonews.az\/wp-content\/uploads\/2025\/10\/17597691533570256742_1200x630.jpg\" alt=\"\" width=\"944\" height=\"630\" srcset=\"https:\/\/infonews.az\/wp-content\/uploads\/2025\/10\/17597691533570256742_1200x630.jpg 944w, https:\/\/infonews.az\/wp-content\/uploads\/2025\/10\/17597691533570256742_1200x630-300x200.jpg 300w, https:\/\/infonews.az\/wp-content\/uploads\/2025\/10\/17597691533570256742_1200x630-768x513.jpg 768w\" sizes=\"(max-width: 944px) 100vw, 944px\" \/><\/p>\n","protected":false},"excerpt":{"rendered":"<p>XI Bak\u0131 Beyn\u0259lxalq Kitab S\u0259rgisid\u0259 bu kitab\u0131n t\u0259qdimat\u0131 olub XI Bak\u0131 Beyn\u0259lxalq Kitab S\u0259rgisi \u00e7\u0259r\u00e7iv\u0259sind\u0259 \u201cV\u0259t\u0259n m\u00fcharib\u0259sinin tarixi &#8211; Az\u0259rbaycan\u0131n \u0259razi b\u00fct\u00f6vl\u00fcy\u00fcn\u00fcn b\u0259rpas\u0131. \u015e\u0259xsiyy\u0259t faktoru\u201d kitab\u0131n\u0131n t\u0259qdimat\u0131 olub. &#8220;\u0130NFONEWS&#8221; x\u0259b\u0259r&hellip; <\/p>\n","protected":false},"author":14,"featured_media":49098,"comment_status":"open","ping_status":"open","sticky":false,"template":"","format":"standard","meta":{"_mi_skip_tracking":false,"_monsterinsights_sitenote_active":false,"_monsterinsights_sitenote_note":"","_monsterinsights_sitenote_category":0,"footnotes":""},"categories":[5373,4,11],"tags":[14900,11692,424,1513,14901],"aioseo_notices":[],"_links":{"self":[{"href":"https:\/\/infonews.az\/index.php?rest_route=\/wp\/v2\/posts\/49097"}],"collection":[{"href":"https:\/\/infonews.az\/index.php?rest_route=\/wp\/v2\/posts"}],"about":[{"href":"https:\/\/infonews.az\/index.php?rest_route=\/wp\/v2\/types\/post"}],"author":[{"embeddable":true,"href":"https:\/\/infonews.az\/index.php?rest_route=\/wp\/v2\/users\/14"}],"replies":[{"embeddable":true,"href":"https:\/\/infonews.az\/index.php?rest_route=%2Fwp%2Fv2%2Fcomments&post=49097"}],"version-history":[{"count":1,"href":"https:\/\/infonews.az\/index.php?rest_route=\/wp\/v2\/posts\/49097\/revisions"}],"predecessor-version":[{"id":49100,"href":"https:\/\/infonews.az\/index.php?rest_route=\/wp\/v2\/posts\/49097\/revisions\/49100"}],"wp:featuredmedia":[{"embeddable":true,"href":"https:\/\/infonews.az\/index.php?rest_route=\/wp\/v2\/media\/49098"}],"wp:attachment":[{"href":"https:\/\/infonews.az\/index.php?rest_route=%2Fwp%2Fv2%2Fmedia&parent=49097"}],"wp:term":[{"taxonomy":"category","embeddable":true,"href":"https:\/\/infonews.az\/index.php?rest_route=%2Fwp%2Fv2%2Fcategories&post=49097"},{"taxonomy":"post_tag","embeddable":true,"href":"https:\/\/infonews.az\/index.php?rest_route=%2Fwp%2Fv2%2Ftags&post=49097"}],"curies":[{"name":"wp","href":"https:\/\/api.w.org\/{rel}","templated":true}]}}