{"id":49150,"date":"2025-10-09T16:54:02","date_gmt":"2025-10-09T12:54:02","guid":{"rendered":"https:\/\/infonews.az\/?p=49150"},"modified":"2025-10-09T17:26:56","modified_gmt":"2025-10-09T13:26:56","slug":"az%c9%99rbaycan-il%c9%99-rusiya-arasinda-yaxsi-dinamika-movcuddur-prezident","status":"publish","type":"post","link":"https:\/\/infonews.az\/?p=49150","title":{"rendered":"&#8220;Az\u0259rbaycan il\u0259 Rusiya aras\u0131nda yax\u015f\u0131 dinamika m\u00f6vcuddur&#8221; &#8211; Prezident"},"content":{"rendered":"<p><span style=\"color: #ffffff\"><strong>&#8220;Az\u0259rbaycan il\u0259 Rusiya aras\u0131nda yax\u015f\u0131 dinamika m\u00f6vcuddur&#8221;\u00a0&#8211;<span class=\"page_speed_1438057286\">\u00a0Prezident<\/span><\/strong><\/span><\/p>\n<blockquote><p>Az\u0259rbaycan il\u0259 Rusiya aras\u0131nda \u0259mt\u0259\u0259 d\u00f6vriyy\u0259sinin artmas\u0131nda yax\u015f\u0131 dinamika m\u00f6vcuddur.<\/p><\/blockquote>\n<p><a href=\"https:\/\/infonews.az\/?p=49150\"><span style=\"color: #000080\"><strong>&#8220;\u0130NFONEWS&#8221;<\/strong><\/span><\/a> x\u0259b\u0259r verir ki, bu s\u00f6zl\u0259ri Az\u0259rbaycan Prezidenti \u0130lham \u018fliyev D\u00fc\u015f\u0259nb\u0259d\u0259 rusiyal\u0131 h\u0259mkar\u0131 Vladimir Putinl\u0259 g\u00f6r\u00fc\u015f\u00fcnd\u0259 deyib.<\/p>\n<p>\u201cSiz qeyd etdiyiniz kimi, bu il t\u0259kc\u0259 iqtisadi-ticari m\u00fcnasib\u0259tl\u0259r deyil, h\u0259m d\u0259 b\u00fct\u00fcn dig\u0259r istiqam\u0259tl\u0259r \u00fczr\u0259 \u0259laq\u0259l\u0259r u\u011furla inki\u015faf edib. &lt;\u2026&gt; \u018fmt\u0259\u0259 d\u00f6vriyy\u0259sinin art\u0131m\u0131nda yax\u015f\u0131 dinamika m\u00f6vcuddur\u201d, &#8211; dey\u0259 d\u00f6vl\u0259timizin ba\u015f\u00e7\u0131s\u0131 bildirib.<\/p>\n","protected":false},"excerpt":{"rendered":"<p>&#8220;Az\u0259rbaycan il\u0259 Rusiya aras\u0131nda yax\u015f\u0131 dinamika m\u00f6vcuddur&#8221;\u00a0&#8211;\u00a0Prezident Az\u0259rbaycan il\u0259 Rusiya aras\u0131nda \u0259mt\u0259\u0259 d\u00f6vriyy\u0259sinin artmas\u0131nda yax\u015f\u0131 dinamika m\u00f6vcuddur. &#8220;\u0130NFONEWS&#8221; x\u0259b\u0259r verir ki, bu s\u00f6zl\u0259ri Az\u0259rbaycan Prezidenti \u0130lham \u018fliyev D\u00fc\u015f\u0259nb\u0259d\u0259 rusiyal\u0131 h\u0259mkar\u0131&hellip; <\/p>\n","protected":false},"author":14,"featured_media":49151,"comment_status":"open","ping_status":"open","sticky":false,"template":"","format":"standard","meta":{"_mi_skip_tracking":false,"_monsterinsights_sitenote_active":false,"_monsterinsights_sitenote_note":"","_monsterinsights_sitenote_category":0,"footnotes":""},"categories":[6,11],"tags":[1008,474],"aioseo_notices":[],"_links":{"self":[{"href":"https:\/\/infonews.az\/index.php?rest_route=\/wp\/v2\/posts\/49150"}],"collection":[{"href":"https:\/\/infonews.az\/index.php?rest_route=\/wp\/v2\/posts"}],"about":[{"href":"https:\/\/infonews.az\/index.php?rest_route=\/wp\/v2\/types\/post"}],"author":[{"embeddable":true,"href":"https:\/\/infonews.az\/index.php?rest_route=\/wp\/v2\/users\/14"}],"replies":[{"embeddable":true,"href":"https:\/\/infonews.az\/index.php?rest_route=%2Fwp%2Fv2%2Fcomments&post=49150"}],"version-history":[{"count":1,"href":"https:\/\/infonews.az\/index.php?rest_route=\/wp\/v2\/posts\/49150\/revisions"}],"predecessor-version":[{"id":49152,"href":"https:\/\/infonews.az\/index.php?rest_route=\/wp\/v2\/posts\/49150\/revisions\/49152"}],"wp:featuredmedia":[{"embeddable":true,"href":"https:\/\/infonews.az\/index.php?rest_route=\/wp\/v2\/media\/49151"}],"wp:attachment":[{"href":"https:\/\/infonews.az\/index.php?rest_route=%2Fwp%2Fv2%2Fmedia&parent=49150"}],"wp:term":[{"taxonomy":"category","embeddable":true,"href":"https:\/\/infonews.az\/index.php?rest_route=%2Fwp%2Fv2%2Fcategories&post=49150"},{"taxonomy":"post_tag","embeddable":true,"href":"https:\/\/infonews.az\/index.php?rest_route=%2Fwp%2Fv2%2Ftags&post=49150"}],"curies":[{"name":"wp","href":"https:\/\/api.w.org\/{rel}","templated":true}]}}