{"id":49162,"date":"2025-10-10T15:45:00","date_gmt":"2025-10-10T11:45:00","guid":{"rendered":"https:\/\/infonews.az\/?p=49162"},"modified":"2025-10-10T15:45:00","modified_gmt":"2025-10-10T11:45:00","slug":"dus%c9%99nb%c9%99-gorusu-rusiya-il%c9%99-az%c9%99rbaycan-arasindaki-iqtisadi-%c9%99laq%c9%99l%c9%99r%c9%99-nec%c9%99-t%c9%99sir-gost%c9%99r%c9%99c%c9%99k","status":"publish","type":"post","link":"https:\/\/infonews.az\/?p=49162","title":{"rendered":"D\u00fc\u015f\u0259nb\u0259 g\u00f6r\u00fc\u015f\u00fc Rusiya il\u0259 Az\u0259rbaycan aras\u0131ndak\u0131 iqtisadi \u0259laq\u0259l\u0259r\u0259 nec\u0259 t\u0259sir g\u00f6st\u0259r\u0259c\u0259k?"},"content":{"rendered":"<p class=\"pb-2 details-title\"><span style=\"color: #ffffff\"><strong>D\u00fc\u015f\u0259nb\u0259 g\u00f6r\u00fc\u015f\u00fc Rusiya il\u0259 Az\u0259rbaycan aras\u0131ndak\u0131 iqtisadi \u0259laq\u0259l\u0259r\u0259 nec\u0259 t\u0259sir g\u00f6st\u0259r\u0259c\u0259k?<\/strong><\/span><\/p>\n<div class=\"row m-0 p-0\">\n<div id=\"font_size\" class=\"col-10 p-2 pt-0 d-flex flex-column\">\n<div class=\"py-2 details-full-text\">\n<blockquote><p><strong>\u201cAz\u0259rbaycan v\u0259 Rusiya Prezidentl\u0259rinin D\u00fc\u015f\u0259nb\u0259 g\u00f6r\u00fc\u015f\u00fcnd\u0259n sonra iki \u00f6lk\u0259 aras\u0131nda m\u00fcnasib\u0259tl\u0259rin normalla\u015faca\u011f\u0131 g\u00f6zl\u0259nilir. D\u00fc\u015f\u0259nb\u0259 g\u00f6r\u00fc\u015f\u00fc Rusiya il\u0259 Az\u0259rbaycan aras\u0131ndak\u0131 iqtisadi \u0259laq\u0259l\u0259r\u0259 nec\u0259 t\u0259sir g\u00f6st\u0259r\u0259c\u0259k? Rusiya Az\u0259rbaycan\u0131n \u0259sas ticar\u0259t t\u0259r\u0259fda\u015flar\u0131ndan biri olaraq qalmaqdad\u0131r. D\u00f6vl\u0259t Statistika <span style=\"color: #000000\">Komit\u0259sinin m\u0259lumat\u0131na g\u00f6r\u0259, bu ilin ilk 7 ay\u0131nda xarici ticar\u0259t d\u00f6vriyy\u0259sinin 10.6 faizi Rusiyan\u0131n pay\u0131na d\u00fc\u015f\u00fcb\u201d.<\/span><\/strong><\/p><\/blockquote>\n<p><a href=\"https:\/\/infonews.az\/?p=49162\"><strong><span style=\"color: #000080\">&#8220;\u0130NFONEWS&#8221;<\/span> <\/strong><\/a>x\u0259b\u0259r verir ki, bunu mill\u0259t v\u0259kili V\u00fcqar Bayramov deyib.<\/p>\n<p>O bildirib ki, bu xarici ticar\u0259td\u0259 Rusiyan\u0131n 3-c\u00fc \u0259n b\u00f6y\u00fck t\u0259r\u0259fda\u015f olmas\u0131 dem\u0259kdir:<\/p>\n<p>\u201c\u0130xracda da Rusiya 4.7 faizlik payla ilk \u00fc\u00e7l\u00fckd\u0259dir. \u0130dxal\u0131m\u0131zda 17,2 faiz pay\u0131 olan Rusiya 18.0 faizlik \u00c7ind\u0259n sonra ikinci \u0259n b\u00f6y\u00fck t\u0259r\u0259fda\u015fd\u0131r. Qeyri neft-qaz m\u0259hsullar\u0131 \u00fczr\u0259 ixrac\u0131n is\u0259 34.3 faizi Rusiyaya y\u00f6n\u0259lib. Bu Rusiyan\u0131n qeyri-resurs iqtisadiyyat\u0131nda \u0259n b\u00f6y\u00fck ticar\u0259t t\u0259r\u0259fda\u015f\u0131 olmas\u0131 dem\u0259kdir\u201d.<\/p>\n<p>Onun s\u00f6zl\u0259rin\u0259 g\u00f6r\u0259, r\u0259q\u0259ml\u0259r g\u00f6st\u0259rir ki, \u00f6lk\u0259l\u0259r aras\u0131nda soyuqlu\u011fa r\u0259\u011fm\u0259n, Az\u0259rbaycan il\u0259 Rusiya aras\u0131ndak\u0131 iqtisadi \u0259laq\u0259l\u0259rd\u0259ki dinamika qorunub saxlan\u0131b:<\/p>\n<p>\u201cBu is\u0259 birba\u015fa ticar\u0259tin m\u0259hz biznes vasit\u0259si il\u0259 apar\u0131lmas\u0131 il\u0259 ba\u011fl\u0131d\u0131r. Bu bax\u0131mdan, D\u00fc\u015f\u0259nb\u0259 g\u00f6r\u00fc\u015f\u00fcn\u00fcn ilk \u00f6lk\u0259 aras\u0131ndak\u0131 iqtisadi \u0259laq\u0259l\u0259r\u0259 m\u00fcsb\u0259t t\u0259sir g\u00f6st\u0259r\u0259c\u0259yi g\u00f6zl\u0259nilir. Ayd\u0131nd\u0131r ki, yax\u015f\u0131 \u0259laq\u0259l\u0259r daha b\u00f6y\u00fck biznes imkanlar\u0131 dem\u0259kdir. B\u00fct\u00fcn bunlar il\u0259 yana\u015f\u0131, Az\u0259rbaycan\u0131n xarici ticar\u0259tind\u0259 \u015fax\u0259l\u0259nm\u0259nin daha da g\u00fccl\u0259nm\u0259si prioritetliyini qoruyub saxlay\u0131r. Bu eyni zamanda, ixrac bazarlar\u0131n\u0131n diversifikasiyas\u0131n\u0131 da aktualla\u015fd\u0131rmaqdad\u0131r\u201d.<\/p>\n<p><strong>Vasif \u018fL\u0130H\u00dcSEYN \/adalet.az<\/strong><\/p>\n<\/div>\n<\/div>\n<\/div>\n<div class=\"row m-0 p-2\">\n<div class=\"col-12 p-0 ca6-title\">\n<h2 class=\"ps-3\"><\/h2>\n<\/div>\n<\/div>\n","protected":false},"excerpt":{"rendered":"<p>D\u00fc\u015f\u0259nb\u0259 g\u00f6r\u00fc\u015f\u00fc Rusiya il\u0259 Az\u0259rbaycan aras\u0131ndak\u0131 iqtisadi \u0259laq\u0259l\u0259r\u0259 nec\u0259 t\u0259sir g\u00f6st\u0259r\u0259c\u0259k? \u201cAz\u0259rbaycan v\u0259 Rusiya Prezidentl\u0259rinin D\u00fc\u015f\u0259nb\u0259 g\u00f6r\u00fc\u015f\u00fcnd\u0259n sonra iki \u00f6lk\u0259 aras\u0131nda m\u00fcnasib\u0259tl\u0259rin normalla\u015faca\u011f\u0131 g\u00f6zl\u0259nilir. D\u00fc\u015f\u0259nb\u0259 g\u00f6r\u00fc\u015f\u00fc Rusiya il\u0259 Az\u0259rbaycan aras\u0131ndak\u0131&hellip; <\/p>\n","protected":false},"author":14,"featured_media":49163,"comment_status":"open","ping_status":"open","sticky":false,"template":"","format":"standard","meta":{"_mi_skip_tracking":false,"_monsterinsights_sitenote_active":false,"_monsterinsights_sitenote_note":"","_monsterinsights_sitenote_category":0,"footnotes":""},"categories":[4,6,11],"tags":[5417,14920,15,14329],"aioseo_notices":[],"_links":{"self":[{"href":"https:\/\/infonews.az\/index.php?rest_route=\/wp\/v2\/posts\/49162"}],"collection":[{"href":"https:\/\/infonews.az\/index.php?rest_route=\/wp\/v2\/posts"}],"about":[{"href":"https:\/\/infonews.az\/index.php?rest_route=\/wp\/v2\/types\/post"}],"author":[{"embeddable":true,"href":"https:\/\/infonews.az\/index.php?rest_route=\/wp\/v2\/users\/14"}],"replies":[{"embeddable":true,"href":"https:\/\/infonews.az\/index.php?rest_route=%2Fwp%2Fv2%2Fcomments&post=49162"}],"version-history":[{"count":1,"href":"https:\/\/infonews.az\/index.php?rest_route=\/wp\/v2\/posts\/49162\/revisions"}],"predecessor-version":[{"id":49164,"href":"https:\/\/infonews.az\/index.php?rest_route=\/wp\/v2\/posts\/49162\/revisions\/49164"}],"wp:featuredmedia":[{"embeddable":true,"href":"https:\/\/infonews.az\/index.php?rest_route=\/wp\/v2\/media\/49163"}],"wp:attachment":[{"href":"https:\/\/infonews.az\/index.php?rest_route=%2Fwp%2Fv2%2Fmedia&parent=49162"}],"wp:term":[{"taxonomy":"category","embeddable":true,"href":"https:\/\/infonews.az\/index.php?rest_route=%2Fwp%2Fv2%2Fcategories&post=49162"},{"taxonomy":"post_tag","embeddable":true,"href":"https:\/\/infonews.az\/index.php?rest_route=%2Fwp%2Fv2%2Ftags&post=49162"}],"curies":[{"name":"wp","href":"https:\/\/api.w.org\/{rel}","templated":true}]}}