{"id":49172,"date":"2025-10-15T11:21:32","date_gmt":"2025-10-15T07:21:32","guid":{"rendered":"https:\/\/infonews.az\/?p=49172"},"modified":"2025-10-15T11:21:32","modified_gmt":"2025-10-15T07:21:32","slug":"misird%c9%99-az%c9%99rbaycan-m%c9%99d%c9%99niyy%c9%99ti-gec%c9%99si-t%c9%99skil-edilib","status":"publish","type":"post","link":"https:\/\/infonews.az\/?p=49172","title":{"rendered":"Misird\u0259 Az\u0259rbaycan M\u0259d\u0259niyy\u0259ti Gec\u0259si t\u0259\u015fkil edilib"},"content":{"rendered":"<p><span style=\"color: #ffffff\">Misird\u0259 Az\u0259rbaycan M\u0259d\u0259niyy\u0259ti Gec\u0259si t\u0259\u015fkil edilib<\/span><\/p>\n<blockquote><p>\u0130CESCO- nun G\u0259nc S\u00fclh s\u0259firi, g\u0259nc t\u0259dqiqat\u00e7\u0131-al\u0131m, h\u0259kim Sandi Salemin t\u0259\u015f\u0259bb\u00fcs\u00fc v\u0259 t\u0259\u015fkilat\u00e7\u0131l\u0131\u011f\u0131 il\u0259 Misird\u0259 ilk d\u0259f\u0259 olaraq f\u0259rqli formatda &#8220;Az\u0259rbaycan M\u0259d\u0259niyy\u0259ti Gec\u0259si&#8221; ke\u00e7irilib.<\/p><\/blockquote>\n<p><a href=\"https:\/\/infonews.az\/?p=49172\"><span style=\"color: #000080\"><strong>&#8220;\u0130NFONEWS&#8221;<\/strong><\/span><\/a> x\u0259b\u0259r verir ki, t\u0259dbirin \u0259sas m\u0259qs\u0259di Misir v\u0259 T\u00fcrkdilli \u00f6lk\u0259l\u0259r aras\u0131nda m\u0259d\u0259ni k\u00f6rp\u00fcl\u0259r qurmaq v\u0259 etnik \u00e7oxlu\u011fun onun sosial f\u0259aliyy\u0259tin\u0259 v\u0259 \u015f\u0259xsiyy\u0259tin\u0259 nec\u0259 t\u0259sir etdiyini n\u00fcmayi\u015f etdirm\u0259kdir.<\/p>\n<p>T\u0259dbir iki \u00f6lk\u0259nin d\u00f6vl\u0259t himnl\u0259rinin s\u0259sl\u0259ndirilm\u0259si il\u0259 ba\u015flay\u0131b. Sandy Salimin m\u0259\u015fhur Az\u0259rbaycan xalq mahn\u0131s\u0131 olan v\u0259 UNESCO-nun qeyri-maddi m\u0259d\u0259ni irs siyah\u0131s\u0131na daxil edilmi\u015f &#8220;Sar\u0131 G\u0259lin&#8221;, el\u0259c\u0259 d\u0259 tan\u0131nm\u0131\u015f az\u0259rbaycanl\u0131 r\u0259qqas\u0259 Lenay Seid\u0259li-zad\u0259nin \u201cT\u0259r\u0259k\u0259m\u0259\u201d, \u201cMirz\u0259yi st\u0259kan\u201d, \u201cA\u011f \u00e7i\u00e7\u0259k\u201d, \u201c\u0130nnab\u0131\u201d v\u0259 \u201c101\u201d r\u0259qsl\u0259rinin m\u00fck\u0259mm\u0259l ifas\u0131 il\u0259 davam edib.<br \/>\nM\u0259\u015fhur misirli m\u00fc\u011f\u0259nni \u015eahinaz\u0131n \u00e7\u0131x\u0131\u015f\u0131, Misir folkloruna m\u0259xsus Said b\u00f6lg\u0259sin\u0259 aid r\u0259qs v\u0259 tanura (f\u0131rlanan dervi\u015f r\u0259qsi) t\u0259qdim tama\u015fa\u00e7\u0131lar t\u0259r\u0259find\u0259n b\u00f6y\u00fck r\u0259\u011fb\u0259tl\u0259 qar\u015f\u0131lan\u0131b.<\/p>\n<p>T\u0259dbirin T\u00fcrk s\u0259firinin iqam\u0259tgah\u0131nda, z\u0259ngin m\u0259d\u0259niyy\u0259tl\u0259rin qar\u015f\u0131l\u0131ql\u0131 t\u0259qdimatlar\u0131 il\u0259 ke\u00e7irilm\u0259si Az\u0259rbaycan, T\u00fcrkiy\u0259 v\u0259 Misir aras\u0131nda qarda\u015fl\u0131q m\u00fcnasib\u0259tl\u0259rinin d\u0259rinliyini bir daha vur\u011fulay\u0131b.<br \/>\nGec\u0259d\u0259 Tatar\u0131stan, Ba\u015fq\u0131rd\u0131stan da daxil olmaqla, dig\u0259r T\u00fcrkdilli respublikalar\u0131n da n\u00fcmay\u0259nd\u0259l\u0259ri il\u0259 birg\u0259 13 s\u0259n\u0259t\u00e7i i\u015ftirak edibl\u0259r .<\/p>\n<p>Az\u0259rbaycan\u0131n Misird\u0259ki Diaspor t\u0259\u015fkilt\u0131n\u0131n \u0259n ki\u00e7ik n\u00fcmay\u0259nd\u0259si olan Adam Havvas\u0131n milli paltarda &#8220;\u0130nnab\u0131&#8221; r\u0259qsind\u0259 Lenay xan\u0131m\u0131 m\u00fc\u015fay\u0259t etm\u0259si i\u015ftirak\u00e7\u0131lar\u0131n mara\u011f\u0131na s\u0259b\u0259b olub.<br \/>\nGec\u0259d\u0259 Misirin Az\u0259rbaycan M\u0259d\u0259niyy\u0259t M\u0259rk\u0259zinin \u0259n u\u011furlu layih\u0259si olan \u201cAz\u0259rbaycan\u0131 k\u0259\u015ff et!\u201d m\u00fcsabiq\u0259sinin 5 illik yubileyi d\u0259 qeyd edilib. Bu m\u00fcnasib\u0259tl\u0259 M\u0259rk\u0259zin r\u0259hb\u0259ri Dr. S\u0259daq\u0259t \u018fli\u0259\u015fr\u0259f v\u0259\u00a0 Misird\u0259ki Az\u0259rbaycan \u0130cmas\u0131n\u0131n r\u0259smi koordinatoru S\u0259bin\u0259 S\u0259m\u0259dovaya s\u00f6z verilib.<br \/>\nT\u0259dbir 150-d\u0259n \u00e7ox i\u015ftirak\u00e7\u0131n\u0131n Az\u0259rbaycan\u0131n Xalq artisti m\u00fc\u011f\u0259nni Z\u00fclfiyy\u0259 Xanbabayevan\u0131n &#8220;Az\u0259rbaycan&#8221; mahn\u0131s\u0131n\u0131n s\u0259dalar\u0131 alt\u0131nda dostluq r\u0259mzi say\u0131lan &#8220;Yall\u0131&#8221; r\u0259qsi sona \u00e7at\u0131b.<br \/>\nGec\u0259nin sonunda Sandi Salem duy\u011fular\u0131n\u0131 bel\u0259 ifad\u0259 edib:<br \/>\n&#8220;\u00d6lk\u0259l\u0259rimizin z\u0259ngin m\u0259d\u0259niyy\u0259tl\u0259ri aras\u0131nda k\u00f6rp\u00fcl\u0259r qurmaq v\u0259 bununla etnik \u00e7oxluq \u015f\u0259xsiyy\u0259tim\u0259 v\u0259 sosial f\u0259aliyy\u0259tim\u0259 nec\u0259 t\u0259sir g\u00f6st\u0259rdiyini n\u00fcmayi\u015f etdirm\u0259k \u0259n b\u00f6y\u00fck arzum olub.<br \/>\nV\u0259 bir daha ham\u0131n\u0131 Az\u0259rbaycan\u0131 k\u0259\u015ff etm\u0259y\u0259 d\u0259v\u0259t edirik.&#8221;<\/p>\n<p><img loading=\"lazy\" decoding=\"async\" class=\"aligncenter size-full wp-image-49174\" src=\"https:\/\/infonews.az\/wp-content\/uploads\/2025\/10\/4359515b-d29c-4b3f-a169-81aa2a07bc8c-scaled.jpeg\" alt=\"\" width=\"1920\" height=\"2560\" srcset=\"https:\/\/infonews.az\/wp-content\/uploads\/2025\/10\/4359515b-d29c-4b3f-a169-81aa2a07bc8c-scaled.jpeg 1920w, https:\/\/infonews.az\/wp-content\/uploads\/2025\/10\/4359515b-d29c-4b3f-a169-81aa2a07bc8c-225x300.jpeg 225w, https:\/\/infonews.az\/wp-content\/uploads\/2025\/10\/4359515b-d29c-4b3f-a169-81aa2a07bc8c-768x1024.jpeg 768w, https:\/\/infonews.az\/wp-content\/uploads\/2025\/10\/4359515b-d29c-4b3f-a169-81aa2a07bc8c-1152x1536.jpeg 1152w, https:\/\/infonews.az\/wp-content\/uploads\/2025\/10\/4359515b-d29c-4b3f-a169-81aa2a07bc8c-1536x2048.jpeg 1536w\" sizes=\"(max-width: 1920px) 100vw, 1920px\" \/><\/p>\n<p><img loading=\"lazy\" decoding=\"async\" class=\"aligncenter size-full wp-image-49177\" src=\"https:\/\/infonews.az\/wp-content\/uploads\/2025\/10\/0df3daef-df2a-49d7-8df1-bf1d05ea11dc.jpeg\" alt=\"\" width=\"1280\" height=\"1024\" srcset=\"https:\/\/infonews.az\/wp-content\/uploads\/2025\/10\/0df3daef-df2a-49d7-8df1-bf1d05ea11dc.jpeg 1280w, https:\/\/infonews.az\/wp-content\/uploads\/2025\/10\/0df3daef-df2a-49d7-8df1-bf1d05ea11dc-300x240.jpeg 300w, https:\/\/infonews.az\/wp-content\/uploads\/2025\/10\/0df3daef-df2a-49d7-8df1-bf1d05ea11dc-1024x819.jpeg 1024w, https:\/\/infonews.az\/wp-content\/uploads\/2025\/10\/0df3daef-df2a-49d7-8df1-bf1d05ea11dc-768x614.jpeg 768w\" sizes=\"(max-width: 1280px) 100vw, 1280px\" \/><\/p>\n<p><img loading=\"lazy\" decoding=\"async\" class=\"aligncenter size-full wp-image-49175\" src=\"https:\/\/infonews.az\/wp-content\/uploads\/2025\/10\/4163f778-6ddd-4e87-89d2-5d80259abc7f.jpeg\" alt=\"\" width=\"1200\" height=\"1600\" srcset=\"https:\/\/infonews.az\/wp-content\/uploads\/2025\/10\/4163f778-6ddd-4e87-89d2-5d80259abc7f.jpeg 1200w, https:\/\/infonews.az\/wp-content\/uploads\/2025\/10\/4163f778-6ddd-4e87-89d2-5d80259abc7f-225x300.jpeg 225w, https:\/\/infonews.az\/wp-content\/uploads\/2025\/10\/4163f778-6ddd-4e87-89d2-5d80259abc7f-768x1024.jpeg 768w, https:\/\/infonews.az\/wp-content\/uploads\/2025\/10\/4163f778-6ddd-4e87-89d2-5d80259abc7f-1152x1536.jpeg 1152w\" sizes=\"(max-width: 1200px) 100vw, 1200px\" \/><\/p>\n<p><img loading=\"lazy\" decoding=\"async\" class=\"aligncenter size-full wp-image-49176\" src=\"https:\/\/infonews.az\/wp-content\/uploads\/2025\/10\/f56a3734-7a50-4d4f-973a-7fd9411902d2.jpeg\" alt=\"\" width=\"1600\" height=\"1200\" srcset=\"https:\/\/infonews.az\/wp-content\/uploads\/2025\/10\/f56a3734-7a50-4d4f-973a-7fd9411902d2.jpeg 1600w, https:\/\/infonews.az\/wp-content\/uploads\/2025\/10\/f56a3734-7a50-4d4f-973a-7fd9411902d2-300x225.jpeg 300w, https:\/\/infonews.az\/wp-content\/uploads\/2025\/10\/f56a3734-7a50-4d4f-973a-7fd9411902d2-1024x768.jpeg 1024w, https:\/\/infonews.az\/wp-content\/uploads\/2025\/10\/f56a3734-7a50-4d4f-973a-7fd9411902d2-768x576.jpeg 768w, https:\/\/infonews.az\/wp-content\/uploads\/2025\/10\/f56a3734-7a50-4d4f-973a-7fd9411902d2-1536x1152.jpeg 1536w\" sizes=\"(max-width: 1600px) 100vw, 1600px\" \/><\/p>\n","protected":false},"excerpt":{"rendered":"<p>Misird\u0259 Az\u0259rbaycan M\u0259d\u0259niyy\u0259ti Gec\u0259si t\u0259\u015fkil edilib \u0130CESCO- nun G\u0259nc S\u00fclh s\u0259firi, g\u0259nc t\u0259dqiqat\u00e7\u0131-al\u0131m, h\u0259kim Sandi Salemin t\u0259\u015f\u0259bb\u00fcs\u00fc v\u0259 t\u0259\u015fkilat\u00e7\u0131l\u0131\u011f\u0131 il\u0259 Misird\u0259 ilk d\u0259f\u0259 olaraq f\u0259rqli formatda &#8220;Az\u0259rbaycan M\u0259d\u0259niyy\u0259ti Gec\u0259si&#8221; ke\u00e7irilib.&hellip; <\/p>\n","protected":false},"author":14,"featured_media":49173,"comment_status":"open","ping_status":"open","sticky":false,"template":"","format":"standard","meta":{"_mi_skip_tracking":false,"_monsterinsights_sitenote_active":false,"_monsterinsights_sitenote_note":"","_monsterinsights_sitenote_category":0,"footnotes":""},"categories":[5373,4,10,11],"tags":[14604,9191,13403,15,4659,13853,4661],"aioseo_notices":[],"_links":{"self":[{"href":"https:\/\/infonews.az\/index.php?rest_route=\/wp\/v2\/posts\/49172"}],"collection":[{"href":"https:\/\/infonews.az\/index.php?rest_route=\/wp\/v2\/posts"}],"about":[{"href":"https:\/\/infonews.az\/index.php?rest_route=\/wp\/v2\/types\/post"}],"author":[{"embeddable":true,"href":"https:\/\/infonews.az\/index.php?rest_route=\/wp\/v2\/users\/14"}],"replies":[{"embeddable":true,"href":"https:\/\/infonews.az\/index.php?rest_route=%2Fwp%2Fv2%2Fcomments&post=49172"}],"version-history":[{"count":1,"href":"https:\/\/infonews.az\/index.php?rest_route=\/wp\/v2\/posts\/49172\/revisions"}],"predecessor-version":[{"id":49178,"href":"https:\/\/infonews.az\/index.php?rest_route=\/wp\/v2\/posts\/49172\/revisions\/49178"}],"wp:featuredmedia":[{"embeddable":true,"href":"https:\/\/infonews.az\/index.php?rest_route=\/wp\/v2\/media\/49173"}],"wp:attachment":[{"href":"https:\/\/infonews.az\/index.php?rest_route=%2Fwp%2Fv2%2Fmedia&parent=49172"}],"wp:term":[{"taxonomy":"category","embeddable":true,"href":"https:\/\/infonews.az\/index.php?rest_route=%2Fwp%2Fv2%2Fcategories&post=49172"},{"taxonomy":"post_tag","embeddable":true,"href":"https:\/\/infonews.az\/index.php?rest_route=%2Fwp%2Fv2%2Ftags&post=49172"}],"curies":[{"name":"wp","href":"https:\/\/api.w.org\/{rel}","templated":true}]}}