{"id":49182,"date":"2025-10-17T10:42:11","date_gmt":"2025-10-17T06:42:11","guid":{"rendered":"https:\/\/infonews.az\/?p=49182"},"modified":"2025-10-17T10:42:11","modified_gmt":"2025-10-17T06:42:11","slug":"mehriban-eliyeva-qizlari-v%c9%99-g%c9%99lini-vatikanda-acilisa-qatildi","status":"publish","type":"post","link":"https:\/\/infonews.az\/?p=49182","title":{"rendered":"Mehriban \u018fliyeva, q\u0131zlar\u0131 v\u0259 g\u0259lini Vatikanda a\u00e7\u0131l\u0131\u015fa qat\u0131ld\u0131"},"content":{"rendered":"<p><span style=\"color: #ffffff\">Mehriban \u018fliyeva, q\u0131zlar\u0131 v\u0259 g\u0259lini Vatikanda a\u00e7\u0131l\u0131\u015fa qat\u0131ld\u0131<\/span><\/p>\n<div id=\"font_size\" class=\"col-10 p-2 pt-0 d-flex flex-column\">\n<div class=\"py-2 details-full-text\">\n<blockquote><p>Az\u0259rbaycan Respublikas\u0131n\u0131n Birinci Vitse-prezidenti Mehriban \u018fliyeva M\u00fcq\u0259dd\u0259s Taxt-Taca \u2013 Vatikana r\u0259smi s\u0259f\u0259r\u0259 g\u0259lib.<\/p><\/blockquote>\n<p><a href=\"https:\/\/infonews.az\/?p=49182\"><span style=\"color: #000080\"><strong>&#8220;\u0130NFONEWS&#8221;<\/strong><\/span><\/a>\u00a0x\u0259b\u0259r verir ki, oktyabr\u0131n 16-da s\u0259f\u0259r \u00e7\u0259r\u00e7iv\u0259sind\u0259 Birinci Vitse-prezident v\u0259 ail\u0259 \u00fczvl\u0259ri Heyd\u0259r \u018fliyev Fondunun d\u0259st\u0259yi il\u0259 M\u00fcq\u0259dd\u0259s Komodilya katakombalar\u0131n\u0131n b\u0259rpas\u0131 layih\u0259sinin a\u00e7\u0131l\u0131\u015f m\u0259rasimind\u0259 i\u015ftirak edib v\u0259 h\u0259yata ke\u00e7irilmi\u015f b\u0259rpa i\u015fl\u0259ri il\u0259 tan\u0131\u015f olublar.<\/p>\n<p>Vatikan\u0131n M\u00fcq\u0259dd\u0259s Arxeologiya \u00fczr\u0259 Pontifik Komissiyas\u0131n\u0131n prezidenti Monsenyor Paskuale Yakabone, M\u0259d\u0259niyy\u0259t v\u0259 M\u00fcq\u0259dd\u0259s Arxeologiya \u00fczr\u0259 Pontifik Komissiyas\u0131n\u0131n sabiq prezidenti kardinal Canfranko Ravazi v\u0259 Roma \u015f\u0259h\u0259rinin VIII b\u0259l\u0259diyy\u0259sinin prezidenti Amedeo \u00c7akkeri Birinci Vitse-prezident Mehriban \u018fliyevan\u0131 qar\u015f\u0131lad\u0131lar.<\/p>\n<p>Vatikan\u0131n M\u00fcq\u0259dd\u0259s Arxeologiya \u00fczr\u0259 Pontifik Komissiyas\u0131n\u0131n prezidenti Monsenyor Paskuale Yakobone Birinci Vitse-prezident Mehriban \u018fliyevan\u0131n uzun ill\u0259rdir ba\u015f\u00e7\u0131l\u0131q etdiyi komissiya il\u0259 \u00e7ox yax\u0131ndan v\u0259 s\u0259m\u0259r\u0259li \u0259m\u0259kda\u015fl\u0131q etdiyini bildirib. Paskuale Yakobone Komodilya katakombalar\u0131n\u0131n a\u00e7\u0131l\u0131\u015f\u0131nda i\u015ftirak\u0131na g\u00f6r\u0259 Birinci Vitse-prezident Mehriban \u018fliyevaya d\u0259rin t\u0259\u015f\u0259kk\u00fcr\u00fcn\u00fc ifad\u0259 edib.<\/p>\n<p>Bu layih\u0259 h\u0259yata ke\u00e7irilm\u0259zd\u0259n \u0259vv\u0259l Az\u0259rbaycan t\u0259r\u0259fi il\u0259 iki dig\u0259r m\u00fch\u00fcm layih\u0259nin icra olundu\u011fu vur\u011fulayan Komissiyas\u0131n\u0131n prezidenti M\u00fcq\u0259dd\u0259s Mar\u00e7elino v\u0259 Pietro, h\u0259m\u00e7inin M\u00fcq\u0259dd\u0259s Sebastian katakombalar\u0131n\u0131n b\u0259rpas\u0131na Heyd\u0259r \u018fliyev Fondunun s\u0259yl\u0259ri n\u0259tic\u0259sind\u0259 nail olduqlar\u0131n\u0131 vur\u011fulay\u0131b.<\/p>\n<p>&#8220;Heyd\u0259r \u018fliyev Fondunun d\u0259st\u0259yi il\u0259 bir t\u0259r\u0259fd\u0259n m\u00fcr\u0259kk\u0259b, lakin dig\u0259r t\u0259r\u0259fd\u0259n bizi \u00e7ox ilhamland\u0131ran, b\u00f6y\u00fck enerji ver\u0259n b\u0259rpa i\u015fl\u0259rini birg\u0259 h\u0259yata ke\u00e7irdik&#8221;, &#8211; dey\u0259 o \u0259lav\u0259 edib.<\/p>\n<p>Paskuale Yakobone layih\u0259 \u00e7\u0259r\u00e7iv\u0259sind\u0259 M\u00fcq\u0259dd\u0259s Arxeologiya \u00fczr\u0259 Pontifik Komissiyas\u0131n\u0131n \u00fczvl\u0259rinin 2024-c\u00fc ilin iyulunda Az\u0259rbaycana yaddaqalan s\u0259f\u0259rini xat\u0131rlad\u0131b. O, bu i\u015fin y\u00fcks\u0259k s\u0259viyy\u0259d\u0259 ba\u015fa \u00e7atd\u0131r\u0131lmas\u0131na g\u00f6r\u0259 Heyd\u0259r \u018fliyev Fonduna d\u0259rin t\u0259\u015f\u0259kk\u00fcr\u00fcn\u00fc bildirib.<\/p>\n<p>M\u00fcq\u0259dd\u0259s Arxeologiya \u00fczr\u0259 Pontifik Komissiyas\u0131n\u0131n sabiq prezidenti kardinal Canfranko Ravazi \u00f6lk\u0259miz\u0259 s\u0259mimi v\u0259 d\u0259rin dostluq tell\u0259ri il\u0259 ba\u011fl\u0131 oldu\u011funu vur\u011fulayaraq, Az\u0259rbaycana \u00fc\u00e7 d\u0259f\u0259 s\u0259f\u0259r etdiyini diqq\u0259t\u0259 \u00e7atd\u0131r\u0131b, s\u0259f\u0259rl\u0259r \u00e7\u0259r\u00e7iv\u0259sind\u0259 Prezident \u0130lham \u018fliyev t\u0259r\u0259find\u0259n q\u0259bul olundu\u011funu v\u0259 m\u0259hz onun q\u0259rar\u0131 il\u0259 Az\u0259rbaycan d\u00f6vl\u0259tinin \u0259n y\u00fcks\u0259k m\u00fckafatlardan birin\u0259 &#8211; &#8220;Dostluq&#8221; ordenin\u0259 layiq g\u00f6r\u00fcld\u00fcy\u00fcn\u00fc qeyd edib. Canfranko Ravazi Birinci Vitse-prezident Mehriban \u018fliyeva il\u0259 s\u0259mimi dostluq v\u0259 qar\u015f\u0131l\u0131ql\u0131 h\u00f6rm\u0259t m\u00fcnasib\u0259tl\u0259rind\u0259n s\u00f6z a\u00e7araq deyib: &#8220;Bu m\u00fcnasib\u0259tl\u0259r uzun ill\u0259r \u0259rzind\u0259 formala\u015f\u0131b, \u015f\u0259xs\u0259n m\u0259n\u0259 b\u00f6y\u00fck v\u0259 d\u0259rin t\u0259\u0259ss\u00fcrat ba\u011f\u0131\u015flay\u0131b. T\u0259\u015fkil etdiyimiz s\u0259f\u0259rl\u0259rd\u0259 Birinci Vitse-prezidentin arxeologiya sah\u0259sin\u0259 x\u00fcsusi ba\u011fl\u0131l\u0131\u011f\u0131n\u0131n \u015fahidi olduq. \u00c7\u00fcnki s\u0259f\u0259rl\u0259r \u00e7\u0259r\u00e7iv\u0259sind\u0259 b\u0259rpa olunan yerl\u0259ri \u015f\u0259xs\u0259n \u00f6z\u00fc ziyar\u0259t edirdi. \u018flb\u0259tt\u0259 ki, onun d\u0259st\u0259yi say\u0259sind\u0259, Heyd\u0259r \u018fliyev Fondunun g\u00f6st\u0259rdiyi yard\u0131m n\u0259tic\u0259sind\u0259 bu g\u00fcn katakombalar\u0131n a\u00e7\u0131l\u0131\u015f\u0131nda \u0259m\u0259kda\u015fl\u0131\u011f\u0131m\u0131z\u0131n yeni bir s\u0259hif\u0259sini yaz\u0131r\u0131q. G\u00f6r\u00fclm\u00fc\u015f i\u015fl\u0259r\u0259 g\u00f6r\u0259 Birinci Vitse-prezident\u0259 d\u0259rin t\u0259\u015f\u0259kk\u00fcr\u00fcm\u00fc bildirir\u0259m&#8221;.<\/p>\n<p>O, h\u0259r iki t\u0259r\u0259fin bu sah\u0259d\u0259 ah\u0259ngdarl\u0131q n\u00fcmayi\u015f etdirdiyini qeyd edib.<\/p>\n<p>Az\u0259rbaycan\u0131n Birinci Vitse-prezidenti Mehriban \u018fliyeva M\u00fcq\u0259dd\u0259s Taxt-Taca n\u00f6vb\u0259ti s\u0259f\u0259rind\u0259n b\u00f6y\u00fck \u015f\u0259r\u0259f hissi duydu\u011funu bildirib. Heyd\u0259r \u018fliyev Fondunun prezidenti bunun son 14 ild\u0259 Vatikana alt\u0131nc\u0131 s\u0259f\u0259ri oldu\u011funu diqq\u0259t\u0259 \u00e7atd\u0131r\u0131b.<\/p>\n<p>\u201cM\u0259n \u00e7ox \u015fadam ki, biz bu ill\u0259r \u0259rzind\u0259 \u00e7ox g\u00f6z\u0259l \u0259m\u0259kda\u015fl\u0131q yaratm\u0131\u015f\u0131q. Buraya h\u0259r g\u0259li\u015fimizd\u0259 bizim dostlar\u0131m\u0131z\u0131n say\u0131 art\u0131r&#8221;, &#8211; dey\u0259 Birinci Vitse-prezident qeyd edib.<\/p>\n<p>Az\u0259rbaycan\u0131n \u0259srl\u0259r boyu m\u00fcxt\u0259lif dinl\u0259rin v\u0259 m\u0259d\u0259niyy\u0259tl\u0259rin n\u00fcmay\u0259nd\u0259l\u0259rinin birg\u0259 s\u00fclh, qar\u015f\u0131l\u0131ql\u0131 h\u00f6rm\u0259t, tolerantl\u0131q v\u0259 harmoniya \u015f\u0259raitind\u0259 ya\u015fayan bir m\u0259kan oldu\u011funu vur\u011fulayan Mehriban \u018fliyeva deyib: &#8220;Bu g\u00fcn bu prinsipl\u0259r h\u0259m bizim d\u00f6vl\u0259t siyas\u0259timizin \u0259sas\u0131d\u0131r, h\u0259m d\u0259 h\u0259yat t\u0259rzimizdir. \u018fmin\u0259m ki, bug\u00fcnk\u00fc m\u00fcr\u0259kk\u0259b d\u00fcnyada d\u00f6vl\u0259tl\u0259rimiz aras\u0131nda geni\u015fl\u0259n\u0259n \u0259m\u0259kda\u015fl\u0131q, dostluq \u0259laq\u0259l\u0259ri bir n\u00fcmun\u0259dir&#8221;.<\/p>\n<p>Birinci Vitse-prezident h\u0259m Vatikanda, h\u0259m d\u0259 Az\u0259rbaycanda bu layih\u0259l\u0259rd\u0259 \u0259m\u0259yi olan \u015f\u0259xsl\u0259r\u0259 d\u0259rin minn\u0259tdarl\u0131\u011f\u0131n\u0131 ifad\u0259 ed\u0259r\u0259k bildirib: &#8220;Heyd\u0259r \u018fliyev Fondu olaraq g\u0259l\u0259c\u0259kd\u0259 \u0259m\u0259kda\u015fl\u0131\u011f\u0131m\u0131z\u0131 davam etdirm\u0259y\u0259 maraql\u0131y\u0131q v\u0259 haz\u0131r\u0131q. \u0130nan\u0131ram ki, bu f\u0259aliyy\u0259t davaml\u0131 olacaq. Sonda katolik d\u00fcnyas\u0131 \u00fc\u00e7\u00fcn b\u00f6y\u00fck m\u0259n\u0259vi d\u0259y\u0259rl\u0259r da\u015f\u0131yan &#8220;Yubiley \u0130li&#8221; m\u00fcnasib\u0259til\u0259 h\u0259r birinizi t\u0259brik edir\u0259m. F\u00fcrs\u0259td\u0259n istifad\u0259 ed\u0259r\u0259k, sizi Az\u0259rbaycana s\u0259f\u0259r\u0259 d\u0259v\u0259t edir\u0259m&#8221;.<\/p>\n<p>Roma \u015f\u0259h\u0259rinin VIII b\u0259l\u0259diyy\u0259sinin prezidenti Amedeo \u00c7akkeri Birinci Vitse-prezident Mehriban \u018fliyevan\u0131n r\u0259hb\u0259rliyi alt\u0131nda \u00e7al\u0131\u015fan insanlara burada g\u00f6r\u00fclm\u00fc\u015f i\u015fl\u0259r\u0259 g\u00f6r\u0259 t\u0259\u015f\u0259kk\u00fcr\u00fcn\u00fc bildirib. Bu layih\u0259 \u00fcz\u0259rind\u0259 bir ne\u00e7\u0259 il \u00e7al\u0131\u015fd\u0131\u011f\u0131n\u0131 dey\u0259n b\u0259l\u0259diyy\u0259 prezidenti Az\u0259rbaycan s\u0259firliyi il\u0259 s\u0131x \u0259m\u0259kda\u015fl\u0131q etdikl\u0259rini diqq\u0259t\u0259 \u00e7atd\u0131r\u0131b.<\/p>\n<p>Sonra Heyd\u0259r \u018fliyev Fondu t\u0259r\u0259find\u0259n b\u0259rpa edil\u0259n M\u00fcq\u0259dd\u0259s Komodilya katakombalar\u0131n\u0131n a\u00e7\u0131l\u0131\u015f\u0131 olub.<\/p>\n<p>Qeyd edilib ki, Heyd\u0259r \u018fliyev Fondunun v\u0259 Az\u0259rbaycandak\u0131 dini icmalar\u0131n t\u0259msil\u00e7il\u0259rinin Vatikana s\u0259f\u0259ri zaman\u0131 2021-ci il mart\u0131n 4-d\u0259 Fond v\u0259 M\u00fcq\u0259dd\u0259s Arxeologiya \u00fczr\u0259 Pontifik Komissiyas\u0131 aras\u0131nda Komodilya katakombalar\u0131n\u0131n b\u0259rpas\u0131 il\u0259 ba\u011fl\u0131 m\u00fcqavil\u0259 imzalan\u0131b. Bildirilib ki, katakomblar\u0131n yerl\u0259\u015fdiyi m\u0259kan XVIII \u0259srd\u0259 a\u015fkar olunub, ilkin t\u0259dqiqatlar 1900-c\u00fc ild\u0259n ba\u015flan\u0131b. Erk\u0259n xristianl\u0131q d\u00f6vr\u00fcn\u0259 aid ilk artefaktlar\u0131n m\u00f6vcud oldu\u011fu katakomba Felisio v\u0259 Adauktus adl\u0131 xristian \u0259zabke\u015fl\u0259rinin d\u0259fn olundu\u011fu m\u0259kan kimi d\u0259 tan\u0131n\u0131r v\u0259 orta \u0259srl\u0259rd\u0259 m\u00f6minl\u0259rin ziyar\u0259tgah\u0131 olub. Katakombada ilk xristian \u0259zabke\u015fi San Stefano, \u0130sa pey\u011f\u0259mb\u0259rin h\u0259vari Pietroya C\u0259nn\u0259tin a\u00e7arlar\u0131n\u0131 t\u0259qdim etm\u0259si v\u0259 dig\u0259r m\u00f6vzularda freskalar m\u00fcst\u0259sna dini v\u0259 tarixi \u0259h\u0259miyy\u0259t da\u015f\u0131y\u0131r. \u00d6t\u0259n \u0259srin 50-ci ill\u0259rind\u0259 bu \u0259razid\u0259 ya\u015fay\u0131\u015f binalar\u0131n\u0131n tikintisi katakomban\u0131n statikas\u0131na m\u0259nfi t\u0259sir g\u00f6st\u0259rib. Heyd\u0259r \u018fliyev Fondunun g\u00f6st\u0259rdiyi d\u0259st\u0259k katakomban\u0131n b\u00f6y\u00fck arxeoloji d\u0259y\u0259r\u0259 malik olan bu hiss\u0259sini u\u00e7maq t\u0259hl\u00fck\u0259sind\u0259n qoruyub.<\/p>\n<p>B\u0259rpa prosesi zaman\u0131 i\u015f\u00e7il\u0259rin sa\u011flaml\u0131\u011f\u0131 \u00fc\u00e7\u00fcn t\u0259hl\u00fck\u0259siz, ekoloji c\u0259h\u0259td\u0259n t\u0259miz materiallar\u0131n istifad\u0259si d\u0259 daxil olmaqla, m\u00fcasir metod v\u0259 texnologiyalar t\u0259tbiq edilib. M\u0259hsullar\u0131n m\u00f6hk\u0259ml\u0259ndirilm\u0259si prosesind\u0259 nanotexnologiyadan v\u0259 boyal\u0131 s\u0259thl\u0259rin emal\u0131 \u00fc\u00e7\u00fcn lazer texnologiyas\u0131ndan istifad\u0259 olunub. B\u00fct\u00fcn materiallar yeralt\u0131 m\u00fchitl\u0259 y\u00fcks\u0259k uy\u011funluq n\u0259z\u0259r\u0259 al\u0131nmaqla se\u00e7ilib.<\/p>\n<p>Qeyd ed\u0259k ki, Heyd\u0259r \u018fliyev Fondu Vatikanda geni\u015fmiqyasl\u0131 b\u0259rpa i\u015fl\u0259rini f\u0259al \u015f\u0259kild\u0259 maliyy\u0259l\u0259\u015fdirm\u0259kl\u0259 d\u00fcnya m\u0259d\u0259ni irsinin qorunmas\u0131na m\u00fch\u00fcm t\u00f6hf\u0259 verir. Bu t\u0259\u015f\u0259bb\u00fcsl\u0259r M\u00fcq\u0259dd\u0259s Taxt-Tac t\u0259r\u0259find\u0259n s\u0259m\u0259r\u0259li \u0259m\u0259kda\u015fl\u0131q v\u0259 m\u0259d\u0259niyy\u0259tl\u0259raras\u0131 \u0259laq\u0259l\u0259rin m\u00f6hk\u0259ml\u0259ndirilm\u0259si n\u00fcmun\u0259si kimi y\u00fcks\u0259k qiym\u0259tl\u0259ndirilir.<\/p>\n<\/div>\n<\/div>\n<div class=\"details-images my-3\">\n<div class=\"row m-0 p-0\"><a class=\"col-3 p-2\" data-fancybox=\"gallery\" data-src=\"https:\/\/www.adalet.az\/uploads\/img\/posts\/2025\/10\/17\/20jpeg-1760682356.jpeg\"><img decoding=\"async\" class=\"details-img w-100\" src=\"https:\/\/www.adalet.az\/uploads\/img\/posts\/2025\/10\/17\/20jpeg-1760682356.jpeg\" \/><\/a><\/div>\n<div class=\"row m-0 p-0\"><a class=\"col-3 p-2\" data-fancybox=\"gallery\" data-src=\"https:\/\/www.adalet.az\/uploads\/img\/posts\/2025\/10\/17\/18jpeg-1760682356.jpeg\"><img decoding=\"async\" class=\"details-img w-100\" src=\"https:\/\/www.adalet.az\/uploads\/img\/posts\/2025\/10\/17\/18jpeg-1760682356.jpeg\" \/><\/a><a class=\"col-3 p-2\" data-fancybox=\"gallery\" data-src=\"https:\/\/www.adalet.az\/uploads\/img\/posts\/2025\/10\/17\/17jpeg-1760682356.jpeg\"><img decoding=\"async\" class=\"details-img w-100\" src=\"https:\/\/www.adalet.az\/uploads\/img\/posts\/2025\/10\/17\/17jpeg-1760682356.jpeg\" \/><\/a><a class=\"col-3 p-2\" data-fancybox=\"gallery\" data-src=\"https:\/\/www.adalet.az\/uploads\/img\/posts\/2025\/10\/17\/16jpeg-1760682356.jpeg\"><img decoding=\"async\" class=\"details-img w-100\" src=\"https:\/\/www.adalet.az\/uploads\/img\/posts\/2025\/10\/17\/16jpeg-1760682356.jpeg\" \/><\/a><\/div>\n<div class=\"row m-0 p-0\"><a class=\"col-3 p-2\" data-fancybox=\"gallery\" data-src=\"https:\/\/www.adalet.az\/uploads\/img\/posts\/2025\/10\/17\/15jpeg-1760682356.jpeg\"><img decoding=\"async\" class=\"details-img w-100\" src=\"https:\/\/www.adalet.az\/uploads\/img\/posts\/2025\/10\/17\/15jpeg-1760682356.jpeg\" \/><\/a><a class=\"col-3 p-2\" data-fancybox=\"gallery\" data-src=\"https:\/\/www.adalet.az\/uploads\/img\/posts\/2025\/10\/17\/14jpeg-1760682356.jpeg\"><img decoding=\"async\" class=\"details-img w-100\" src=\"https:\/\/www.adalet.az\/uploads\/img\/posts\/2025\/10\/17\/14jpeg-1760682356.jpeg\" \/><\/a><a class=\"col-3 p-2\" data-fancybox=\"gallery\" data-src=\"https:\/\/www.adalet.az\/uploads\/img\/posts\/2025\/10\/17\/13jpeg-1760682356.jpeg\"><img decoding=\"async\" class=\"details-img w-100\" src=\"https:\/\/www.adalet.az\/uploads\/img\/posts\/2025\/10\/17\/13jpeg-1760682356.jpeg\" \/><\/a><a class=\"col-3 p-2\" data-fancybox=\"gallery\" data-src=\"https:\/\/www.adalet.az\/uploads\/img\/posts\/2025\/10\/17\/11jpeg-1760682356.jpeg\"><img decoding=\"async\" class=\"details-img w-100\" src=\"https:\/\/www.adalet.az\/uploads\/img\/posts\/2025\/10\/17\/11jpeg-1760682356.jpeg\" \/><\/a><\/div>\n<div class=\"row m-0 p-0\"><\/div>\n<div class=\"row m-0 p-0\"><a class=\"col-3 p-2\" data-fancybox=\"gallery\" data-src=\"https:\/\/www.adalet.az\/uploads\/img\/posts\/2025\/10\/17\/9jpeg-1760682356.jpeg\"><img decoding=\"async\" class=\"details-img w-100\" src=\"https:\/\/www.adalet.az\/uploads\/img\/posts\/2025\/10\/17\/9jpeg-1760682356.jpeg\" \/><\/a><a class=\"col-3 p-2\" data-fancybox=\"gallery\" data-src=\"https:\/\/www.adalet.az\/uploads\/img\/posts\/2025\/10\/17\/8jpeg-1760682356.jpeg\"><img decoding=\"async\" class=\"details-img w-100\" src=\"https:\/\/www.adalet.az\/uploads\/img\/posts\/2025\/10\/17\/8jpeg-1760682356.jpeg\" \/><\/a><\/div>\n<div class=\"row m-0 p-0\"><\/div>\n<div class=\"row m-0 p-0\"><a class=\"col-3 p-2\" data-fancybox=\"gallery\" data-src=\"https:\/\/www.adalet.az\/uploads\/img\/posts\/2025\/10\/17\/6jpeg-1760682356.jpeg\"><img decoding=\"async\" class=\"details-img w-100\" src=\"https:\/\/www.adalet.az\/uploads\/img\/posts\/2025\/10\/17\/6jpeg-1760682356.jpeg\" \/><\/a><\/div>\n<div class=\"row m-0 p-0\"><a class=\"col-3 p-2\" data-fancybox=\"gallery\" data-src=\"https:\/\/www.adalet.az\/uploads\/img\/posts\/2025\/10\/17\/5jpeg-1760682356.jpeg\"><img decoding=\"async\" class=\"details-img w-100\" src=\"https:\/\/www.adalet.az\/uploads\/img\/posts\/2025\/10\/17\/5jpeg-1760682356.jpeg\" \/><\/a><\/div>\n<div class=\"row m-0 p-0\"><a class=\"col-3 p-2\" data-fancybox=\"gallery\" data-src=\"https:\/\/www.adalet.az\/uploads\/img\/posts\/2025\/10\/17\/4jpeg-1760682356.jpeg\"><img decoding=\"async\" class=\"details-img w-100\" src=\"https:\/\/www.adalet.az\/uploads\/img\/posts\/2025\/10\/17\/4jpeg-1760682356.jpeg\" \/><\/a><a class=\"col-3 p-2\" data-fancybox=\"gallery\" data-src=\"https:\/\/www.adalet.az\/uploads\/img\/posts\/2025\/10\/17\/3jpeg-1760682356.jpeg\"><img decoding=\"async\" class=\"details-img w-100\" src=\"https:\/\/www.adalet.az\/uploads\/img\/posts\/2025\/10\/17\/3jpeg-1760682356.jpeg\" \/><\/a><\/div>\n<div class=\"row m-0 p-0\"><a class=\"col-3 p-2\" data-fancybox=\"gallery\" data-src=\"https:\/\/www.adalet.az\/uploads\/img\/posts\/2025\/10\/17\/2jpeg-1760682356.jpeg\"><img decoding=\"async\" class=\"details-img w-100\" src=\"https:\/\/www.adalet.az\/uploads\/img\/posts\/2025\/10\/17\/2jpeg-1760682356.jpeg\" \/><\/a><\/div>\n<\/div>\n","protected":false},"excerpt":{"rendered":"<p>Mehriban \u018fliyeva, q\u0131zlar\u0131 v\u0259 g\u0259lini Vatikanda a\u00e7\u0131l\u0131\u015fa qat\u0131ld\u0131 Az\u0259rbaycan Respublikas\u0131n\u0131n Birinci Vitse-prezidenti Mehriban \u018fliyeva M\u00fcq\u0259dd\u0259s Taxt-Taca \u2013 Vatikana r\u0259smi s\u0259f\u0259r\u0259 g\u0259lib. &#8220;\u0130NFONEWS&#8221;\u00a0x\u0259b\u0259r verir ki, oktyabr\u0131n 16-da s\u0259f\u0259r \u00e7\u0259r\u00e7iv\u0259sind\u0259 Birinci Vitse-prezident&hellip; <\/p>\n","protected":false},"author":14,"featured_media":49183,"comment_status":"open","ping_status":"open","sticky":false,"template":"","format":"standard","meta":{"_mi_skip_tracking":false,"_monsterinsights_sitenote_active":false,"_monsterinsights_sitenote_note":"","_monsterinsights_sitenote_category":0,"footnotes":""},"categories":[5373,4,11],"tags":[14924,962,15,14923],"aioseo_notices":[],"_links":{"self":[{"href":"https:\/\/infonews.az\/index.php?rest_route=\/wp\/v2\/posts\/49182"}],"collection":[{"href":"https:\/\/infonews.az\/index.php?rest_route=\/wp\/v2\/posts"}],"about":[{"href":"https:\/\/infonews.az\/index.php?rest_route=\/wp\/v2\/types\/post"}],"author":[{"embeddable":true,"href":"https:\/\/infonews.az\/index.php?rest_route=\/wp\/v2\/users\/14"}],"replies":[{"embeddable":true,"href":"https:\/\/infonews.az\/index.php?rest_route=%2Fwp%2Fv2%2Fcomments&post=49182"}],"version-history":[{"count":1,"href":"https:\/\/infonews.az\/index.php?rest_route=\/wp\/v2\/posts\/49182\/revisions"}],"predecessor-version":[{"id":49184,"href":"https:\/\/infonews.az\/index.php?rest_route=\/wp\/v2\/posts\/49182\/revisions\/49184"}],"wp:featuredmedia":[{"embeddable":true,"href":"https:\/\/infonews.az\/index.php?rest_route=\/wp\/v2\/media\/49183"}],"wp:attachment":[{"href":"https:\/\/infonews.az\/index.php?rest_route=%2Fwp%2Fv2%2Fmedia&parent=49182"}],"wp:term":[{"taxonomy":"category","embeddable":true,"href":"https:\/\/infonews.az\/index.php?rest_route=%2Fwp%2Fv2%2Fcategories&post=49182"},{"taxonomy":"post_tag","embeddable":true,"href":"https:\/\/infonews.az\/index.php?rest_route=%2Fwp%2Fv2%2Ftags&post=49182"}],"curies":[{"name":"wp","href":"https:\/\/api.w.org\/{rel}","templated":true}]}}