{"id":49220,"date":"2025-10-29T09:57:57","date_gmt":"2025-10-29T05:57:57","guid":{"rendered":"https:\/\/infonews.az\/?p=49220"},"modified":"2025-10-29T10:22:25","modified_gmt":"2025-10-29T06:22:25","slug":"akademik-kitabxanalarda-yeni-dovrun-baslangici-unec-24-7-kitabxanasi-reqemlerde","status":"publish","type":"post","link":"https:\/\/infonews.az\/?p=49220","title":{"rendered":"Akademik kitabxanalarda yeni d\u00f6vr\u00fcn ba\u015flan\u011f\u0131c\u0131- UNEC 24\/7 K\u0130TABXANASI R\u018fQ\u018fML\u018fRD\u018f"},"content":{"rendered":"<p><img loading=\"lazy\" decoding=\"async\" class=\"size-full wp-image-49231 alignright\" src=\"https:\/\/infonews.az\/wp-content\/uploads\/2025\/10\/\u0411\u0435\u0437-\u043d\u0430\u0437\u0432\u0430\u043d\u0438\u044f-6.jpeg\" alt=\"\" width=\"261\" height=\"193\" \/><\/p>\n<p>&nbsp;<\/p>\n<p>&nbsp;<\/p>\n<p>&nbsp;<\/p>\n<p>&nbsp;<\/p>\n<p>&nbsp;<\/p>\n<p>&nbsp;<\/p>\n<p style=\"text-align: right\"><span style=\"color: #000080\"><strong><em>Arzu M\u018fMM\u018fDOVA<\/em><\/strong><\/span><\/p>\n<p style=\"text-align: right\"><span style=\"color: #000080\">Az\u0259rbaycan D\u00f6vl\u0259t \u0130qtisad Universiteti (UNEC)<\/span><\/p>\n<p style=\"text-align: right\"><span style=\"color: #000080\">Kitabxana \u0130nformasiya M\u0259rk\u0259zi (K\u0130M) 24\/7 kitabxanas\u0131n\u0131n m\u00fcdiri<\/span><\/p>\n<p style=\"text-align: center\"><span style=\"color: #ff0000\"><strong>Akademik kitabxanalarda yeni d\u00f6vr\u00fcn ba\u015flan\u011f\u0131c\u0131 \u00a0<\/strong><\/span><\/p>\n<p style=\"text-align: center\"><span style=\"color: #ff0000\"><strong>UNEC 24\/7 K\u0130TABXANASI R\u018fQ\u018fML\u018fRD\u018f<\/strong><\/span><\/p>\n<blockquote><p>M\u00fcasir kitabxanalarda f\u0259aliyy\u0259t istiqam\u0259tl\u0259ri \u00fcz\u0259rind\u0259n apar\u0131lan t\u0259hlill\u0259r kitabxana idar\u0259\u00e7iliyind\u0259 b\u00f6y\u00fck d\u0259yi\u015fiklikl\u0259r\u0259 s\u0259b\u0259b olmu\u015fdur. Oxucu-istifad\u0259\u00e7i ehtiyaclar\u0131n\u0131n, oxu v\u0259rdi\u015fl\u0259rinin v\u0259 resurslar\u0131n istifad\u0259sinin davaml\u0131 analiz olunmas\u0131 kitabxanalar\u0131n xidm\u0259tl\u0259rini daha m\u0259qs\u0259dy\u00f6nl\u00fc v\u0259 effektiv qurmas\u0131na imkan verir. Bu t\u0259hlill\u0259r say\u0259sind\u0259 kitabxanalar h\u0259m fiziki, h\u0259m d\u0259 r\u0259q\u0259msal resurslar\u0131n\u0131 optimal \u015f\u0259kild\u0259 idar\u0259 edir, oxuculara f\u0259rdil\u0259\u015fdirilmi\u015f v\u0259 zaman\u0131na uy\u011fun xidm\u0259tl\u0259r t\u0259qdim edir. Bel\u0259 yana\u015fma, h\u0259m\u00e7inin kitabxana \u0259m\u0259kda\u015flar\u0131n\u0131n i\u015f y\u00fck\u00fcn\u00fc v\u0259 resurs paylanmas\u0131n\u0131 daha s\u0259m\u0259r\u0259li planla\u015fd\u0131rma\u011fa \u015f\u0259rait yarad\u0131r.<\/p><\/blockquote>\n<p><a href=\"https:\/\/infonews.az\/?p=49220\"><span style=\"color: #000080\"><strong>&#8220;\u0130NFONEWS&#8221;<\/strong><\/span><\/a> t\u0259qdim edir.<\/p>\n<p>Son ill\u0259rd\u0259 UNEC K\u0130M-in 24\/7 kitabxanas\u0131 f\u0259aliyy\u0259tin\u0259 datalar \u00fcz\u0259rind\u0259n yana\u015faraq, yeni d\u00f6vrl\u0259 ayaqla\u015fma\u011fa \u00e7\u0131l\u0131\u015f\u0131r. Kitabxana m\u00fcasir analiz vasit\u0259l\u0259rind\u0259n istifad\u0259 ed\u0259r\u0259k oxucu-istifad\u0259\u00e7i t\u0259l\u0259bl\u0259rini d\u0259qiq m\u00fc\u0259yy\u0259n edir, resurslar\u0131n istifad\u0259sini izl\u0259yir v\u0259 n\u0259tic\u0259d\u0259 xidm\u0259t keyfiyy\u0259tini davaml\u0131 y\u00fcks\u0259ltm\u0259y\u0259 \u00e7al\u0131\u015f\u0131r. Bu yana\u015fma UNEC K\u0130M-in 24\/7 kitabxanas\u0131n\u0131n f\u0259aliyy\u0259tini daha m\u0259hsuldar v\u0259 istifad\u0259\u00e7i m\u0259mnuniyy\u0259tini art\u0131ran s\u0259viyy\u0259d\u0259 qalmas\u0131na yard\u0131m edir. Data \u0259sasl\u0131 q\u0259rarverm\u0259 kitabxanan\u0131n innovativ v\u0259 r\u0259q\u0259msal d\u00f6vr\u00fcn t\u0259l\u0259bl\u0259rin\u0259 uy\u011fun olaraq inki\u015faf\u0131na b\u00f6y\u00fck t\u00f6hf\u0259 verir v\u0259 akademik m\u00fchitd\u0259 t\u0259hsil v\u0259 t\u0259dqiqat prosesl\u0259rinin d\u0259st\u0259kl\u0259nm\u0259sind\u0259 m\u00fch\u00fcm rol oynay\u0131r.<\/p>\n<p><img loading=\"lazy\" decoding=\"async\" class=\"aligncenter size-full wp-image-49221\" src=\"https:\/\/infonews.az\/wp-content\/uploads\/2025\/10\/data1.jpg\" alt=\"\" width=\"915\" height=\"592\" srcset=\"https:\/\/infonews.az\/wp-content\/uploads\/2025\/10\/data1.jpg 915w, https:\/\/infonews.az\/wp-content\/uploads\/2025\/10\/data1-300x194.jpg 300w, https:\/\/infonews.az\/wp-content\/uploads\/2025\/10\/data1-768x497.jpg 768w\" sizes=\"(max-width: 915px) 100vw, 915px\" \/><\/p>\n<p style=\"text-align: center\"><em>(Qrafik 1)\u00a0<\/em><\/p>\n<p>Kitabxanan\u0131n 2018 \u2013 2024-c\u00fc ill\u0259rd\u0259 f\u0259aliyy\u0259tinin t\u0259hlilini t\u0259qdim edirik. Kitabxanan\u0131 ziyar\u0259t ed\u0259n oxucu-istifad\u0259\u00e7il\u0259rinin ill\u0259r \u00fczr\u0259 say\u0131n\u0131n art\u0131b-azald\u0131\u011f\u0131n\u0131 ayd\u0131n g\u00f6rm\u0259k olar<em> (Qrafik 1)<\/em>.<\/p>\n<p>F\u0259aliyy\u0259tinin ilk ill\u0259rind\u0259 kitabxanaya m\u00fcxt\u0259lif s\u0259b\u0259bl\u0259rd\u0259n maraq g\u00f6st\u0259r\u0259nl\u0259rin say\u0131 daha y\u00fcks\u0259k olub. T\u0259hlil etdikd\u0259, yeni infrastruktur, 3 n\u00f6vb\u0259li i\u015fl\u0259m\u0259 mexanizmi, fonda daxil olan \u0259n t\u0259z\u0259 xarici n\u0259\u015frl\u0259r, 1 milyona yax\u0131n elektron resursa \u00e7\u0131x\u0131\u015f imkanlar\u0131, s\u00fcr\u0259tli internetin, a\u00e7\u0131q vf zonas\u0131n\u0131n olmas\u0131, h\u0259m\u00e7inin UNEC-in dig\u0259r kitabxanalar\u0131n\u0131n t\u0259mir, yenil\u0259nm\u0259 il\u0259 \u0259laq\u0259dar m\u0259hdudiyy\u0259tli f\u0259aliyy\u0259ti, el\u0259c\u0259 d\u0259 3 sayl\u0131 kitabxanan\u0131n ba\u011flanaraq, yenid\u0259n quruldu\u011fu kimifaktlar\u0131n t\u0259sirini g\u00f6r\u0259rik.<\/p>\n<p><img loading=\"lazy\" decoding=\"async\" class=\"aligncenter size-full wp-image-49222\" src=\"https:\/\/infonews.az\/wp-content\/uploads\/2025\/10\/qrafik2.jpg\" alt=\"\" width=\"933\" height=\"433\" srcset=\"https:\/\/infonews.az\/wp-content\/uploads\/2025\/10\/qrafik2.jpg 933w, https:\/\/infonews.az\/wp-content\/uploads\/2025\/10\/qrafik2-300x139.jpg 300w, https:\/\/infonews.az\/wp-content\/uploads\/2025\/10\/qrafik2-768x356.jpg 768w\" sizes=\"(max-width: 933px) 100vw, 933px\" \/><\/p>\n<p style=\"text-align: center\"><em>(Qrafik 2)<\/em><\/p>\n<p>\u00dcmumiyy\u0259tl\u0259, kitabxanan\u0131n f\u0259aliyy\u0259tini pandemiyadan \u0259vv\u0259l v\u0259 pandemiyadan sonrak\u0131 d\u00f6vr\u0259 ay\u0131rsaq, daha d\u00fczg\u00fcn olard\u0131. Oxucu-istifad\u0259\u00e7il\u0259rin 2023-c\u00fc il elmi v\u0259 sair (b\u0259dii, motivasiya, \u00f6z\u00fcninki\u015faf, bioqrafik, statistik, infoqrafik v\u0259 s. \u0259d\u0259biyyat) \u0259d\u0259biyyata m\u00fcraci\u0259tinin dig\u0259r ill\u0259r\u0259 nisb\u0259td\u0259 \u00fcst\u00fcnl\u00fck da\u015f\u0131mas\u0131 g\u00f6rs\u0259nir <em>(Qrafik 2).<\/em> Pandemiya d\u00f6vr\u00fcnd\u0259 kitabxanalar\u0131n m\u0259saf\u0259d\u0259n, onlayn, daha sonralar hibrid f\u0259aliyy\u0259ti, bununla yana\u015f\u0131, kitabxana fonduna daxil olan yeni adda n\u0259\u015frl\u0259rl\u0259 tan\u0131\u015fl\u0131q imkan\u0131 v\u0259 fiziki kitabxana m\u00fchitind\u0259n uzun m\u00fcdd\u0259t istifad\u0259 ed\u0259 bilm\u0259m\u0259yin yaratd\u0131\u011f\u0131 bo\u015flu\u011fun aradan qald\u0131r\u0131lmas\u0131n\u0131n pik n\u00f6qt\u0259si 2023-c\u00fc ildir. Bu tendensiya kitabxanalar\u0131n pandemiya sonras\u0131 d\u00f6vrd\u0259 oxucu t\u0259l\u0259bl\u0259rin\u0259 adaptasiya v\u0259 xidm\u0259t keyfiyy\u0259tinin y\u00fcks\u0259ldilm\u0259si istiqam\u0259tind\u0259 \u0259h\u0259miyy\u0259tli u\u011fur \u0259ld\u0259 etdiyini g\u00f6st\u0259rir.<\/p>\n<p><img loading=\"lazy\" decoding=\"async\" class=\"aligncenter size-full wp-image-49223\" src=\"https:\/\/infonews.az\/wp-content\/uploads\/2025\/10\/qrafik-3.jpg\" alt=\"\" width=\"920\" height=\"627\" srcset=\"https:\/\/infonews.az\/wp-content\/uploads\/2025\/10\/qrafik-3.jpg 920w, https:\/\/infonews.az\/wp-content\/uploads\/2025\/10\/qrafik-3-300x204.jpg 300w, https:\/\/infonews.az\/wp-content\/uploads\/2025\/10\/qrafik-3-768x523.jpg 768w\" sizes=\"(max-width: 920px) 100vw, 920px\" \/><\/p>\n<p style=\"text-align: center\"><em>(Qrafik 3)<\/em><\/p>\n<p>Sor\u011fular\u0131n onlayn cavabland\u0131r\u0131lmas\u0131n\u0131n da \u0259n yuxar\u0131 g\u00f6st\u0259ricisinin 2023-c\u00fc il oldu\u011funu g\u00f6r\u00fcr\u00fck. Sosial media hesablar\u0131ndan, el\u0259c\u0259 d\u0259 e-mail \u00fcz\u0259rind\u0259n \u00fcnvanlanan suallar i\u00e7\u0259risind\u0259 \u201ckitabxanan\u0131n a\u00e7\u0131q-ba\u011fl\u0131 olmas\u0131\u201d, \u201chans\u0131 rejimd\u0259 \u00e7al\u0131\u015fmas\u0131\u201d \u00fcst\u00fcnl\u00fck t\u0259\u015fkil edir. Oxucu-istifad\u0259\u00e7il\u0259rin kitabxanan\u0131n post pandemiya f\u0259aliyy\u0259tin\u0259 adaptasiyas\u0131 m\u00fc\u015fahid\u0259 olunur.<\/p>\n<p><img loading=\"lazy\" decoding=\"async\" class=\"aligncenter size-full wp-image-49224\" src=\"https:\/\/infonews.az\/wp-content\/uploads\/2025\/10\/qrafik-4.jpg\" alt=\"\" width=\"926\" height=\"631\" srcset=\"https:\/\/infonews.az\/wp-content\/uploads\/2025\/10\/qrafik-4.jpg 926w, https:\/\/infonews.az\/wp-content\/uploads\/2025\/10\/qrafik-4-300x204.jpg 300w, https:\/\/infonews.az\/wp-content\/uploads\/2025\/10\/qrafik-4-768x523.jpg 768w\" sizes=\"(max-width: 926px) 100vw, 926px\" \/><\/p>\n<p style=\"text-align: center\"><em>(Qrafik 4)<\/em><\/p>\n<p>UNEC K\u0130M-in 24\/7 kitabxanas\u0131n\u0131n \u0259sas x\u00fcsusiyy\u0259tl\u0259ri s\u0131ras\u0131nda layih\u0259l\u0259rin \u00e7oxlu\u011fu v\u0259 r\u0259ngar\u0259ngliyi, m\u0259zmun bax\u0131m\u0131ndan z\u0259ngin v\u0259 aktual m\u00f6vzular\u0131 \u0259hat\u0259 ed\u0259n t\u0259dbirl\u0259rin t\u0259\u015fkil olunmas\u0131, el\u0259c\u0259 d\u0259 elektron resurslar\u0131n effektiv istifad\u0259si v\u0259 m\u00fcxt\u0259lif sah\u0259l\u0259r \u00fczr\u0259 m\u00fcnt\u0259z\u0259m t\u0259liml\u0259rin ke\u00e7irilm\u0259si \u00f6n\u0259mli yer tutur ki, bu da getdikc\u0259 artan x\u0259ttl\u0259 i\u015far\u0259l\u0259nib.<\/p>\n<p>UNEC K\u0130M-in 24\/7 Kitabxanas\u0131n\u0131n f\u0259aliyy\u0259ti, layih\u0259l\u0259ri, yenilikl\u0259ri, t\u0259dbirl\u0259rinin yerli v\u0259 xarici m\u0259tbuatda i\u015f\u0131qland\u0131r\u0131lmas\u0131 m\u0259lumatlar\u0131 n\u00f6vb\u0259ti qrafikd\u0259 verilib <em>(Qrafik5).<\/em> Kitabxanan\u0131n yeni a\u00e7\u0131l\u0131\u015f\u0131 ill\u0259rind\u0259 median\u0131n diqq\u0259ti \u00fcst\u00fcnl\u00fck t\u0259\u015fkil edir. Sonrak\u0131 d\u00f6vrl\u0259rd\u0259 is\u0259 onun f\u0259aliyy\u0259ti il\u0259 ba\u011fl\u0131 m\u0259qal\u0259l\u0259rd\u0259 daha \u0259hat\u0259li v\u0259 m\u0259zmunlu \u015f\u0259kild\u0259 d\u0259rc olunaraq, kitabxanan\u0131n davaml\u0131 inki\u015faf\u0131 v\u0259 ictimaiyy\u0259tl\u0259 \u0259laq\u0259l\u0259rinin m\u00f6hk\u0259ml\u0259ndirilm\u0259si bar\u0259d\u0259 geni\u015f m\u0259lumatlar mediada \u00f6z \u0259ksini tap\u0131b.<\/p>\n<p><img loading=\"lazy\" decoding=\"async\" class=\"aligncenter size-full wp-image-49225\" src=\"https:\/\/infonews.az\/wp-content\/uploads\/2025\/10\/qrafik-5.jpg\" alt=\"\" width=\"931\" height=\"632\" srcset=\"https:\/\/infonews.az\/wp-content\/uploads\/2025\/10\/qrafik-5.jpg 931w, https:\/\/infonews.az\/wp-content\/uploads\/2025\/10\/qrafik-5-300x204.jpg 300w, https:\/\/infonews.az\/wp-content\/uploads\/2025\/10\/qrafik-5-768x521.jpg 768w\" sizes=\"(max-width: 931px) 100vw, 931px\" \/><\/p>\n<p style=\"text-align: center\"><em>(Qrafik 5)<\/em><\/p>\n<p>Dig\u0259r qrafikl\u0259rd\u0259 kitabxana fonduna daxil olan kitablar\u0131n say\u0131, h\u0259m\u00e7inin dill\u0259r \u00fczr\u0259 g\u00f6st\u0259ricil\u0259ri\u00a0t\u0259qdim edilib.<\/p>\n<p style=\"text-align: center\"><em><img loading=\"lazy\" decoding=\"async\" class=\"aligncenter size-full wp-image-49226\" src=\"https:\/\/infonews.az\/wp-content\/uploads\/2025\/10\/qrafik-6.jpg\" alt=\"\" width=\"913\" height=\"556\" srcset=\"https:\/\/infonews.az\/wp-content\/uploads\/2025\/10\/qrafik-6.jpg 913w, https:\/\/infonews.az\/wp-content\/uploads\/2025\/10\/qrafik-6-300x183.jpg 300w, https:\/\/infonews.az\/wp-content\/uploads\/2025\/10\/qrafik-6-768x468.jpg 768w\" sizes=\"(max-width: 913px) 100vw, 913px\" \/>(Qrafik 6)<\/em><\/p>\n<p>Kitabxanan\u0131n fondunda daxil olan kitablar\u0131n dig\u0259r kitabxanalar aras\u0131nda fak\u00fclt\u0259l\u0259rin \u00fcst\u00fcnl\u00fcy\u00fcn\u0259\u00a0g\u00f6r\u0259 paylanmas\u0131 m\u00fc\u015fahid\u0259 edilir. El\u0259c\u0259 d\u0259, UNEC 24\/7 Kitabxanas\u0131 fondundan dig\u0259r kitabxana v\u0259<\/p>\n<p>b\u0259zi \u015f\u00f6b\u0259l\u0259r\u0259 kitablar ayr\u0131lm\u0131\u015fd\u0131r. Bununla bel\u0259 fondun say\u0131 davaml\u0131 artm\u0131\u015fd\u0131r<em> (Qrafik 6)<\/em>.<\/p>\n<p><img loading=\"lazy\" decoding=\"async\" class=\"aligncenter size-full wp-image-49227\" src=\"https:\/\/infonews.az\/wp-content\/uploads\/2025\/10\/qrafik7.jpg\" alt=\"\" width=\"913\" height=\"626\" srcset=\"https:\/\/infonews.az\/wp-content\/uploads\/2025\/10\/qrafik7.jpg 913w, https:\/\/infonews.az\/wp-content\/uploads\/2025\/10\/qrafik7-300x206.jpg 300w, https:\/\/infonews.az\/wp-content\/uploads\/2025\/10\/qrafik7-768x527.jpg 768w\" sizes=\"(max-width: 913px) 100vw, 913px\" \/><\/p>\n<p style=\"text-align: center\"><em>(Qrafik 7)<\/em><\/p>\n<p>\u201cFonda daxil olan kitablar\u0131n dill\u0259r \u00fcrz\u0259 t\u0259hlili\u201dnd\u0259 xarici dild\u0259 kitablar\u0131n \u00fcst\u00fcnl\u00fck t\u0259\u015fkil etm\u0259sini \u2013 g\u00f6r\u00fcr\u00fck <em>(Qrafik 7)<\/em>. Daha sonralar do\u011fma dild\u0259 olan \u0259d\u0259biyyat\u0131n \u00e7oxlu\u011funu t\u0259rc\u00fcm\u0259 \u0259d\u0259biyyat\u0131n\u0131n\u00a0artmas\u0131 il\u0259 izah ed\u0259 bil\u0259rik.<\/p>\n<p>M\u00fcasir d\u00f6vrd\u0259 data \u0259sasl\u0131 yana\u015fmalar ist\u0259nil\u0259n sah\u0259d\u0259, o c\u00fcml\u0259d\u0259n, akademik kitabxanalarda f\u0259aliyy\u0259tin effektivliyini art\u0131rmaq \u00fc\u00e7\u00fcn m\u00fch\u00fcm vasit\u0259y\u0259 \u00e7evrilmi\u015fdir. Ayl\u0131q, yar\u0131millik v\u0259 illik hesabatlar, el\u0259c\u0259 d\u0259 data t\u0259hlill\u0259r kitabxanan\u0131n g\u0259l\u0259c\u0259k inki\u015faf strategiyalar\u0131n\u0131n m\u00fc\u0259yy\u0259nl\u0259\u015fdirilm\u0259sind\u0259, prioritet istiqam\u0259tl\u0259rin d\u00fczg\u00fcn planla\u015fd\u0131r\u0131lmas\u0131nda \u0259sas rol oynay\u0131r. Oxucu davran\u0131\u015flar\u0131n\u0131n analizin\u0259 \u0259saslanan f\u0259rdil\u0259\u015fdirilmi\u015f xidm\u0259tl\u0259rin t\u0259\u015fkili, \u0259m\u0259kda\u015f ehtiyaclar\u0131n\u0131n v\u0259 resurslar\u0131n s\u0259m\u0259r\u0259li planla\u015fd\u0131r\u0131lmas\u0131 kimi m\u0259s\u0259l\u0259l\u0259r d\u0259 m\u0259lumatlar\u0131n d\u0259rin t\u0259hlili say\u0259sind\u0259 daha effektli \u015f\u0259kild\u0259 h\u0259yata ke\u00e7irilir. Bundan \u0259lav\u0259, universitet kitabxanalar\u0131n\u0131n elmi f\u0259aliyy\u0259tin d\u0259st\u0259kl\u0259nm\u0259sind\u0259 data analizl\u0259rin rolu x\u00fcsusil\u0259 \u0259h\u0259miyy\u0259tlidir v\u0259 onlar\u0131n davaml\u0131 inki\u015faf\u0131na t\u0259kan verir.<\/p>\n","protected":false},"excerpt":{"rendered":"<p>&nbsp; &nbsp; &nbsp; &nbsp; &nbsp; &nbsp; Arzu M\u018fMM\u018fDOVA Az\u0259rbaycan D\u00f6vl\u0259t \u0130qtisad Universiteti (UNEC) Kitabxana \u0130nformasiya M\u0259rk\u0259zi (K\u0130M) 24\/7 kitabxanas\u0131n\u0131n m\u00fcdiri Akademik kitabxanalarda yeni d\u00f6vr\u00fcn ba\u015flan\u011f\u0131c\u0131 \u00a0 UNEC 24\/7 K\u0130TABXANASI R\u018fQ\u018fML\u018fRD\u018f&hellip; <\/p>\n","protected":false},"author":14,"featured_media":49228,"comment_status":"open","ping_status":"open","sticky":false,"template":"","format":"standard","meta":{"_mi_skip_tracking":false,"_monsterinsights_sitenote_active":false,"_monsterinsights_sitenote_note":"","_monsterinsights_sitenote_category":0,"footnotes":""},"categories":[4,11,3],"tags":[14937,47,4115,15],"aioseo_notices":[],"_links":{"self":[{"href":"https:\/\/infonews.az\/index.php?rest_route=\/wp\/v2\/posts\/49220"}],"collection":[{"href":"https:\/\/infonews.az\/index.php?rest_route=\/wp\/v2\/posts"}],"about":[{"href":"https:\/\/infonews.az\/index.php?rest_route=\/wp\/v2\/types\/post"}],"author":[{"embeddable":true,"href":"https:\/\/infonews.az\/index.php?rest_route=\/wp\/v2\/users\/14"}],"replies":[{"embeddable":true,"href":"https:\/\/infonews.az\/index.php?rest_route=%2Fwp%2Fv2%2Fcomments&post=49220"}],"version-history":[{"count":4,"href":"https:\/\/infonews.az\/index.php?rest_route=\/wp\/v2\/posts\/49220\/revisions"}],"predecessor-version":[{"id":49233,"href":"https:\/\/infonews.az\/index.php?rest_route=\/wp\/v2\/posts\/49220\/revisions\/49233"}],"wp:featuredmedia":[{"embeddable":true,"href":"https:\/\/infonews.az\/index.php?rest_route=\/wp\/v2\/media\/49228"}],"wp:attachment":[{"href":"https:\/\/infonews.az\/index.php?rest_route=%2Fwp%2Fv2%2Fmedia&parent=49220"}],"wp:term":[{"taxonomy":"category","embeddable":true,"href":"https:\/\/infonews.az\/index.php?rest_route=%2Fwp%2Fv2%2Fcategories&post=49220"},{"taxonomy":"post_tag","embeddable":true,"href":"https:\/\/infonews.az\/index.php?rest_route=%2Fwp%2Fv2%2Ftags&post=49220"}],"curies":[{"name":"wp","href":"https:\/\/api.w.org\/{rel}","templated":true}]}}