{"id":49300,"date":"2025-11-05T14:10:14","date_gmt":"2025-11-05T10:10:14","guid":{"rendered":"https:\/\/infonews.az\/?p=49300"},"modified":"2025-11-05T14:10:14","modified_gmt":"2025-11-05T10:10:14","slug":"dilin-safliginin-qorunmasi-yalniz-olk%c9%99-daxilind%c9%99-deyil-elcin-mirz%c9%99b%c9%99yli","status":"publish","type":"post","link":"https:\/\/infonews.az\/?p=49300","title":{"rendered":"&#8220;Dilin safl\u0131\u011f\u0131n\u0131n qorunmas\u0131 yaln\u0131z \u00f6lk\u0259 daxilind\u0259 deyil&#8230;&#8221;- El\u00e7in Mirz\u0259b\u0259yli"},"content":{"rendered":"<p><span style=\"color: #ffffff\">&#8220;Dilin safl\u0131\u011f\u0131n\u0131n qorunmas\u0131 yaln\u0131z \u00f6lk\u0259 daxilind\u0259 deyil&#8230;&#8221;- El\u00e7in Mirz\u0259b\u0259yli <\/span><\/p>\n<blockquote><p>Az\u0259rbaycan dili minillikl\u0259rin s\u0131na\u011f\u0131ndan ke\u00e7mi\u015f, xalq\u0131m\u0131z\u0131n qan yadda\u015f\u0131n\u0131, milli kimliyini v\u0259 d\u00f6vl\u0259t\u00e7ilik ruhunu ya\u015fadan \u0259n m\u00f6hk\u0259m s\u00fctundur. Prezident \u0130lham \u018fliyevin Az\u0259rbaycan Milli Elml\u0259r Akademiyas\u0131n\u0131n 80 illik yubileyind\u0259 s\u0259sl\u0259ndirdiyi fikirl\u0259r bu bax\u0131mdan h\u0259m siyasi, h\u0259m d\u0259 m\u0259d\u0259ni m\u0259nada strateji \u0259h\u0259miyy\u0259t da\u015f\u0131y\u0131r. \u201cT\u0259miz, saf, \u0259d\u0259bi Az\u0259rbaycan dilinin qoruyucular\u0131 bizik \u2013 m\u00fcst\u0259qil Az\u0259rbaycan d\u00f6vl\u0259ti\u201d ifad\u0259si yaln\u0131z dil m\u0259s\u0259l\u0259sin\u0259 m\u00fcnasib\u0259t deyil, eyni zamanda, d\u00f6vl\u0259tin m\u0259d\u0259ni kimlik qar\u015f\u0131s\u0131nda m\u0259suliyy\u0259tini d\u0259 ifad\u0259 edir. \u00c7\u00fcnki d\u00f6vl\u0259t h\u0259m d\u0259 dilin, m\u0259d\u0259niyy\u0259tin v\u0259 milli yadda\u015f\u0131n \u0259sas qoruyucusudur. Tarix g\u00f6st\u0259rir ki, dilini, tarixini, m\u0259d\u0259niyy\u0259tini unudan mill\u0259t bir m\u00fcdd\u0259t sonra d\u00f6vl\u0259tini d\u0259 itirir. Az\u0259rbaycan xalq\u0131 \u0259srl\u0259r boyu ana dilimizin varl\u0131\u011f\u0131 u\u011frunda m\u00fcbariz\u0259 apar\u0131b, milli kimliyini m\u0259hz ana dilinin safl\u0131\u011f\u0131 hesab\u0131na qoruyub saxlay\u0131b.<\/p><\/blockquote>\n<p><a href=\"https:\/\/infonews.az\/?p=49300\"><span style=\"color: #333399\"><strong>&#8220;\u0130NFONEWS&#8221;<\/strong><\/span><\/a> x\u0259b\u0259r verir ki, bu fikirl\u0259ri AZ\u018fRTAC-a a\u00e7\u0131qlamas\u0131nda Milli M\u0259clisin deputat\u0131 El\u00e7in Mirz\u0259b\u0259yli s\u00f6yl\u0259yib.<\/p>\n<p>O bildirib ki, m\u00fcst\u0259qil Az\u0259rbaycan d\u00f6vl\u0259ti bu g\u00fcn dilimizin \u0259sas qoruyucudur v\u0259 Prezident \u0130lham \u018fliyevin \u00e7\u0131x\u0131\u015f\u0131 bu m\u0259suliyy\u0259tin h\u0259m siyasi, h\u0259m d\u0259 ideoloji \u0259saslar\u0131n\u0131 ifad\u0259 edir: &#8220;Dil t\u0259kc\u0259 filoloji m\u0259s\u0259l\u0259 deyil, h\u0259m d\u0259 milli t\u0259hl\u00fck\u0259sizlik v\u0259 m\u0259n\u0259vi m\u00fcst\u0259qillik m\u0259s\u0259l\u0259sidir. Xarici t\u0259sirl\u0259r, x\u00fcsusil\u0259, media v\u0259 sosial \u015f\u0259b\u0259k\u0259l\u0259rd\u0259 yad k\u0259lm\u0259l\u0259rin \u00e7oxalmas\u0131, dilin t\u0259mizliyin\u0259 z\u0259rb\u0259 vurur, milli \u00f6z\u00fcn\u0259m\u0259xsuslu\u011fumuzu t\u0259hl\u00fck\u0259 qar\u015f\u0131s\u0131nda qoyur. Prezidentin \u201c\u018fg\u0259r Az\u0259rbaycan dilind\u0259 \u0259z\u0259li bir k\u0259lm\u0259 varsa, ba\u015fqa dild\u0259n k\u0259lm\u0259ni g\u0259tirib \u0259v\u0259zl\u0259m\u0259k n\u0259 m\u0259qs\u0259d da\u015f\u0131y\u0131r? Bu, ya s\u0259hvdir, ya t\u0259xribatd\u0131r\u201d s\u00f6zl\u0259ri bu m\u0259s\u0259l\u0259nin mahiyy\u0259tini tam \u015f\u0259kild\u0259 ifad\u0259 edir. Az\u0259rbaycan dili xalq\u0131m\u0131z\u0131n birliyini v\u0259 identikliyini t\u0259min ed\u0259n \u0259sas amill\u0259rd\u0259n biridir. Prezident \u0130lham \u018fliyevin vur\u011fulad\u0131\u011f\u0131 kimi, ba\u015fqa \u00f6lk\u0259l\u0259rd\u0259 ya\u015fayan az\u0259rbaycanl\u0131lar aras\u0131nda \u0259d\u0259bi dilin z\u0259ifl\u0259m\u0259si v\u0259 m\u0259i\u015f\u0259t s\u0259viyy\u0259sin\u0259 enm\u0259si narahatedici hald\u0131r. Dilin t\u0259hrif olunmas\u0131, \u0259sas \u00fcnsiyy\u0259t vasit\u0259si kimi s\u0131radan \u00e7\u0131xmas\u0131 is\u0259 milli birliyimizin z\u0259ifl\u0259m\u0259sin\u0259 s\u0259b\u0259b ola bil\u0259r. Buna g\u00f6r\u0259 d\u0259, dilin safl\u0131\u011f\u0131n\u0131n qorunmas\u0131 yaln\u0131z \u00f6lk\u0259 daxilind\u0259 deyil, az\u0259rbaycanl\u0131lar\u0131n ya\u015fad\u0131qlar\u0131 b\u00fct\u00fcn yerl\u0259rd\u0259 ba\u015fl\u0131ca m\u0259s\u0259l\u0259 olmal\u0131d\u0131r. Xaricd\u0259 f\u0259aliyy\u0259t g\u00f6st\u0259r\u0259n m\u0259d\u0259niyy\u0259t m\u0259rk\u0259zl\u0259ri, m\u0259kt\u0259bl\u0259r v\u0259 diaspor t\u0259\u015fkilatlar\u0131 bu istiqam\u0259td\u0259 daha sistemli f\u0259aliyy\u0259t g\u00f6st\u0259rm\u0259li, \u0259d\u0259bi Az\u0259rbaycan dilinin \u00f6yr\u0259dilm\u0259sin\u0259 v\u0259 t\u0259bli\u011fin\u0259 x\u00fcsusi diqq\u0259t ay\u0131rmal\u0131d\u0131r. \u00c7\u00fcnki dil t\u0259kc\u0259 \u00fcnsiyy\u0259t vasit\u0259si deyil, milli varl\u0131\u011f\u0131n s\u0259rh\u0259dl\u0259rini m\u00fc\u0259yy\u0259n ed\u0259n m\u0259n\u0259vi d\u00f6vl\u0259tdir&#8221;.<\/p>\n<p>Deputat\u0131n s\u00f6zl\u0259rin\u0259 g\u00f6r\u0259, dilin s\u0259rh\u0259dl\u0259ri d\u00f6vl\u0259tin s\u0259rh\u0259dl\u0259ri kimi qorunmal\u0131d\u0131r: &#8220;Prezident \u0130lham \u018fliyevin \u00e7a\u011f\u0131r\u0131\u015f\u0131 h\u0259m d\u0259 aliml\u0259r\u0259, yaz\u0131\u00e7\u0131lara, \u015fairl\u0259r\u0259, jurnalistl\u0259r\u0259 v\u0259 ictimai xadiml\u0259r\u0259 \u00fcnvanlanm\u0131\u015f m\u0259n\u0259vi v\u0259 elmi m\u0259suliyy\u0259t a\u015f\u0131lay\u0131r. D\u00f6vl\u0259timizin ba\u015f\u00e7\u0131s\u0131 haql\u0131 olaraq qeyd edir ki, Az\u0259rbaycan dilinin safl\u0131\u011f\u0131n\u0131n qorunmas\u0131 h\u0259r bir v\u0259t\u0259nda\u015f\u0131n i\u015fi olmal\u0131d\u0131r. D\u00f6vl\u0259t, aliml\u0259r, dil\u00e7il\u0259r, yaz\u0131\u00e7\u0131lar, siyas\u0259t\u00e7il\u0259r v\u0259 media n\u00fcmay\u0259nd\u0259l\u0259ri bu m\u0259s\u0259l\u0259y\u0259 ciddi yana\u015fmal\u0131, dilin t\u0259mizliyinin qorunmas\u0131n\u0131 \u00fcmummilli v\u0259zif\u0259 kimi q\u0259bul etm\u0259lidirl\u0259r. \u018fd\u0259bi dilin norma v\u0259 qaydalar\u0131n\u0131n qorunmas\u0131, terminoloji sistemin milli \u0259sasda yenil\u0259nm\u0259si, t\u0259dris v\u0259 informasiya m\u00fchitind\u0259 Az\u0259rbaycan dilinin d\u00fczg\u00fcn t\u0259tbiqin\u0259 n\u0259zar\u0259t bu istiqam\u0259td\u0259 m\u00fch\u00fcm amill\u0259rd\u0259ndir. Prezident \u0130lham \u018fliyev bu m\u0259s\u0259l\u0259ni ilk d\u0259f\u0259 deyil ki, g\u00fcnd\u0259m\u0259 g\u0259tirir. On il \u0259vv\u0259l d\u0259 bu narahatl\u0131\u011f\u0131n\u0131 dil\u0259 g\u0259tir\u0259r\u0259k, k\u0259nar t\u0259sirl\u0259rin qar\u015f\u0131s\u0131n\u0131 almaq \u00fc\u00e7\u00fcn vacib t\u0259dbirl\u0259rin g\u00f6r\u00fclm\u0259sini tap\u015f\u0131rm\u0131\u015fd\u0131. Bu \u00e7\u0131x\u0131\u015f da h\u0259min siyas\u0259tin davam\u0131 v\u0259 daha d\u0259rin m\u0259rh\u0259l\u0259sidir. \u00c7\u00fcnki qloballa\u015fma d\u00f6vr\u00fcnd\u0259 informasiya ax\u0131nlar\u0131, texnoloji yenilikl\u0259r v\u0259 mediada yad dill\u0259rin t\u0259siri milli dild\u0259 yadla\u015fma meyill\u0259rini g\u00fccl\u0259ndirir. \u0130ngilis v\u0259 rus dill\u0259rind\u0259n g\u0259tiril\u0259n s\u00f6zl\u0259rin \u00e7oxalmas\u0131 t\u0259kc\u0259 dilin safl\u0131\u011f\u0131n\u0131n pozulmas\u0131 deyil, eyni zamanda, d\u00fc\u015f\u00fcnc\u0259 t\u0259rzinin d\u0259yi\u015fm\u0259si, milli t\u0259f\u0259kk\u00fcr\u00fcn z\u0259ifl\u0259m\u0259si dem\u0259kdir. Prezidentin \u201cya s\u0259hvdir, ya t\u0259xribatd\u0131r\u201d fikri bu ideoloji t\u0259hl\u00fck\u0259nin d\u0259rinliyin\u0259 diqq\u0259t \u00e7\u0259kir. Az\u0259rbaycan dilinin qorunmas\u0131 v\u0259 safl\u0131\u011f\u0131n\u0131n t\u0259min olunmas\u0131 g\u0259l\u0259c\u0259y\u0259 y\u00f6n\u0259lmi\u015f strateji m\u0259s\u0259l\u0259dir. M\u00fcst\u0259qil Az\u0259rbaycan d\u00f6vl\u0259ti \u00f6z dilinin yaln\u0131z h\u00fcquqi deyil, h\u0259m d\u0259 m\u0259n\u0259vi qoruyucusudur. Prezidentin \u201cbizim dilimiz q\u0259dimdir, z\u0259ngindir v\u0259 xarici k\u0259lm\u0259l\u0259r\u0259 ehtiyac yoxdur\u201d fikri Az\u0259rbaycan dilinin t\u0259kam\u00fcl potensial\u0131na, onun daxili z\u0259nginliyin\u0259 v\u0259 m\u00fcasir d\u00f6vr\u00fcn t\u0259l\u0259bl\u0259rin\u0259 cavab verm\u0259 qabiliyy\u0259tin\u0259 olan inam\u0131 ifad\u0259 edir. Bu bax\u0131mdan Prezident \u0130lham \u018fliyevin \u00e7\u0131x\u0131\u015f\u0131, sad\u0259c\u0259, bir \u00e7a\u011f\u0131r\u0131\u015f deyil, milli ideoloji konsepsiyan\u0131n yenil\u0259nm\u0259si kimi d\u0259y\u0259rl\u0259ndirilm\u0259lidir. Az\u0259rbaycan dili d\u00f6vl\u0259t suverenliyinin m\u0259n\u0259vi daya\u011f\u0131, milli kimliyimizin qoruyucusu v\u0259 milli m\u0259d\u0259niyy\u0259timizin da\u015f\u0131y\u0131c\u0131s\u0131d\u0131r. T\u0259miz, saf Az\u0259rbaycan dili anlay\u0131\u015f\u0131 d\u00f6vl\u0259t ideologiyas\u0131n\u0131n, m\u0259d\u0259ni t\u0259hl\u00fck\u0259sizliyin v\u0259 milli birliyin \u0259sas\u0131n\u0131 t\u0259\u015fkil edir\u201d, &#8211; dey\u0259 o vur\u011fulay\u0131b.<\/p>\n<p>El\u00e7in Mirz\u0259b\u0259yli qeyd edib ki, Az\u0259rbaycan xalq\u0131 tarix boyu dilin\u0259 sahib \u00e7\u0131xmaqla \u00f6z varl\u0131\u011f\u0131n\u0131, m\u0259n\u0259viyyat\u0131n\u0131 v\u0259 d\u00f6vl\u0259t\u00e7ilik \u0259n\u0259n\u0259l\u0259rini qoruyub. \u201cBu g\u00fcn d\u0259 dilimizin safl\u0131\u011f\u0131 u\u011frunda m\u00fcbariz\u0259 milli kimliyimizin v\u0259 m\u00fcst\u0259qilliyimizin qorunmas\u0131 dem\u0259kdir. Prezident \u0130lham \u018fliyevin \u00e7\u0131x\u0131\u015f\u0131 h\u0259r bir v\u0259t\u0259nda\u015f \u00fc\u00e7\u00fcn m\u0259n\u0259vi g\u00f6st\u0259ri\u015f, h\u0259r bir alim \u00fc\u00e7\u00fcn elmi m\u0259suliyy\u0259t, h\u0259r bir media n\u00fcmay\u0259nd\u0259si \u00fc\u00e7\u00fcn milli borc kimi d\u0259y\u0259rl\u0259ndirilm\u0259lidir. Az\u0259rbaycan dili bizim milli kimliyimiz v\u0259 b\u00fct\u00f6vl\u00fcy\u00fcm\u00fcz, bu g\u00fcn\u00fcm\u00fcz v\u0259 g\u0259l\u0259c\u0259yimizdir. Onu qorumaq is\u0259 d\u00f6vl\u0259tin v\u0259 xalq\u0131n birg\u0259 tarixi missiyas\u0131d\u0131r. Az\u0259rbaycan dili is\u0259 d\u00fcnyan\u0131n \u0259n g\u00f6z\u0259l dill\u0259rind\u0259n, Az\u0259rbaycan m\u0259d\u0259niyy\u0259ti d\u00fcnyan\u0131n \u0259n y\u00fcks\u0259k m\u0259d\u0259niyy\u0259tl\u0259rind\u0259n biridir. Biz d\u00fcnyaya m\u0259d\u0259niyy\u0259t g\u0259tir\u0259n bir mill\u0259tin \u00f6vladlar\u0131y\u0131q. Dilimizl\u0259, m\u0259d\u0259niyy\u0259timizl\u0259, tariximizl\u0259 f\u0259xr etm\u0259li v\u0259 qorumal\u0131y\u0131q!&#8221;- dey\u0259 deputat diqq\u0259t\u0259 \u00e7atd\u0131r\u0131b.<\/p>\n","protected":false},"excerpt":{"rendered":"<p>&#8220;Dilin safl\u0131\u011f\u0131n\u0131n qorunmas\u0131 yaln\u0131z \u00f6lk\u0259 daxilind\u0259 deyil&#8230;&#8221;- El\u00e7in Mirz\u0259b\u0259yli Az\u0259rbaycan dili minillikl\u0259rin s\u0131na\u011f\u0131ndan ke\u00e7mi\u015f, xalq\u0131m\u0131z\u0131n qan yadda\u015f\u0131n\u0131, milli kimliyini v\u0259 d\u00f6vl\u0259t\u00e7ilik ruhunu ya\u015fadan \u0259n m\u00f6hk\u0259m s\u00fctundur. Prezident \u0130lham \u018fliyevin Az\u0259rbaycan&hellip; <\/p>\n","protected":false},"author":14,"featured_media":49301,"comment_status":"open","ping_status":"open","sticky":false,"template":"","format":"standard","meta":{"_mi_skip_tracking":false,"_monsterinsights_sitenote_active":false,"_monsterinsights_sitenote_note":"","_monsterinsights_sitenote_category":0,"footnotes":""},"categories":[4499,11],"tags":[5913,15],"aioseo_notices":[],"_links":{"self":[{"href":"https:\/\/infonews.az\/index.php?rest_route=\/wp\/v2\/posts\/49300"}],"collection":[{"href":"https:\/\/infonews.az\/index.php?rest_route=\/wp\/v2\/posts"}],"about":[{"href":"https:\/\/infonews.az\/index.php?rest_route=\/wp\/v2\/types\/post"}],"author":[{"embeddable":true,"href":"https:\/\/infonews.az\/index.php?rest_route=\/wp\/v2\/users\/14"}],"replies":[{"embeddable":true,"href":"https:\/\/infonews.az\/index.php?rest_route=%2Fwp%2Fv2%2Fcomments&post=49300"}],"version-history":[{"count":1,"href":"https:\/\/infonews.az\/index.php?rest_route=\/wp\/v2\/posts\/49300\/revisions"}],"predecessor-version":[{"id":49302,"href":"https:\/\/infonews.az\/index.php?rest_route=\/wp\/v2\/posts\/49300\/revisions\/49302"}],"wp:featuredmedia":[{"embeddable":true,"href":"https:\/\/infonews.az\/index.php?rest_route=\/wp\/v2\/media\/49301"}],"wp:attachment":[{"href":"https:\/\/infonews.az\/index.php?rest_route=%2Fwp%2Fv2%2Fmedia&parent=49300"}],"wp:term":[{"taxonomy":"category","embeddable":true,"href":"https:\/\/infonews.az\/index.php?rest_route=%2Fwp%2Fv2%2Fcategories&post=49300"},{"taxonomy":"post_tag","embeddable":true,"href":"https:\/\/infonews.az\/index.php?rest_route=%2Fwp%2Fv2%2Ftags&post=49300"}],"curies":[{"name":"wp","href":"https:\/\/api.w.org\/{rel}","templated":true}]}}