{"id":49303,"date":"2025-11-06T11:59:33","date_gmt":"2025-11-06T07:59:33","guid":{"rendered":"https:\/\/infonews.az\/?p=49303"},"modified":"2025-11-06T11:59:33","modified_gmt":"2025-11-06T07:59:33","slug":"turkiy%c9%99nin-antalya-kitabxanasinda-az%c9%99rbaycan-bolm%c9%99si-acilib","status":"publish","type":"post","link":"https:\/\/infonews.az\/?p=49303","title":{"rendered":"T\u00fcrkiy\u0259nin Antalya Kitabxanas\u0131nda Az\u0259rbaycan B\u00f6lm\u0259si a\u00e7\u0131l\u0131b"},"content":{"rendered":"<p><span style=\"color: #ffffff\">T\u00fcrkiy\u0259nin Antalya Kitabxanas\u0131nda Az\u0259rbaycan B\u00f6lm\u0259si a\u00e7\u0131l\u0131b<\/span><\/p>\n<blockquote><p><strong>T\u00fcrkiy\u0259nin Antalya \u015f\u0259h\u0259rind\u0259 ke\u00e7iril\u0259n Az\u0259rbaycan M\u0259d\u0259niyy\u0259t S\u0259firl\u0259ri Forumu \u00e7\u0259r\u00e7iv\u0259sind\u0259 h\u0259min \u015f\u0259h\u0259rin \u0259n b\u00f6y\u00fck kitabxanalar\u0131n\u0131n birind\u0259 Az\u0259rbaycan B\u00f6lm\u0259si\u00a0 a\u00e7\u0131l\u0131b.<\/strong><\/p><\/blockquote>\n<p><a href=\"https:\/\/infonews.az\/?p=49303\"><span style=\"color: #000080\"><strong>&#8220;\u0130NFONEWS&#8221;<\/strong><\/span><\/a> &#8220;adalet.az&#8221; -a istinad\u0259n x\u0259b\u0259r verir ki, b\u00f6lm\u0259 Az\u0259rbaycan Respublikas\u0131n\u0131n M\u0259d\u0259niyy\u0259t Nazirliyinin, Az\u0259rbaycan\u0131n T\u00fcrkiy\u0259d\u0259ki s\u0259firliyinin, Antalya K\u0259p\u0259z B\u0259l\u0259diyy\u0259sinin d\u0259st\u0259yi v\u0259 T\u00fcrkiy\u0259d\u0259ki Az\u0259rbaycan M\u0259d\u0259niyy\u0259t M\u0259rk\u0259zinin v\u0259 Antalya Az\u0259rbaycan M\u0259d\u0259niyy\u0259ti v\u0259 H\u0259mr\u0259ylik M\u0259rk\u0259zinin layih\u0259si il\u0259 yarad\u0131l\u0131b.<\/p>\n<p>Antalya Kitabxanas\u0131nda Az\u0259rbaycan B\u00f6lm\u0259sinin a\u00e7\u0131l\u0131\u015f\u0131 il\u0259 \u0259laq\u0259dar ke\u00e7iril\u0259n m\u0259rasimd\u0259 Az\u0259rbaycan\u0131n m\u0259d\u0259niyy\u0259t naziri Adil K\u0259rimli, s\u0259fir R\u0259\u015fad M\u0259mm\u0259dov, Antalya Valisinin m\u00fcavini Ayhan Yazqan v\u0259 Antalya K\u0259p\u0259z B\u0259l\u0259diyy\u0259sinin s\u0259dri Mesut Kocag\u00f6z i\u015ftirak edibl\u0259r.<\/p>\n<p>A\u00e7\u0131l\u0131\u015f m\u0259rasimind\u0259 Antalya Kitabxanas\u0131n\u0131n direktoru O\u011fuzhan Ceylan yeni yarad\u0131lm\u0131\u015f Az\u0259rbaycan B\u00f6lm\u0259si haqq\u0131nda m\u0259lumat ver\u0259r\u0259k qeyd edib ki, Az\u0259rbaycan M\u0259d\u0259niyy\u0259t M\u0259rk\u0259zinin layih\u0259si il\u0259 yarad\u0131lm\u0131\u015f B\u00f6lm\u0259d\u0259 T\u00fcrkiy\u0259 il\u0259 ba\u011fl\u0131 700 n\u00fcsx\u0259 m\u00fcxt\u0259lif n\u0259\u015frl\u0259r var. Dig\u0259r \u00e7\u0131x\u0131\u015f ed\u0259nl\u0259r kitabxanada Az\u0259rbaycan B\u00f6lm\u0259sinin yarad\u0131lmas\u0131n\u0131 y\u00fcks\u0259k qiym\u0259tl\u0259ndir\u0259r\u0259k, bunun iki \u00f6lk\u0259 aras\u0131nda m\u0259d\u0259ni \u0259laq\u0259l\u0259rin inki\u015faf\u0131na t\u00f6hf\u0259 verdiyini qeyd edibl\u0259r. Daha sonra b\u00f6lm\u0259nin simvolik a\u00e7\u0131l\u0131\u015f\u0131 \u00fc\u00e7\u00fcn lent k\u0259silib.<\/p>\n<p>Kitabxanan\u0131n Az\u0259rbaycan b\u00f6lm\u0259sind\u0259 klassik v\u0259 m\u00fcasir \u0259d\u0259biyyat, \u00f6lk\u0259mizin tarixi v\u0259 inc\u0259s\u0259n\u0259ti, el\u0259c\u0259 d\u0259 \u015fanl\u0131 q\u0259l\u0259b\u0259miz haqq\u0131nda n\u0259\u015frl\u0259r yer al\u0131r.<br \/>\nM\u0259lumat \u00fc\u00e7\u00fcn bildir\u0259k ki, Antalya Kitabxanas\u0131 24 saat f\u0259aliyy\u0259t g\u00f6st\u0259rir kitabxanan\u0131n 100.000 qeydiyyatdan ke\u00e7mi\u015f oxucusu var, onlardan 1000-i Az\u0259rbaycan v\u0259t\u0259nda\u015f\u0131d\u0131r.<\/p>\n<p><strong>Hikm\u0259t Xudiyev<br \/>\nAnkara<\/strong><\/p>\n","protected":false},"excerpt":{"rendered":"<p>T\u00fcrkiy\u0259nin Antalya Kitabxanas\u0131nda Az\u0259rbaycan B\u00f6lm\u0259si a\u00e7\u0131l\u0131b T\u00fcrkiy\u0259nin Antalya \u015f\u0259h\u0259rind\u0259 ke\u00e7iril\u0259n Az\u0259rbaycan M\u0259d\u0259niyy\u0259t S\u0259firl\u0259ri Forumu \u00e7\u0259r\u00e7iv\u0259sind\u0259 h\u0259min \u015f\u0259h\u0259rin \u0259n b\u00f6y\u00fck kitabxanalar\u0131n\u0131n birind\u0259 Az\u0259rbaycan B\u00f6lm\u0259si\u00a0 a\u00e7\u0131l\u0131b. &#8220;\u0130NFONEWS&#8221; &#8220;adalet.az&#8221; -a istinad\u0259n x\u0259b\u0259r verir&hellip; <\/p>\n","protected":false},"author":14,"featured_media":49304,"comment_status":"open","ping_status":"open","sticky":false,"template":"","format":"standard","meta":{"_mi_skip_tracking":false,"_monsterinsights_sitenote_active":false,"_monsterinsights_sitenote_note":"","_monsterinsights_sitenote_category":0,"footnotes":""},"categories":[4,10,11],"tags":[14950,14949,15],"aioseo_notices":[],"_links":{"self":[{"href":"https:\/\/infonews.az\/index.php?rest_route=\/wp\/v2\/posts\/49303"}],"collection":[{"href":"https:\/\/infonews.az\/index.php?rest_route=\/wp\/v2\/posts"}],"about":[{"href":"https:\/\/infonews.az\/index.php?rest_route=\/wp\/v2\/types\/post"}],"author":[{"embeddable":true,"href":"https:\/\/infonews.az\/index.php?rest_route=\/wp\/v2\/users\/14"}],"replies":[{"embeddable":true,"href":"https:\/\/infonews.az\/index.php?rest_route=%2Fwp%2Fv2%2Fcomments&post=49303"}],"version-history":[{"count":1,"href":"https:\/\/infonews.az\/index.php?rest_route=\/wp\/v2\/posts\/49303\/revisions"}],"predecessor-version":[{"id":49305,"href":"https:\/\/infonews.az\/index.php?rest_route=\/wp\/v2\/posts\/49303\/revisions\/49305"}],"wp:featuredmedia":[{"embeddable":true,"href":"https:\/\/infonews.az\/index.php?rest_route=\/wp\/v2\/media\/49304"}],"wp:attachment":[{"href":"https:\/\/infonews.az\/index.php?rest_route=%2Fwp%2Fv2%2Fmedia&parent=49303"}],"wp:term":[{"taxonomy":"category","embeddable":true,"href":"https:\/\/infonews.az\/index.php?rest_route=%2Fwp%2Fv2%2Fcategories&post=49303"},{"taxonomy":"post_tag","embeddable":true,"href":"https:\/\/infonews.az\/index.php?rest_route=%2Fwp%2Fv2%2Ftags&post=49303"}],"curies":[{"name":"wp","href":"https:\/\/api.w.org\/{rel}","templated":true}]}}