{"id":49392,"date":"2025-11-18T15:55:05","date_gmt":"2025-11-18T11:55:05","guid":{"rendered":"https:\/\/infonews.az\/?p=49392"},"modified":"2025-11-18T16:13:19","modified_gmt":"2025-11-18T12:13:19","slug":"almaniyada-yasayan-b%c9%99st%c9%99kar-x%c9%99dic%c9%99-zeynalova-mukafatlandirilib","status":"publish","type":"post","link":"https:\/\/infonews.az\/?p=49392","title":{"rendered":"Almaniyada ya\u015fayan b\u0259st\u0259kar X\u0259dic\u0259 Zeynalova m\u00fckafatland\u0131r\u0131l\u0131b"},"content":{"rendered":"<p><span style=\"color: #ffffff\">Almaniyada ya\u015fayan b\u0259st\u0259kar X\u0259dic\u0259 Zeynalova m\u00fckafatland\u0131r\u0131l\u0131b<\/span><\/p>\n<blockquote><p>Almaniyada ya\u015fayan soyda\u015f\u0131m\u0131z b\u0259st\u0259kar X\u0259dic\u0259 Zeynalova T\u00fcrkiy\u0259nin Antalya \u015f\u0259h\u0259rind\u0259 ke\u00e7iril\u0259n Az\u0259rbaycan M\u0259d\u0259niyy\u0259t El\u00e7il\u0259rinin I Forumunda i\u015ftirak edib.<\/p><\/blockquote>\n<p><a href=\"https:\/\/infonews.az\/?p=49392\"><span style=\"color: #000080\"><strong>&#8220;\u0130NFONEWS&#8221;<\/strong><\/span><\/a> x\u0259b\u0259r verir ki, t\u0259dbir Az\u0259rbaycan Respublikas\u0131n\u0131n M\u0259d\u0259niyy\u0259t Nazirliyi v\u0259 Diasporla \u0130\u015f \u00fczr\u0259 D\u00f6vl\u0259t Komit\u0259sinin t\u0259\u015fkilat\u00e7\u0131l\u0131\u011f\u0131 il\u0259 realla\u015f\u0131b.<\/p>\n<p>Forumun m\u0259qs\u0259di m\u0259d\u0259niyy\u0259t el\u00e7il\u0259ri v\u0259 onlar\u0131n \u015f\u0259b\u0259k\u0259si vasit\u0259sil\u0259 m\u0259d\u0259niyy\u0259timizin beyn\u0259lxalq s\u0259viyy\u0259d\u0259 m\u00fct\u0259\u015f\u0259kkil t\u0259bli\u011fi, xaricd\u0259 ya\u015fayan m\u0259d\u0259niyy\u0259t xadiml\u0259rinin f\u0259aliyy\u0259tinin stimulla\u015fd\u0131r\u0131lmas\u0131, inc\u0259s\u0259n\u0259t v\u0259 yarad\u0131c\u0131l\u0131q sah\u0259l\u0259rinin inki\u015faf\u0131na \u0259lav\u0259 d\u0259st\u0259yin verilm\u0259sidir.<\/p>\n<p>Forumda Az\u0259rbaycan m\u0259d\u0259niyy\u0259tinin inki\u015faf\u0131na beyn\u0259lxalq al\u0259md\u0259 t\u0259bli\u011fin\u0259 t\u00f6hf\u0259 ver\u0259n inc\u0259s\u0259n\u0259t n\u00fcmay\u0259nd\u0259l\u0259ri t\u0259ltif edilib. M\u00fckafatland\u0131r\u0131lanlardan biri d\u0259 X\u0259dic\u0259 Zeynalova olub. O, F\u0259xri f\u0259rmanla t\u0259ltif edilib.<\/p>\n<p>Qeyd ed\u0259k ki, X\u0259dic\u0259 Zeynalova uzun ill\u0259rdir Almaniyada ya\u015fay\u0131r. Az\u0259rbaycan m\u0259d\u0259niyy\u0259tinin t\u0259bli\u011find\u0259 b\u00f6y\u00fck rol oynay\u0131r. Almaniyada &#8220;\u0130lin b\u0259st\u0259kar\u0131&#8221; se\u00e7ilib.<\/p>\n<p><img loading=\"lazy\" decoding=\"async\" class=\"aligncenter size-full wp-image-49394\" src=\"https:\/\/infonews.az\/wp-content\/uploads\/2025\/11\/WhatsApp-Image-2025-11-18-at-15.21.08.jpeg\" alt=\"\" width=\"1200\" height=\"1315\" srcset=\"https:\/\/infonews.az\/wp-content\/uploads\/2025\/11\/WhatsApp-Image-2025-11-18-at-15.21.08.jpeg 1200w, https:\/\/infonews.az\/wp-content\/uploads\/2025\/11\/WhatsApp-Image-2025-11-18-at-15.21.08-274x300.jpeg 274w, https:\/\/infonews.az\/wp-content\/uploads\/2025\/11\/WhatsApp-Image-2025-11-18-at-15.21.08-934x1024.jpeg 934w, https:\/\/infonews.az\/wp-content\/uploads\/2025\/11\/WhatsApp-Image-2025-11-18-at-15.21.08-768x842.jpeg 768w\" sizes=\"(max-width: 1200px) 100vw, 1200px\" \/><\/p>\n<p><img loading=\"lazy\" decoding=\"async\" class=\"aligncenter size-full wp-image-49395\" src=\"https:\/\/infonews.az\/wp-content\/uploads\/2025\/11\/a58b312d-1af3-4bca-a190-a1e134250f7e.jpg\" alt=\"\" width=\"1200\" height=\"1600\" srcset=\"https:\/\/infonews.az\/wp-content\/uploads\/2025\/11\/a58b312d-1af3-4bca-a190-a1e134250f7e.jpg 1200w, https:\/\/infonews.az\/wp-content\/uploads\/2025\/11\/a58b312d-1af3-4bca-a190-a1e134250f7e-225x300.jpg 225w, https:\/\/infonews.az\/wp-content\/uploads\/2025\/11\/a58b312d-1af3-4bca-a190-a1e134250f7e-768x1024.jpg 768w, https:\/\/infonews.az\/wp-content\/uploads\/2025\/11\/a58b312d-1af3-4bca-a190-a1e134250f7e-1152x1536.jpg 1152w\" sizes=\"(max-width: 1200px) 100vw, 1200px\" \/><\/p>\n","protected":false},"excerpt":{"rendered":"<p>Almaniyada ya\u015fayan b\u0259st\u0259kar X\u0259dic\u0259 Zeynalova m\u00fckafatland\u0131r\u0131l\u0131b Almaniyada ya\u015fayan soyda\u015f\u0131m\u0131z b\u0259st\u0259kar X\u0259dic\u0259 Zeynalova T\u00fcrkiy\u0259nin Antalya \u015f\u0259h\u0259rind\u0259 ke\u00e7iril\u0259n Az\u0259rbaycan M\u0259d\u0259niyy\u0259t El\u00e7il\u0259rinin I Forumunda i\u015ftirak edib. &#8220;\u0130NFONEWS&#8221; x\u0259b\u0259r verir ki, t\u0259dbir Az\u0259rbaycan Respublikas\u0131n\u0131n&hellip; <\/p>\n","protected":false},"author":14,"featured_media":49398,"comment_status":"open","ping_status":"open","sticky":false,"template":"","format":"standard","meta":{"_mi_skip_tracking":false,"_monsterinsights_sitenote_active":false,"_monsterinsights_sitenote_note":"","_monsterinsights_sitenote_category":0,"footnotes":""},"categories":[4,10,11],"tags":[14970,13871,14969,15],"aioseo_notices":[],"_links":{"self":[{"href":"https:\/\/infonews.az\/index.php?rest_route=\/wp\/v2\/posts\/49392"}],"collection":[{"href":"https:\/\/infonews.az\/index.php?rest_route=\/wp\/v2\/posts"}],"about":[{"href":"https:\/\/infonews.az\/index.php?rest_route=\/wp\/v2\/types\/post"}],"author":[{"embeddable":true,"href":"https:\/\/infonews.az\/index.php?rest_route=\/wp\/v2\/users\/14"}],"replies":[{"embeddable":true,"href":"https:\/\/infonews.az\/index.php?rest_route=%2Fwp%2Fv2%2Fcomments&post=49392"}],"version-history":[{"count":1,"href":"https:\/\/infonews.az\/index.php?rest_route=\/wp\/v2\/posts\/49392\/revisions"}],"predecessor-version":[{"id":49396,"href":"https:\/\/infonews.az\/index.php?rest_route=\/wp\/v2\/posts\/49392\/revisions\/49396"}],"wp:featuredmedia":[{"embeddable":true,"href":"https:\/\/infonews.az\/index.php?rest_route=\/wp\/v2\/media\/49398"}],"wp:attachment":[{"href":"https:\/\/infonews.az\/index.php?rest_route=%2Fwp%2Fv2%2Fmedia&parent=49392"}],"wp:term":[{"taxonomy":"category","embeddable":true,"href":"https:\/\/infonews.az\/index.php?rest_route=%2Fwp%2Fv2%2Fcategories&post=49392"},{"taxonomy":"post_tag","embeddable":true,"href":"https:\/\/infonews.az\/index.php?rest_route=%2Fwp%2Fv2%2Ftags&post=49392"}],"curies":[{"name":"wp","href":"https:\/\/api.w.org\/{rel}","templated":true}]}}