{"id":49416,"date":"2025-11-19T16:04:12","date_gmt":"2025-11-19T12:04:12","guid":{"rendered":"https:\/\/infonews.az\/?p=49416"},"modified":"2025-11-19T16:04:12","modified_gmt":"2025-11-19T12:04:12","slug":"noyabrin-21-d%c9%99-abseron-milli-parkina-giris-od%c9%99nissiz-olacaq","status":"publish","type":"post","link":"https:\/\/infonews.az\/?p=49416","title":{"rendered":"Noyabr\u0131n 21-d\u0259 Ab\u015feron Milli Park\u0131na giri\u015f \u00f6d\u0259ni\u015fsiz olacaq"},"content":{"rendered":"<p><span style=\"color: #ffffff\">Noyabr\u0131n 21-d\u0259 Ab\u015feron Milli Park\u0131na giri\u015f \u00f6d\u0259ni\u015fsiz olacaq<\/span><\/p>\n<blockquote><p>&#8220;Milli parklar\u0131 yax\u0131ndan tan\u0131yaq\u201d devizi il\u0259 noyabr\u0131n 21-d\u0259 Ab\u015feron Milli Park\u0131nda \u201cA\u00e7\u0131q qap\u0131\u201d g\u00fcn\u00fc v\u0259 maarifl\u0259ndirici t\u0259dbir t\u0259\u015fkil edil\u0259c\u0259k.<\/p><\/blockquote>\n<p><a href=\"https:\/\/infonews.az\/?p=49416\"><span style=\"color: #000080\"><strong>&#8220;\u0130NFONEWS&#8221;<\/strong> <\/span><\/a>&#8211; un Ekologiya v\u0259 T\u0259bii S\u0259rv\u0259tl\u0259r Nazirliyinin m\u0259tbuat xidm\u0259tind\u0259n \u0259ld\u0259 etdiyi m\u0259lumata g\u00f6r\u0259, h\u0259min g\u00fcn park\u0131 ziyar\u0259t ed\u0259n h\u0259r k\u0259s \u00fc\u00e7\u00fcn giri\u015f \u00f6d\u0259ni\u015fsiz olacaq.<\/p>\n<p>Ab\u015feron yar\u0131madas\u0131n\u0131n c\u0259nub-\u015f\u0259rq qurtaraca\u011f\u0131nda, \u015eah Dili adlanan \u0259razid\u0259 yerl\u0259\u015f\u0259n v\u0259 \u00fc\u00e7 t\u0259r\u0259fd\u0259n d\u0259nizl\u0259 \u0259hat\u0259 olunan Ab\u015feron Milli Park\u0131 d\u0259niz sahilind\u0259 yerl\u0259\u015f\u0259n nadir ekosisteml\u0259rin, v\u0259h\u015fi t\u0259bi\u0259tin qorundu\u011fu x\u00fcsusi m\u00fchafiz\u0259 olunan t\u0259bi\u0259t \u0259razisidir.<\/p>\n<p>Sah\u0259sin\u0259 g\u00f6r\u0259 \u00f6lk\u0259nin \u0259n ki\u00e7ik milli park\u0131 olan Ab\u015feron Milli Park\u0131n\u0131n Bak\u0131 \u015f\u0259h\u0259rin\u0259 yax\u0131n yerl\u0259\u015fm\u0259si onu t\u0259bi\u0259tsev\u0259rl\u0259r \u00fc\u00e7\u00fcn daha \u0259l\u00e7atan v\u0259 c\u0259lbedici m\u0259kanlardan birin\u0259 \u00e7evirir.<\/p>\n<p>\u201cAz\u0259rbaycan x\u0259rit\u0259sind\u0259 &#8220;qartal\u0131n dimdiyi&#8221; kimi tan\u0131nan, a\u00e7\u0131q d\u0259niz\u0259 y\u00f6n\u0259lmi\u015f \u00f6z\u00fcn\u0259m\u0259xsus v\u0259 m\u00f6ht\u0259\u015f\u0259m m\u0259nz\u0259r\u0259si il\u0259 se\u00e7il\u0259n \u015eah Dili \u0259razisi X\u0259z\u0259r d\u0259nizi sahill\u0259rind\u0259 f\u00fcsunkar t\u0259bi\u0259t g\u00f6r\u00fcnt\u00fcl\u0259ri il\u0259 diqq\u0259ti c\u0259lb edir. Nazirlik h\u0259r k\u0259si nadir t\u0259bi\u0259t gu\u015f\u0259sini g\u00f6rm\u0259y\u0259 d\u0259v\u0259t edir. Ab\u015feron Milli Park\u0131 a\u00e7\u0131q havada istirah\u0259t etm\u0259k, t\u0259bi\u0259tin sakitliyini v\u0259 g\u00f6z\u0259lliyini doyunca ya\u015famaq ist\u0259y\u0259nl\u0259rin yolunu g\u00f6zl\u0259yir\u201d, &#8211; dey\u0259 m\u0259lumatda vur\u011fulan\u0131b.<\/p>\n","protected":false},"excerpt":{"rendered":"<p>Noyabr\u0131n 21-d\u0259 Ab\u015feron Milli Park\u0131na giri\u015f \u00f6d\u0259ni\u015fsiz olacaq &#8220;Milli parklar\u0131 yax\u0131ndan tan\u0131yaq\u201d devizi il\u0259 noyabr\u0131n 21-d\u0259 Ab\u015feron Milli Park\u0131nda \u201cA\u00e7\u0131q qap\u0131\u201d g\u00fcn\u00fc v\u0259 maarifl\u0259ndirici t\u0259dbir t\u0259\u015fkil edil\u0259c\u0259k. &#8220;\u0130NFONEWS&#8221; &#8211; un&hellip; <\/p>\n","protected":false},"author":14,"featured_media":49417,"comment_status":"open","ping_status":"open","sticky":false,"template":"","format":"standard","meta":{"_mi_skip_tracking":false,"_monsterinsights_sitenote_active":false,"_monsterinsights_sitenote_note":"","_monsterinsights_sitenote_category":0,"footnotes":""},"categories":[5373,4,11],"tags":[9601,12408,15],"aioseo_notices":[],"_links":{"self":[{"href":"https:\/\/infonews.az\/index.php?rest_route=\/wp\/v2\/posts\/49416"}],"collection":[{"href":"https:\/\/infonews.az\/index.php?rest_route=\/wp\/v2\/posts"}],"about":[{"href":"https:\/\/infonews.az\/index.php?rest_route=\/wp\/v2\/types\/post"}],"author":[{"embeddable":true,"href":"https:\/\/infonews.az\/index.php?rest_route=\/wp\/v2\/users\/14"}],"replies":[{"embeddable":true,"href":"https:\/\/infonews.az\/index.php?rest_route=%2Fwp%2Fv2%2Fcomments&post=49416"}],"version-history":[{"count":1,"href":"https:\/\/infonews.az\/index.php?rest_route=\/wp\/v2\/posts\/49416\/revisions"}],"predecessor-version":[{"id":49418,"href":"https:\/\/infonews.az\/index.php?rest_route=\/wp\/v2\/posts\/49416\/revisions\/49418"}],"wp:featuredmedia":[{"embeddable":true,"href":"https:\/\/infonews.az\/index.php?rest_route=\/wp\/v2\/media\/49417"}],"wp:attachment":[{"href":"https:\/\/infonews.az\/index.php?rest_route=%2Fwp%2Fv2%2Fmedia&parent=49416"}],"wp:term":[{"taxonomy":"category","embeddable":true,"href":"https:\/\/infonews.az\/index.php?rest_route=%2Fwp%2Fv2%2Fcategories&post=49416"},{"taxonomy":"post_tag","embeddable":true,"href":"https:\/\/infonews.az\/index.php?rest_route=%2Fwp%2Fv2%2Ftags&post=49416"}],"curies":[{"name":"wp","href":"https:\/\/api.w.org\/{rel}","templated":true}]}}