{"id":4942,"date":"2021-02-20T10:29:02","date_gmt":"2021-02-20T06:29:02","guid":{"rendered":"https:\/\/infonews.az\/?p=4942"},"modified":"2021-02-20T11:26:01","modified_gmt":"2021-02-20T07:26:01","slug":"milli-m%c9%99clis-xocali-soyqirimi-il%c9%99-bagli-estoniya-parlamentin%c9%99-m%c9%99ktub-gond%c9%99rib","status":"publish","type":"post","link":"https:\/\/infonews.az\/?p=4942","title":{"rendered":"Milli M\u0259clis Xocal\u0131 soyq\u0131r\u0131m\u0131 il\u0259 ba\u011fl\u0131 Estoniya parlamentin\u0259 m\u0259ktub g\u00f6nd\u0259rib"},"content":{"rendered":"<p><span style=\"color: #ffffff;\">Milli M\u0259clis Xocal\u0131 soyq\u0131r\u0131m\u0131 il\u0259 ba\u011fl\u0131 Estoniya parlamentin\u0259 m\u0259ktub g\u00f6nd\u0259rib<\/span><\/p>\n<p><a href=\"https:\/\/infonews.az\/?p=4942&amp;\"><strong><span style=\"color: #ff0000;\">&#8220;\u0130NFONEWS&#8221;<\/span><\/strong><\/a> x\u0259b\u0259r verir.<\/p>\n<blockquote><p><em><strong>Milli M\u0259clisin Az\u0259rbaycan-Estoniya parlamentl\u0259raras\u0131 \u0259laq\u0259l\u0259r \u00fczr\u0259 i\u015f\u00e7i qrupunun \u00fczvl\u0259ri Estoniya-Az\u0259rbaycan parlamentl\u0259raras\u0131 \u0259laq\u0259l\u0259r \u00fczr\u0259 i\u015f\u00e7i qrupunun r\u0259hb\u0259ri Sven Sester\u0259 v\u0259 qrupun \u00fczvl\u0259rin\u0259 t\u0259\u015f\u0259kk\u00fcr m\u0259ktubu g\u00f6nd\u0259rib.<\/strong><\/em><\/p><\/blockquote>\n<p>M\u0259ktubda Estoniya-Az\u0259rbaycan parlamentl\u0259raras\u0131 \u0259laq\u0259l\u0259r \u00fczr\u0259 i\u015f\u00e7i qrupunun Xocal\u0131 soyq\u0131r\u0131m\u0131n\u0131n 29-cu ild\u00f6n\u00fcm\u00fc il\u0259 ba\u011fl\u0131 Estoniya Parlamentinin (Riyqikoq) r\u0259smi sayt\u0131nda yerl\u0259\u015fdirilmi\u015f b\u0259yanat\u0131 y\u00fcks\u0259k qiym\u0259tl\u0259ndirilib, Az\u0259rbaycan xalq\u0131n\u0131n k\u0259d\u0259rini b\u00f6l\u00fc\u015f\u0259n bu d\u0259st\u0259y\u0259 g\u00f6r\u0259 dostluq qrupu ad\u0131ndan minn\u0259tdarl\u0131q bildirilib.<\/p>\n<p>Qeyd edilib ki, Az\u0259rbaycan Estoniya il\u0259 \u0259m\u0259kda\u015fl\u0131\u011fa b\u00f6y\u00fck \u0259h\u0259miyy\u0259t verir. M\u0259ktubda iki \u00f6lk\u0259 aras\u0131nda parlamentl\u0259raras\u0131 \u0259m\u0259kda\u015fl\u0131\u011f\u0131n bundan sonra da inki\u015faf ed\u0259c\u0259yin\u0259 v\u0259 parlament diplomatiyas\u0131n\u0131n xalqlar\u0131m\u0131z\u0131n rifah\u0131n\u0131n daha da y\u00fcks\u0259lm\u0259sin\u0259 v\u0259 \u0259laq\u0259l\u0259rinin m\u00f6hk\u0259ml\u0259nm\u0259sin\u0259 xidm\u0259t ed\u0259c\u0259yin\u0259 \u0259minlik ifad\u0259 olunub.<\/p>\n<p>Xat\u0131rladaq ki, Estoniya parlamentinin Az\u0259rbaycanla \u0259laq\u0259l\u0259r \u00fczr\u0259 i\u015f\u00e7i qrupu Xocal\u0131 soyq\u0131r\u0131m\u0131n\u0131n 29-cu ild\u00f6n\u00fcm\u00fc il\u0259 \u0259laq\u0259dar b\u0259yanat yay\u0131b. B\u0259yanatda Erm\u0259nistan\u0131n 1992-ci il fevral\u0131n 25-d\u0259n 26-na ke\u00e7\u0259n gec\u0259 Az\u0259rbaycan\u0131n m\u00fclki \u0259halisin\u0259 qar\u015f\u0131 t\u00f6r\u0259tdiyi insanl\u0131\u011fa qar\u015f\u0131 cinay\u0259ti q\u0131nan\u0131l\u0131r, bu k\u00fctl\u0259vi q\u0259tli t\u00f6r\u0259d\u0259nl\u0259rin m\u0259suliyy\u0259t\u0259 c\u0259lb edilm\u0259sinin vacibliyi vur\u011fulan\u0131r.<\/p>\n","protected":false},"excerpt":{"rendered":"<p>Milli M\u0259clis Xocal\u0131 soyq\u0131r\u0131m\u0131 il\u0259 ba\u011fl\u0131 Estoniya parlamentin\u0259 m\u0259ktub g\u00f6nd\u0259rib &#8220;\u0130NFONEWS&#8221; x\u0259b\u0259r verir. Milli M\u0259clisin Az\u0259rbaycan-Estoniya parlamentl\u0259raras\u0131 \u0259laq\u0259l\u0259r \u00fczr\u0259 i\u015f\u00e7i qrupunun \u00fczvl\u0259ri Estoniya-Az\u0259rbaycan parlamentl\u0259raras\u0131 \u0259laq\u0259l\u0259r \u00fczr\u0259 i\u015f\u00e7i qrupunun r\u0259hb\u0259ri Sven&hellip; <\/p>\n","protected":false},"author":3,"featured_media":4943,"comment_status":"open","ping_status":"open","sticky":false,"template":"","format":"standard","meta":{"_mi_skip_tracking":false,"_monsterinsights_sitenote_active":false,"_monsterinsights_sitenote_note":"","_monsterinsights_sitenote_category":0,"footnotes":""},"categories":[6,11],"tags":[1395,1422,1423,1421],"aioseo_notices":[],"_links":{"self":[{"href":"https:\/\/infonews.az\/index.php?rest_route=\/wp\/v2\/posts\/4942"}],"collection":[{"href":"https:\/\/infonews.az\/index.php?rest_route=\/wp\/v2\/posts"}],"about":[{"href":"https:\/\/infonews.az\/index.php?rest_route=\/wp\/v2\/types\/post"}],"author":[{"embeddable":true,"href":"https:\/\/infonews.az\/index.php?rest_route=\/wp\/v2\/users\/3"}],"replies":[{"embeddable":true,"href":"https:\/\/infonews.az\/index.php?rest_route=%2Fwp%2Fv2%2Fcomments&post=4942"}],"version-history":[{"count":1,"href":"https:\/\/infonews.az\/index.php?rest_route=\/wp\/v2\/posts\/4942\/revisions"}],"predecessor-version":[{"id":4944,"href":"https:\/\/infonews.az\/index.php?rest_route=\/wp\/v2\/posts\/4942\/revisions\/4944"}],"wp:featuredmedia":[{"embeddable":true,"href":"https:\/\/infonews.az\/index.php?rest_route=\/wp\/v2\/media\/4943"}],"wp:attachment":[{"href":"https:\/\/infonews.az\/index.php?rest_route=%2Fwp%2Fv2%2Fmedia&parent=4942"}],"wp:term":[{"taxonomy":"category","embeddable":true,"href":"https:\/\/infonews.az\/index.php?rest_route=%2Fwp%2Fv2%2Fcategories&post=4942"},{"taxonomy":"post_tag","embeddable":true,"href":"https:\/\/infonews.az\/index.php?rest_route=%2Fwp%2Fv2%2Ftags&post=4942"}],"curies":[{"name":"wp","href":"https:\/\/api.w.org\/{rel}","templated":true}]}}