{"id":4945,"date":"2021-02-20T11:08:01","date_gmt":"2021-02-20T07:08:01","guid":{"rendered":"https:\/\/infonews.az\/?p=4945"},"modified":"2021-02-20T11:32:59","modified_gmt":"2021-02-20T07:32:59","slug":"qubada-gec%c9%99-isl%c9%99y%c9%99n-cayxananin-sahibi-v%c9%99-must%c9%99ril%c9%99ri-polis%c9%99-aparilib","status":"publish","type":"post","link":"https:\/\/infonews.az\/?p=4945","title":{"rendered":"Qubada gec\u0259 i\u015fl\u0259y\u0259n \u00e7ayxanan\u0131n sahibi v\u0259 m\u00fc\u015ft\u0259ril\u0259ri polis\u0259 apar\u0131l\u0131b"},"content":{"rendered":"<p><span style=\"color: #ffffff;\">Qubada gec\u0259 i\u015fl\u0259y\u0259n \u00e7ayxanan\u0131n sahibi v\u0259 m\u00fc\u015ft\u0259ril\u0259ri polis\u0259 apar\u0131l\u0131b<\/span><\/p>\n<p><a href=\"https:\/\/infonews.az\/?p=4945&amp;\"><strong><span style=\"color: #ff0000;\">&#8220;\u0130NFONEWS&#8221;<\/span><\/strong><\/a> x\u0259b\u0259r verir.<\/p>\n<blockquote><p><em><strong>Quba Rayon Polis \u015e\u00f6b\u0259sinin \u0259m\u0259kda\u015flar\u0131 t\u0259r\u0259find\u0259n rayon \u0259razisind\u0259 x\u00fcsusi karantin rejimi qaydalar\u0131na \u0259m\u0259l etm\u0259y\u0259n \u00e7ay evi a\u015fkarlan\u0131b.<\/strong><\/em><\/p><\/blockquote>\n<p>D\u0130N-in M\u0259tbuat Xidm\u0259tinin Quba rayonunda regional qrupundan veril\u0259n m\u0259lumata g\u00f6r\u0259, \u015f\u00f6b\u0259 \u0259m\u0259kda\u015flar\u0131 inzibati \u0259razid\u0259 xidm\u0259t aparan zaman gec\u0259 saat 03:00 rad\u0259l\u0259rind\u0259 rayonun Mirz\u0259m\u0259mm\u0259dk\u0259nd k\u0259ndi \u0259razisind\u0259 yerl\u0259\u015f\u0259n K.Xanm\u0259dova m\u0259xsus \u00e7ayxanan\u0131n f\u0259aliyy\u0259t g\u00f6st\u0259rdiyini m\u00fc\u0259yy\u0259n edibl\u0259r.<\/p>\n<p>Polis \u0259m\u0259kda\u015flar\u0131 t\u0259r\u0259find\u0259n obyektin f\u0259aliyy\u0259ti dayand\u0131r\u0131l\u0131b, qanunvericiliy\u0259 uy\u011fun olaraq obyektin sahibi v\u0259 orada olan 3 n\u0259f\u0259r m\u00fc\u015ft\u0259ri saxlan\u0131laraq polis \u015f\u00f6b\u0259sin\u0259 g\u0259tirilibl\u0259r.<\/p>\n<p>Qaydalar\u0131 pozan \u015f\u0259xsl\u0259r bar\u0259sind\u0259 inzibati qaydada t\u0259dbirl\u0259r g\u00f6r\u00fcl\u00fcb v\u0259 onlar m\u0259suliyy\u0259t\u0259 c\u0259lb olunublar.<\/p>\n","protected":false},"excerpt":{"rendered":"<p>Qubada gec\u0259 i\u015fl\u0259y\u0259n \u00e7ayxanan\u0131n sahibi v\u0259 m\u00fc\u015ft\u0259ril\u0259ri polis\u0259 apar\u0131l\u0131b &#8220;\u0130NFONEWS&#8221; x\u0259b\u0259r verir. Quba Rayon Polis \u015e\u00f6b\u0259sinin \u0259m\u0259kda\u015flar\u0131 t\u0259r\u0259find\u0259n rayon \u0259razisind\u0259 x\u00fcsusi karantin rejimi qaydalar\u0131na \u0259m\u0259l etm\u0259y\u0259n \u00e7ay evi a\u015fkarlan\u0131b. D\u0130N-in&hellip; <\/p>\n","protected":false},"author":3,"featured_media":4946,"comment_status":"open","ping_status":"open","sticky":false,"template":"","format":"standard","meta":{"_mi_skip_tracking":false,"_monsterinsights_sitenote_active":false,"_monsterinsights_sitenote_note":"","_monsterinsights_sitenote_category":0,"footnotes":""},"categories":[5,11],"tags":[1424],"aioseo_notices":[],"_links":{"self":[{"href":"https:\/\/infonews.az\/index.php?rest_route=\/wp\/v2\/posts\/4945"}],"collection":[{"href":"https:\/\/infonews.az\/index.php?rest_route=\/wp\/v2\/posts"}],"about":[{"href":"https:\/\/infonews.az\/index.php?rest_route=\/wp\/v2\/types\/post"}],"author":[{"embeddable":true,"href":"https:\/\/infonews.az\/index.php?rest_route=\/wp\/v2\/users\/3"}],"replies":[{"embeddable":true,"href":"https:\/\/infonews.az\/index.php?rest_route=%2Fwp%2Fv2%2Fcomments&post=4945"}],"version-history":[{"count":1,"href":"https:\/\/infonews.az\/index.php?rest_route=\/wp\/v2\/posts\/4945\/revisions"}],"predecessor-version":[{"id":4947,"href":"https:\/\/infonews.az\/index.php?rest_route=\/wp\/v2\/posts\/4945\/revisions\/4947"}],"wp:featuredmedia":[{"embeddable":true,"href":"https:\/\/infonews.az\/index.php?rest_route=\/wp\/v2\/media\/4946"}],"wp:attachment":[{"href":"https:\/\/infonews.az\/index.php?rest_route=%2Fwp%2Fv2%2Fmedia&parent=4945"}],"wp:term":[{"taxonomy":"category","embeddable":true,"href":"https:\/\/infonews.az\/index.php?rest_route=%2Fwp%2Fv2%2Fcategories&post=4945"},{"taxonomy":"post_tag","embeddable":true,"href":"https:\/\/infonews.az\/index.php?rest_route=%2Fwp%2Fv2%2Ftags&post=4945"}],"curies":[{"name":"wp","href":"https:\/\/api.w.org\/{rel}","templated":true}]}}