{"id":49467,"date":"2025-11-21T11:46:00","date_gmt":"2025-11-21T07:46:00","guid":{"rendered":"https:\/\/infonews.az\/?p=49467"},"modified":"2025-11-21T11:46:00","modified_gmt":"2025-11-21T07:46:00","slug":"leyla-eliyeva-arzu-eliyeva-v%c9%99-alena-eliyeva-ekoloji-aksiyada","status":"publish","type":"post","link":"https:\/\/infonews.az\/?p=49467","title":{"rendered":"Leyla \u018fliyeva, Arzu \u018fliyeva v\u0259 Alena \u018fliyeva EKOLOJ\u0130 AKS\u0130YADA"},"content":{"rendered":"<p><span style=\"color: #ffffff\">Leyla \u018fliyeva, Arzu \u018fliyeva v\u0259 Alena \u018fliyeva EKOLOJ\u0130 AKS\u0130YADA <\/span><\/p>\n<blockquote><p>Heyd\u0259r \u018fliyev Fondunun vitse-prezidenti, IDEA \u0130ctimai Birliyinin t\u0259sis\u00e7isi v\u0259 r\u0259hb\u0259ri Leyla \u018fliyeva, Bak\u0131 Media M\u0259rk\u0259zinin r\u0259hb\u0259ri Arzu \u018fliyeva v\u0259 Alena \u018fliyeva L\u0259nk\u0259rana s\u0259f\u0259r \u00e7\u0259r\u00e7iv\u0259sind\u0259 bir s\u0131ra ekoloji aksiyalarda i\u015ftirak edibl\u0259r.<\/p><\/blockquote>\n<p><a href=\"https:\/\/infonews.az\/?p=49467\"><span style=\"color: #000080\"><strong>&#8220;\u0130NFONEWS&#8221;<\/strong><\/span> <\/a>x\u0259b\u0259r verir ki, \u0259vv\u0259lc\u0259 IDEA \u0130ctimai Birliyi t\u0259r\u0259find\u0259n L\u0259nk\u0259ran rayonunda me\u015f\u0259 \u0259razisind\u0259 \u201cYa\u015f\u0131l Marafon\u201d \u00e7\u0259r\u00e7iv\u0259sind\u0259 a\u011fac\u0259km\u0259 aksiyas\u0131 t\u0259\u015fkil olunub. K\u00f6n\u00fcll\u00fcl\u00fcl\u0259rin i\u015ftirak\u0131 il\u0259 h\u0259yata ke\u00e7iril\u0259n aksiyada 1350 \u0259d\u0259d Eldar \u015fam\u0131 tingi \u0259kilib. T\u0259dbir zaman\u0131 ya\u015f\u0131ll\u0131q zolaqlar\u0131n\u0131n geni\u015fl\u0259ndirilm\u0259si, me\u015f\u0259 fondunun b\u0259rpas\u0131 v\u0259 ekosistemin m\u00fchafiz\u0259si istiqam\u0259tind\u0259 realla\u015fd\u0131r\u0131lan i\u015fl\u0259r bar\u0259d\u0259 m\u0259lumat verilib.<\/p>\n<p>Qeyd ed\u0259k ki, IDEA \u0130ctimai Birliyi v\u0259 Ekologiya v\u0259 T\u0259bii S\u0259rv\u0259tl\u0259r Nazirliyinin birg\u0259 t\u0259\u015fkilat\u00e7\u0131l\u0131\u011f\u0131 il\u0259 h\u0259yata ke\u00e7iril\u0259n \u201c\u00dcmumrespublika Ya\u015f\u0131lla\u015fd\u0131rma Marafonu\u201dnun (\u201cYa\u015f\u0131l Marafon\u201d) \u0259sas m\u0259qs\u0259di ya\u015f\u0131ll\u0131q sah\u0259l\u0259rinin art\u0131r\u0131lmas\u0131, a\u011fac\u0259km\u0259 \u0259n\u0259n\u0259sinin t\u0259\u015fviqi, \u0259traf m\u00fchitin m\u00fchafiz\u0259sin\u0259, \u00f6lk\u0259mizin flora biom\u00fcxt\u0259lifliyinin z\u0259nginl\u0259\u015fdirilm\u0259sin\u0259 v\u0259 ya\u015f\u0131ll\u0131qlar\u0131n qorunmas\u0131 il\u0259 ba\u011fl\u0131 maarifl\u0259ndirm\u0259y\u0259 t\u00f6hf\u0259 verm\u0259kdir. \u201cYa\u015f\u0131l Marafon\u201d \u00e7\u0259r\u00e7iv\u0259sind\u0259 2025-ci ilin pay\u0131z v\u0259 2026-c\u0131 ilin yaz \u0259kin m\u00f6vs\u00fcml\u0259ri \u0259rzind\u0259 \u00f6lk\u0259 \u00fczr\u0259 2 milyona yax\u0131n a\u011fac\u0131n \u0259kilm\u0259si n\u0259z\u0259rd\u0259 tutulur.<\/p>\n<p>Daha sonra Hirkan Milli Park\u0131n\u0131n \u0259razisin\u0259 biom\u00fcxt\u0259lifliyin z\u0259nginl\u0259\u015fdirilm\u0259si m\u0259qs\u0259dil\u0259 heyvanlar\u0131n t\u0259bi\u0259t\u0259 burax\u0131lmas\u0131 aksiyas\u0131 t\u0259\u015fkil olunub. Aksiya \u00e7\u0259r\u00e7iv\u0259sind\u0259 2 yenot, 2 t\u00fclk\u00fc v\u0259 4 tir\u0259ndaz t\u0259bii m\u00fchit\u0259 burax\u0131l\u0131b. Yenotlar bir m\u00fcdd\u0259t \u0259vv\u0259l IDEA \u0130ctimai Birliyinin t\u0259\u015f\u0259bb\u00fcs\u00fc v\u0259 aidiyy\u0259ti qurumlar\u0131n i\u015ftirak\u0131 il\u0259 apar\u0131lan birg\u0259 yoxlama n\u0259tic\u0259sind\u0259 ia\u015f\u0259 obyektl\u0259rind\u0259 qanunsuz saxlan\u0131lmas\u0131 a\u015fkarlanm\u0131\u015f v\u0259 xilas edilmi\u015fdil\u0259r. H\u0259min yenotlar 4 ay m\u00fcdd\u0259tind\u0259 Bak\u0131 Zooloji Park\u0131nda m\u00fcalic\u0259 v\u0259 reabilitasiya olunaraq tam sa\u011fald\u0131qdan sonra t\u0259bi\u0259t\u0259 qaytar\u0131l\u0131b.<\/p>\n<p>T\u0259bi\u0259t\u0259 qaytar\u0131lan t\u00fclk\u00fcl\u0259r is\u0259 v\u0259t\u0259nda\u015flar t\u0259r\u0259find\u0259n yaral\u0131 halda a\u015fkarlanaraq Bak\u0131 Zooloji Park\u0131na t\u0259hvil verilmi\u015fdi. Onlar Zooloji Parkda bir il m\u00fcdd\u0259tind\u0259 klinik \u015f\u0259raitd\u0259 m\u00fcayin\u0259 v\u0259 m\u00fcalic\u0259 olunub, reabilitasiya prosesi u\u011furla ba\u015fa \u00e7atd\u0131qdan sonra t\u0259bii m\u00fchit\u0259 burax\u0131l\u0131b.<\/p>\n<p>Aksiyada t\u0259bi\u0259t\u0259 burax\u0131lan tir\u0259ndazlar vaxtil\u0259 Az\u0259rbaycan Respublikas\u0131n\u0131n \u201cQ\u0131rm\u0131z\u0131 kitab\u201d\u0131na daxil edilmi\u015f n\u00f6vl\u0259rd\u0259n olub. \u00d6lk\u0259mizd\u0259 bu sah\u0259d\u0259 h\u0259yata ke\u00e7iril\u0259n u\u011furlu m\u00fchafiz\u0259 t\u0259dbirl\u0259ri n\u0259tic\u0259sind\u0259 bu v\u0259h\u015fi heyvanlar\u0131n say\u0131 art\u0131r\u0131l\u0131b v\u0259 n\u00f6v \u201cQ\u0131rm\u0131z\u0131 kitab\u201ddan \u00e7\u0131xar\u0131l\u0131b. Milli Parka burax\u0131lan tir\u0259ndazlar Bak\u0131 Zooloji Park\u0131nda \u00e7oxald\u0131lan v\u0259 t\u0259bii populyasiyas\u0131 b\u0259rpa olunan f\u0259rdl\u0259rd\u0259ndir.<\/p>\n<p>Qeyd ed\u0259k ki, s\u00f6z\u00fcged\u0259n ekoloji aksiyalar IDEA \u0130ctimai Birliyi t\u0259r\u0259find\u0259n Az\u0259rbaycanda \u0259traf-m\u00fchitin m\u00fchafiz\u0259si v\u0259 biom\u00fcxt\u0259lifliyin qorunmas\u0131 istiqam\u0259tind\u0259 m\u00fct\u0259madi olaraq g\u00f6r\u00fcl\u0259n i\u015fl\u0259rin t\u0259rkib hiss\u0259sidir.<\/p>\n","protected":false},"excerpt":{"rendered":"<p>Leyla \u018fliyeva, Arzu \u018fliyeva v\u0259 Alena \u018fliyeva EKOLOJ\u0130 AKS\u0130YADA Heyd\u0259r \u018fliyev Fondunun vitse-prezidenti, IDEA \u0130ctimai Birliyinin t\u0259sis\u00e7isi v\u0259 r\u0259hb\u0259ri Leyla \u018fliyeva, Bak\u0131 Media M\u0259rk\u0259zinin r\u0259hb\u0259ri Arzu \u018fliyeva v\u0259 Alena \u018fliyeva&hellip; <\/p>\n","protected":false},"author":14,"featured_media":49468,"comment_status":"open","ping_status":"open","sticky":false,"template":"","format":"standard","meta":{"_mi_skip_tracking":false,"_monsterinsights_sitenote_active":false,"_monsterinsights_sitenote_note":"","_monsterinsights_sitenote_category":0,"footnotes":""},"categories":[7990,4,11],"tags":[14983,14325,14327,15],"aioseo_notices":[],"_links":{"self":[{"href":"https:\/\/infonews.az\/index.php?rest_route=\/wp\/v2\/posts\/49467"}],"collection":[{"href":"https:\/\/infonews.az\/index.php?rest_route=\/wp\/v2\/posts"}],"about":[{"href":"https:\/\/infonews.az\/index.php?rest_route=\/wp\/v2\/types\/post"}],"author":[{"embeddable":true,"href":"https:\/\/infonews.az\/index.php?rest_route=\/wp\/v2\/users\/14"}],"replies":[{"embeddable":true,"href":"https:\/\/infonews.az\/index.php?rest_route=%2Fwp%2Fv2%2Fcomments&post=49467"}],"version-history":[{"count":1,"href":"https:\/\/infonews.az\/index.php?rest_route=\/wp\/v2\/posts\/49467\/revisions"}],"predecessor-version":[{"id":49469,"href":"https:\/\/infonews.az\/index.php?rest_route=\/wp\/v2\/posts\/49467\/revisions\/49469"}],"wp:featuredmedia":[{"embeddable":true,"href":"https:\/\/infonews.az\/index.php?rest_route=\/wp\/v2\/media\/49468"}],"wp:attachment":[{"href":"https:\/\/infonews.az\/index.php?rest_route=%2Fwp%2Fv2%2Fmedia&parent=49467"}],"wp:term":[{"taxonomy":"category","embeddable":true,"href":"https:\/\/infonews.az\/index.php?rest_route=%2Fwp%2Fv2%2Fcategories&post=49467"},{"taxonomy":"post_tag","embeddable":true,"href":"https:\/\/infonews.az\/index.php?rest_route=%2Fwp%2Fv2%2Ftags&post=49467"}],"curies":[{"name":"wp","href":"https:\/\/api.w.org\/{rel}","templated":true}]}}