{"id":49504,"date":"2025-11-26T13:39:45","date_gmt":"2025-11-26T09:39:45","guid":{"rendered":"https:\/\/infonews.az\/?p=49504"},"modified":"2025-11-26T13:39:45","modified_gmt":"2025-11-26T09:39:45","slug":"az%c9%99rbaycan-fransada-les-papilles-du-monde-festivalinda","status":"publish","type":"post","link":"https:\/\/infonews.az\/?p=49504","title":{"rendered":"Az\u0259rbaycan Fransada \u201cLes Papilles du monde\u201d FEST\u0130VALINDA"},"content":{"rendered":"<p><span style=\"color: #ffffff\">Az\u0259rbaycan Fransada \u201cLes Papilles du monde\u201d FEST\u0130VALINDA<\/span><\/p>\n<blockquote><p>La Ro\u015fel (La Rochelle) \u015f\u0259h\u0259rind\u0259ki Assosiasiyalar Birliyinin t\u0259\u015fkilat\u00e7\u0131l\u0131\u011f\u0131 il\u0259 ke\u00e7iril\u0259n \u201cLes Papilles du monde\u201d festival\u0131nda Az\u0259rbaycan\u0131n Fransadak\u0131 s\u0259firliyinin d\u0259st\u0259yi v\u0259 bu \u015f\u0259h\u0259rd\u0259 ya\u015fayan Aysel C\u0259f\u0259rzad\u0259nin t\u0259\u015fkilat\u00e7\u0131l\u0131\u011f\u0131 il\u0259 \u00f6lk\u0259miz d\u0259 t\u0259msil olunub. Festivalda \u0259n\u0259n\u0259vi m\u0259tb\u0259x v\u0259 m\u0259d\u0259niyy\u0259t vasit\u0259sil\u0259 \u00f6lk\u0259l\u0259rin kulinariyas\u0131 v\u0259 m\u0259d\u0259niyy\u0259ti t\u0259\u015fviq edilib.<\/p><\/blockquote>\n<p><a href=\"https:\/\/infonews.az\/?p=49504\"><span style=\"color: #000080\"><strong>&#8220;\u0130NFONEWS&#8221;<\/strong><\/span> <\/a>x\u0259b\u0259r verir ki, Fransada f\u0259aliyy\u0259t g\u00f6st\u0259r\u0259n m\u00fcxt\u0259lif \u00f6lk\u0259l\u0259rin s\u0259firlikl\u0259rinin, el\u0259c\u0259 d\u0259 burada ya\u015fayan m\u00fcxt\u0259lif xalqlar\u0131n n\u00fcmay\u0259nd\u0259l\u0259rinin i\u015ftirak\u0131 il\u0259 ke\u00e7iril\u0259n festivalda Az\u0259rbaycan stendi v\u0259 t\u0259qdimat\u0131 maraqla qar\u015f\u0131lan\u0131b. Az\u0259rbaycan stendind\u0259 Heyd\u0259r \u018fliyev Fondunun \u00f6lk\u0259mizin tarixi, m\u0259d\u0259niyy\u0259ti, s\u0259n\u0259tkarl\u0131\u011f\u0131 v\u0259 m\u0259tb\u0259xin\u0259 dair frans\u0131z dilind\u0259 n\u0259\u015fr etdirdiyi kitablar n\u00fcmayi\u015f olunub. Milli musiqi al\u0259tl\u0259rini \u0259ks etdir\u0259n suvenirl\u0259r, milli ornamentl\u0259 i\u015fl\u0259nmi\u015f armudu st\u0259kanlar v\u0259 nar budaqlar\u0131 il\u0259 b\u0259z\u0259dilmi\u015f stendimizin ziyar\u0259t\u00e7il\u0259ri paxlava, \u015f\u0259k\u0259rbura, badambura kimi milli \u015firniyyatlar\u0131m\u0131za, el\u0259c\u0259 d\u0259 milli m\u0259tb\u0259ximizin dadl\u0131 t\u0259am\u0131na qonaq edilibl\u0259r.<\/p>\n<p>Ziyar\u0259t\u00e7il\u0259r co\u011frafiyam\u0131z\u0131 v\u0259 milli atributlar\u0131m\u0131z\u0131 \u0259ks etdir\u0259n afi\u015fa vasit\u0259sil\u0259 \u00f6lk\u0259mizl\u0259 yax\u0131ndan tan\u0131\u015f olublar. Festival\u0131n t\u0259\u015fkilat\u00e7\u0131lar\u0131na, el\u0259c\u0259 d\u0259 assosiasiya r\u0259hb\u0259rl\u0259rin\u0259 Az\u0259rbaycan\u0131n birinci xan\u0131m\u0131, Heyd\u0259r \u018fliyev Fondunun prezidenti Mehriban \u018fliyevan\u0131n d\u0259st\u0259yi il\u0259 UNESCO-nun Qeyri-Maddi M\u0259d\u0259ni \u0130rs \u00fczr\u0259 Reprezentativ Siyah\u0131s\u0131na daxil edilmi\u015f v\u0259 xalq\u0131m\u0131z\u0131n milli-m\u0259n\u0259vi d\u0259y\u0259rl\u0259r sistemind\u0259, ad\u0259t-\u0259n\u0259n\u0259l\u0259rind\u0259 \u0259n m\u00fch\u00fcm m\u0259d\u0259niyy\u0259t n\u00fcmun\u0259l\u0259rind\u0259n olan k\u0259la\u011fay\u0131, el\u0259c\u0259 d\u0259 tar v\u0259 kaman\u00e7a haqq\u0131nda \u0259trafl\u0131 m\u0259lumat verilib. H\u0259m\u00e7inin xalq\u0131m\u0131z\u0131n \u00e7ox\u0259srlik m\u0259d\u0259ni ad\u0259t-\u0259n\u0259n\u0259l\u0259rind\u0259n, milli m\u0259tb\u0259ximiz v\u0259 geyiml\u0259rimizd\u0259n dan\u0131\u015f\u0131l\u0131b.<\/p>\n<p>Festivalda Avropa, Afrika v\u0259 Asiya qit\u0259l\u0259rind\u0259n olan \u00e7oxsayl\u0131 \u00f6lk\u0259l\u0259rin m\u0259d\u0259niyy\u0259ti v\u0259 milli m\u0259tb\u0259xi t\u0259qdim olunub.<\/p>\n<p>Qeyd ed\u0259k ki, \u201cPapilles du Monde\u201d \u2013 d\u00fcnyan\u0131n dadlar\u0131n\u0131 v\u0259 m\u0259d\u0259niyy\u0259tl\u0259rini bir araya g\u0259tirir. Bu festival d\u00fcnya m\u0259tb\u0259xl\u0259ri v\u0259 m\u0259d\u0259niyy\u0259tl\u0259ri vasit\u0259sil\u0259 d\u00fcnyan\u0131 k\u0259\u015ff etm\u0259k \u00fc\u00e7\u00fcn nadir f\u00fcrs\u0259tdir. F\u0259rqli \u00f6lk\u0259l\u0259rd\u0259n g\u0259lmi\u015f i\u015ftirak\u00e7\u0131lar \u00f6z \u0259n\u0259n\u0259vi yem\u0259kl\u0259rini, ad\u0259t-\u0259n\u0259n\u0259l\u0259rini v\u0259 hekay\u0259l\u0259rini payla\u015faraq ziyar\u0259t\u00e7il\u0259ri qastronomiya s\u0259f\u0259rin\u0259 \u00e7\u0131xar\u0131rlar. \u201cPapilles du Monde\u201d t\u0259dbiri sad\u0259c\u0259 bir kulinar tur deyil, h\u0259mr\u0259ylik, payla\u015f\u0131m v\u0259 m\u0259d\u0259niyy\u0259tl\u0259rin birl\u0259\u015fm\u0259si bayram\u0131d\u0131r. D\u00fcnyan\u0131 l\u0259zz\u0259tl\u0259, musiqi il\u0259, oyunlarla v\u0259 \u0259n \u0259sas\u0131 insanlarla tan\u0131maq \u00fc\u00e7\u00fcn ideal bir imkand\u0131r.<\/p>\n<p><img loading=\"lazy\" decoding=\"async\" class=\"aligncenter size-full wp-image-49506\" src=\"https:\/\/infonews.az\/wp-content\/uploads\/2025\/11\/17641478551624563397_1200x630.jpg\" alt=\"\" width=\"1120\" height=\"630\" srcset=\"https:\/\/infonews.az\/wp-content\/uploads\/2025\/11\/17641478551624563397_1200x630.jpg 1120w, https:\/\/infonews.az\/wp-content\/uploads\/2025\/11\/17641478551624563397_1200x630-300x169.jpg 300w, https:\/\/infonews.az\/wp-content\/uploads\/2025\/11\/17641478551624563397_1200x630-1024x576.jpg 1024w, https:\/\/infonews.az\/wp-content\/uploads\/2025\/11\/17641478551624563397_1200x630-768x432.jpg 768w\" sizes=\"(max-width: 1120px) 100vw, 1120px\" \/><\/p>\n<p><img loading=\"lazy\" decoding=\"async\" class=\"aligncenter size-full wp-image-49507\" src=\"https:\/\/infonews.az\/wp-content\/uploads\/2025\/11\/17641478554602029943_1200x630.jpg\" alt=\"\" width=\"1120\" height=\"630\" srcset=\"https:\/\/infonews.az\/wp-content\/uploads\/2025\/11\/17641478554602029943_1200x630.jpg 1120w, https:\/\/infonews.az\/wp-content\/uploads\/2025\/11\/17641478554602029943_1200x630-300x169.jpg 300w, https:\/\/infonews.az\/wp-content\/uploads\/2025\/11\/17641478554602029943_1200x630-1024x576.jpg 1024w, https:\/\/infonews.az\/wp-content\/uploads\/2025\/11\/17641478554602029943_1200x630-768x432.jpg 768w\" sizes=\"(max-width: 1120px) 100vw, 1120px\" \/><\/p>\n<p><img loading=\"lazy\" decoding=\"async\" class=\"aligncenter size-full wp-image-49508\" src=\"https:\/\/infonews.az\/wp-content\/uploads\/2025\/11\/17641478556163154368_1200x630.jpg\" alt=\"\" width=\"354\" height=\"630\" srcset=\"https:\/\/infonews.az\/wp-content\/uploads\/2025\/11\/17641478556163154368_1200x630.jpg 354w, https:\/\/infonews.az\/wp-content\/uploads\/2025\/11\/17641478556163154368_1200x630-169x300.jpg 169w\" sizes=\"(max-width: 354px) 100vw, 354px\" \/><\/p>\n<p><img loading=\"lazy\" decoding=\"async\" class=\"aligncenter size-full wp-image-49509\" src=\"https:\/\/infonews.az\/wp-content\/uploads\/2025\/11\/17641478556002224122_1200x630.jpg\" alt=\"\" width=\"472\" height=\"630\" srcset=\"https:\/\/infonews.az\/wp-content\/uploads\/2025\/11\/17641478556002224122_1200x630.jpg 472w, https:\/\/infonews.az\/wp-content\/uploads\/2025\/11\/17641478556002224122_1200x630-225x300.jpg 225w\" sizes=\"(max-width: 472px) 100vw, 472px\" \/><\/p>\n<p><img loading=\"lazy\" decoding=\"async\" class=\"aligncenter size-full wp-image-49510\" src=\"https:\/\/infonews.az\/wp-content\/uploads\/2025\/11\/1764147855290461508_1200x630.jpg\" alt=\"\" width=\"472\" height=\"630\" srcset=\"https:\/\/infonews.az\/wp-content\/uploads\/2025\/11\/1764147855290461508_1200x630.jpg 472w, https:\/\/infonews.az\/wp-content\/uploads\/2025\/11\/1764147855290461508_1200x630-225x300.jpg 225w\" sizes=\"(max-width: 472px) 100vw, 472px\" \/><\/p>\n","protected":false},"excerpt":{"rendered":"<p>Az\u0259rbaycan Fransada \u201cLes Papilles du monde\u201d FEST\u0130VALINDA La Ro\u015fel (La Rochelle) \u015f\u0259h\u0259rind\u0259ki Assosiasiyalar Birliyinin t\u0259\u015fkilat\u00e7\u0131l\u0131\u011f\u0131 il\u0259 ke\u00e7iril\u0259n \u201cLes Papilles du monde\u201d festival\u0131nda Az\u0259rbaycan\u0131n Fransadak\u0131 s\u0259firliyinin d\u0259st\u0259yi v\u0259 bu \u015f\u0259h\u0259rd\u0259 ya\u015fayan&hellip; <\/p>\n","protected":false},"author":14,"featured_media":49505,"comment_status":"open","ping_status":"open","sticky":false,"template":"","format":"standard","meta":{"_mi_skip_tracking":false,"_monsterinsights_sitenote_active":false,"_monsterinsights_sitenote_note":"","_monsterinsights_sitenote_category":0,"footnotes":""},"categories":[5373,4,10,11],"tags":[14993,14994,15],"aioseo_notices":[],"_links":{"self":[{"href":"https:\/\/infonews.az\/index.php?rest_route=\/wp\/v2\/posts\/49504"}],"collection":[{"href":"https:\/\/infonews.az\/index.php?rest_route=\/wp\/v2\/posts"}],"about":[{"href":"https:\/\/infonews.az\/index.php?rest_route=\/wp\/v2\/types\/post"}],"author":[{"embeddable":true,"href":"https:\/\/infonews.az\/index.php?rest_route=\/wp\/v2\/users\/14"}],"replies":[{"embeddable":true,"href":"https:\/\/infonews.az\/index.php?rest_route=%2Fwp%2Fv2%2Fcomments&post=49504"}],"version-history":[{"count":1,"href":"https:\/\/infonews.az\/index.php?rest_route=\/wp\/v2\/posts\/49504\/revisions"}],"predecessor-version":[{"id":49511,"href":"https:\/\/infonews.az\/index.php?rest_route=\/wp\/v2\/posts\/49504\/revisions\/49511"}],"wp:featuredmedia":[{"embeddable":true,"href":"https:\/\/infonews.az\/index.php?rest_route=\/wp\/v2\/media\/49505"}],"wp:attachment":[{"href":"https:\/\/infonews.az\/index.php?rest_route=%2Fwp%2Fv2%2Fmedia&parent=49504"}],"wp:term":[{"taxonomy":"category","embeddable":true,"href":"https:\/\/infonews.az\/index.php?rest_route=%2Fwp%2Fv2%2Fcategories&post=49504"},{"taxonomy":"post_tag","embeddable":true,"href":"https:\/\/infonews.az\/index.php?rest_route=%2Fwp%2Fv2%2Ftags&post=49504"}],"curies":[{"name":"wp","href":"https:\/\/api.w.org\/{rel}","templated":true}]}}