{"id":49517,"date":"2025-11-26T17:02:20","date_gmt":"2025-11-26T13:02:20","guid":{"rendered":"https:\/\/infonews.az\/?p=49517"},"modified":"2025-11-26T17:02:20","modified_gmt":"2025-11-26T13:02:20","slug":"xalq-artisti-t%c9%99ran%c9%99-muradovanin-yaradiciliq-gec%c9%99si-kecirilib","status":"publish","type":"post","link":"https:\/\/infonews.az\/?p=49517","title":{"rendered":"Xalq artisti T\u0259ran\u0259 Muradovan\u0131n yarad\u0131c\u0131l\u0131q gec\u0259si ke\u00e7irilib"},"content":{"rendered":"<p><span style=\"color: #ffffff\">Xalq artisti T\u0259ran\u0259 Muradovan\u0131n yarad\u0131c\u0131l\u0131q gec\u0259si ke\u00e7irilib<\/span><\/p>\n<blockquote><p><strong>Bak\u0131 Xoreoqrafiya Akademiyas\u0131n\u0131n (BXA) Xarici \u0259laq\u0259l\u0259r \u00fczr\u0259 \u00a0prorektoru, \u00a0Xalq artisti T\u0259ran\u0259 Muradovan\u0131n Heyd\u0259r \u018fliyev Saray\u0131nda \u00a0yarad\u0131c\u0131l\u0131q gec\u0259si ke\u00e7irilib.<\/strong><\/p><\/blockquote>\n<p><a href=\"https:\/\/infonews.az\/?p=49517\"><span style=\"color: #000080\"><strong>&#8220;\u0130NFONEWS&#8221;<\/strong><\/span><\/a> x\u0259br verir ki, yubiley gec\u0259sind\u0259 BXA-n\u0131n r\u0259hb\u0259rliyi, m\u0259d\u0259niyy\u0259t v\u0259 inc\u0259s\u0259n\u0259t n\u00fcmay\u0259nd\u0259l\u0259ri, xarici t\u0259hsil m\u00fc\u0259ssis\u0259l\u0259rinin r\u0259hb\u0259rl\u0259ri, M\u0259d\u0259niyy\u0259t Nazirliyinin n\u00fcmay\u0259nd\u0259l\u0259ri, media \u00fczvl\u0259ri v\u0259 dig\u0259r qonaqlar i\u015ftirak edibl\u0259r.<\/p>\n<p>T\u0259dbirin \u0259vv\u0259lind\u0259 Xalq artisti T\u0259ran\u0259 Muradovaya M\u0259d\u0259niyy\u0259t Nazirliyi, Bak\u0131 Xoreoqrafiya Akademiyas\u0131, \u00a0T\u00dcRKSOY, \u00d6zb\u0259kistan D\u00f6vl\u0259t Xoreoqrafiya Akademiyas\u0131, Qazax\u0131stan D\u00f6vl\u0259t Xoreoqrafiya Akademiyas\u0131, T\u00fcrkiy\u0259 D\u00f6vl\u0259t Opera v\u0259 Balet Ba\u015f \u0130dar\u0259si, G\u00fcrc\u00fcstan M\u0259d\u0259niyy\u0259t Palatas\u0131 t\u0259r\u0259find\u0259n t\u0259brik \u00fcnvanlan\u0131b.<\/p>\n<p>T\u0259brik zaman\u0131 T. Muradovan\u0131n Az\u0259rbaycan\u0131n r\u0259qs m\u0259d\u0259niyy\u0259tin\u0259 verdiyi t\u00f6hf\u0259l\u0259rd\u0259n, s\u0259n\u0259tkar\u0131n s\u0259n\u0259t yolundan b\u0259hs olunub.<\/p>\n<p>Ard\u0131nca is\u0259 akademiyan\u0131n tam orta t\u0259hsil pill\u0259sinin \u015fagirdl\u0259rinin, \u0130nc\u0259s\u0259n\u0259t fak\u00fclt\u0259sinin, orta ixtisas t\u0259hsili pill\u0259sinin t\u0259l\u0259b\u0259l\u0259rinin, Az\u0259rbaycan D\u00f6vl\u0259r R\u0259qs Ansambl\u0131n\u0131n, Xalq artisti T\u0259ran\u0259 Muradova v\u0259 dig\u0259r inc\u0259s\u0259n\u0259t n\u00fcmay\u0259nd\u0259l\u0259ri t\u0259r\u0259find\u0259n Vasif Ad\u0131g\u00f6z\u0259lovun \u201cBayram suitas\u0131\u201d, Qazax\u0131stan r\u0259qsi \u201cJetigen\u201d, Qara Qarayevin \u201cYeddi g\u00f6z\u0259l\u201d, Qaraba\u011f yall\u0131s\u0131 \u201c\u00c7e\u015fm\u0259 ba\u015f\u0131nda\u201d, Emin Sabito\u011flunun \u201cA\u011f \u00e7i\u00e7\u0259yim\u201d, \u00a0\u00d6zb\u0259k r\u0259qsi, \u201cQay\u0131dan ritm\u201d \u00a0v\u0259 s. r\u0259qs par\u00e7alar\u0131 ifa olunub.<\/p>\n<p>Qeyd ed\u0259k ki, konsert an\u015flaqla qar\u015f\u0131lan\u0131b.<\/p>\n<p><img loading=\"lazy\" decoding=\"async\" class=\"aligncenter size-full wp-image-49518\" src=\"https:\/\/infonews.az\/wp-content\/uploads\/2025\/11\/6jpg-1764160361.jpg\" alt=\"\" width=\"800\" height=\"533\" srcset=\"https:\/\/infonews.az\/wp-content\/uploads\/2025\/11\/6jpg-1764160361.jpg 800w, https:\/\/infonews.az\/wp-content\/uploads\/2025\/11\/6jpg-1764160361-300x200.jpg 300w, https:\/\/infonews.az\/wp-content\/uploads\/2025\/11\/6jpg-1764160361-768x512.jpg 768w\" sizes=\"(max-width: 800px) 100vw, 800px\" \/><\/p>\n<p><img loading=\"lazy\" decoding=\"async\" class=\"aligncenter size-full wp-image-49520\" src=\"https:\/\/infonews.az\/wp-content\/uploads\/2025\/11\/1761592468.jpg\" alt=\"\" width=\"900\" height=\"697\" srcset=\"https:\/\/infonews.az\/wp-content\/uploads\/2025\/11\/1761592468.jpg 900w, https:\/\/infonews.az\/wp-content\/uploads\/2025\/11\/1761592468-300x232.jpg 300w, https:\/\/infonews.az\/wp-content\/uploads\/2025\/11\/1761592468-768x595.jpg 768w\" sizes=\"(max-width: 900px) 100vw, 900px\" \/><\/p>\n","protected":false},"excerpt":{"rendered":"<p>Xalq artisti T\u0259ran\u0259 Muradovan\u0131n yarad\u0131c\u0131l\u0131q gec\u0259si ke\u00e7irilib Bak\u0131 Xoreoqrafiya Akademiyas\u0131n\u0131n (BXA) Xarici \u0259laq\u0259l\u0259r \u00fczr\u0259 \u00a0prorektoru, \u00a0Xalq artisti T\u0259ran\u0259 Muradovan\u0131n Heyd\u0259r \u018fliyev Saray\u0131nda \u00a0yarad\u0131c\u0131l\u0131q gec\u0259si ke\u00e7irilib. &#8220;\u0130NFONEWS&#8221; x\u0259br verir ki, yubiley&hellip; <\/p>\n","protected":false},"author":14,"featured_media":49519,"comment_status":"open","ping_status":"open","sticky":false,"template":"","format":"standard","meta":{"_mi_skip_tracking":false,"_monsterinsights_sitenote_active":false,"_monsterinsights_sitenote_note":"","_monsterinsights_sitenote_category":0,"footnotes":""},"categories":[4,10,11],"tags":[4203,15,14997],"aioseo_notices":[],"_links":{"self":[{"href":"https:\/\/infonews.az\/index.php?rest_route=\/wp\/v2\/posts\/49517"}],"collection":[{"href":"https:\/\/infonews.az\/index.php?rest_route=\/wp\/v2\/posts"}],"about":[{"href":"https:\/\/infonews.az\/index.php?rest_route=\/wp\/v2\/types\/post"}],"author":[{"embeddable":true,"href":"https:\/\/infonews.az\/index.php?rest_route=\/wp\/v2\/users\/14"}],"replies":[{"embeddable":true,"href":"https:\/\/infonews.az\/index.php?rest_route=%2Fwp%2Fv2%2Fcomments&post=49517"}],"version-history":[{"count":1,"href":"https:\/\/infonews.az\/index.php?rest_route=\/wp\/v2\/posts\/49517\/revisions"}],"predecessor-version":[{"id":49521,"href":"https:\/\/infonews.az\/index.php?rest_route=\/wp\/v2\/posts\/49517\/revisions\/49521"}],"wp:featuredmedia":[{"embeddable":true,"href":"https:\/\/infonews.az\/index.php?rest_route=\/wp\/v2\/media\/49519"}],"wp:attachment":[{"href":"https:\/\/infonews.az\/index.php?rest_route=%2Fwp%2Fv2%2Fmedia&parent=49517"}],"wp:term":[{"taxonomy":"category","embeddable":true,"href":"https:\/\/infonews.az\/index.php?rest_route=%2Fwp%2Fv2%2Fcategories&post=49517"},{"taxonomy":"post_tag","embeddable":true,"href":"https:\/\/infonews.az\/index.php?rest_route=%2Fwp%2Fv2%2Ftags&post=49517"}],"curies":[{"name":"wp","href":"https:\/\/api.w.org\/{rel}","templated":true}]}}