{"id":4957,"date":"2021-02-20T09:08:54","date_gmt":"2021-02-20T05:08:54","guid":{"rendered":"https:\/\/infonews.az\/?p=4957"},"modified":"2021-02-20T12:21:01","modified_gmt":"2021-02-20T08:21:01","slug":"leyli-v%c9%99-m%c9%99cnun-%c9%99s%c9%99ri-ilk-d%c9%99f%c9%99-olaraq-s%c9%99hn%c9%99l%c9%99sdirildi","status":"publish","type":"post","link":"https:\/\/infonews.az\/?p=4957","title":{"rendered":"&#8220;Leyli v\u0259 M\u0259cnun&#8221; \u0259s\u0259ri ilk d\u0259f\u0259 olaraq s\u0259hn\u0259l\u0259\u015fdirildi"},"content":{"rendered":"<blockquote><p><span style=\"color: #ffffff;\">&#8220;Leyli v\u0259 M\u0259cnun&#8221; \u0259s\u0259ri ilk d\u0259f\u0259 olaraq s\u0259hn\u0259l\u0259\u015fdirildi\u00a0\u00a0<\/span><br \/>\nAz\u0259rbaycan Respublikas\u0131 Prezidenti c\u0259nab \u0130lham \u018fliyevin s\u0259r\u0259ncam\u0131na \u0259sas\u0259n 2021-ci il \u00f6lk\u0259mizd\u0259 dahi \u015fair Nizami G\u0259nc\u0259vinin 880 illik yubileyi \u00a0il\u0259 ba\u011fl\u0131 olaraq \u201cNizami G\u0259nc\u0259vi \u0130li\u201d kimi qeyd olunmaqdad\u0131r.<\/p><\/blockquote>\n<p><a href=\"https:\/\/infonews.az\/?p=4957\"><span style=\"color: #ff0000;\"><strong>&#8220;\u0130NFONEWS&#8221;<\/strong><\/span><\/a> x\u0259b\u0259r verir ki, g\u0259ncl\u0259r siyas\u0259tini u\u011furlu \u015f\u0259kild\u0259 h\u0259yata ke\u00e7ir\u0259n v\u0259 m\u00fcxt\u0259lif istedadl\u0131 g\u0259ncl\u0259r k\u00fctl\u0259sin\u0259 malik Bak\u0131 G\u0259ncl\u0259r M\u0259rk\u0259zi \u201cNizami G\u0259nc\u0259vi \u0130li\u201d il\u0259 ba\u011fl\u0131 start verdiyi silsil\u0259 layih\u0259l\u0259r \u00e7\u0259r\u00e7iv\u0259sind\u0259 n\u00f6vb\u0259ti add\u0131m\u0131 il\u0259 diqq\u0259t \u00e7\u0259kib. Bel\u0259 ki, \u0259dibin \u201cLeyli v\u0259 M\u0259cnun\u201d \u0259s\u0259ri Bak\u0131 G\u0259ncl\u0259r M\u0259rk\u0259zinin \u201cS\u0259hn\u0259d\u0259S\u0259n\u201d aktyorluq klubunun istedadl\u0131 g\u0259ncl\u0259ri t\u0259r\u0259find\u0259n ilk d\u0259f\u0259 olaraq dialoq formas\u0131nda s\u0259hn\u0259l\u0259\u015fdirilib.<\/p>\n<p>B\u00f6y\u00fck m\u00fct\u0259f\u0259kkir Nizami G\u0259nc\u0259vinin d\u00fcnya \u015f\u00f6hr\u0259tli \u201cX\u018fMS\u018f\u201dsin\u0259 daxil olan, sevgil\u0259rin ruh\u0259n birl\u0259\u015fm\u0259sin\u0259 aparan, \u00fclvi, saf v\u0259 t\u0259miz hissl\u0259ri \u00f6z\u00fcnd\u0259 t\u0259c\u0259ss\u00fcm etdir\u0259n bu \u0259s\u0259r \u0259srl\u0259rd\u0259n b\u0259ri \u015e\u0259rqin misilsiz m\u0259d\u0259ni s\u0259rv\u0259tl\u0259r x\u0259zin\u0259sind\u0259 layiqli yerini qoruyub saxlam\u0131\u015fd\u0131r.<\/p>\n<p>H\u0259r zaman yenilikl\u0259ri il\u0259 t\u0259\u0259cc\u00fcbl\u0259ndir\u0259n Bak\u0131 G\u0259ncl\u0259r M\u0259rk\u0259zi n\u00f6vb\u0259ti layih\u0259l\u0259ri il\u0259 c\u0259miyy\u0259ti t\u0259\u0259cc\u00fcbl\u0259ndirm\u0259y\u0259 davam edir.<\/p>\n<p><a href=\"https:\/\/youtu.be\/e5tVljuQrcI\">S\u0259hn\u0259l\u0259\u015fdirilmi\u015f \u0259s\u0259ri izl\u0259m\u0259k \u00fc\u00e7\u00fcn klikl\u0259y\u0259 bil\u0259rsiniz.<\/a><\/p>\n","protected":false},"excerpt":{"rendered":"<p>&#8220;Leyli v\u0259 M\u0259cnun&#8221; \u0259s\u0259ri ilk d\u0259f\u0259 olaraq s\u0259hn\u0259l\u0259\u015fdirildi\u00a0\u00a0 Az\u0259rbaycan Respublikas\u0131 Prezidenti c\u0259nab \u0130lham \u018fliyevin s\u0259r\u0259ncam\u0131na \u0259sas\u0259n 2021-ci il \u00f6lk\u0259mizd\u0259 dahi \u015fair Nizami G\u0259nc\u0259vinin 880 illik yubileyi \u00a0il\u0259 ba\u011fl\u0131 olaraq \u201cNizami&hellip; <\/p>\n","protected":false},"author":3,"featured_media":4958,"comment_status":"open","ping_status":"open","sticky":false,"template":"","format":"standard","meta":{"_mi_skip_tracking":false,"_monsterinsights_sitenote_active":false,"_monsterinsights_sitenote_note":"","_monsterinsights_sitenote_category":0,"footnotes":""},"categories":[11,7],"tags":[918,15,1427,1426],"aioseo_notices":[],"_links":{"self":[{"href":"https:\/\/infonews.az\/index.php?rest_route=\/wp\/v2\/posts\/4957"}],"collection":[{"href":"https:\/\/infonews.az\/index.php?rest_route=\/wp\/v2\/posts"}],"about":[{"href":"https:\/\/infonews.az\/index.php?rest_route=\/wp\/v2\/types\/post"}],"author":[{"embeddable":true,"href":"https:\/\/infonews.az\/index.php?rest_route=\/wp\/v2\/users\/3"}],"replies":[{"embeddable":true,"href":"https:\/\/infonews.az\/index.php?rest_route=%2Fwp%2Fv2%2Fcomments&post=4957"}],"version-history":[{"count":1,"href":"https:\/\/infonews.az\/index.php?rest_route=\/wp\/v2\/posts\/4957\/revisions"}],"predecessor-version":[{"id":4959,"href":"https:\/\/infonews.az\/index.php?rest_route=\/wp\/v2\/posts\/4957\/revisions\/4959"}],"wp:featuredmedia":[{"embeddable":true,"href":"https:\/\/infonews.az\/index.php?rest_route=\/wp\/v2\/media\/4958"}],"wp:attachment":[{"href":"https:\/\/infonews.az\/index.php?rest_route=%2Fwp%2Fv2%2Fmedia&parent=4957"}],"wp:term":[{"taxonomy":"category","embeddable":true,"href":"https:\/\/infonews.az\/index.php?rest_route=%2Fwp%2Fv2%2Fcategories&post=4957"},{"taxonomy":"post_tag","embeddable":true,"href":"https:\/\/infonews.az\/index.php?rest_route=%2Fwp%2Fv2%2Ftags&post=4957"}],"curies":[{"name":"wp","href":"https:\/\/api.w.org\/{rel}","templated":true}]}}