{"id":49607,"date":"2025-12-03T15:45:27","date_gmt":"2025-12-03T11:45:27","guid":{"rendered":"https:\/\/infonews.az\/?p=49607"},"modified":"2025-12-03T15:45:27","modified_gmt":"2025-12-03T11:45:27","slug":"suleyman-m%c9%99mm%c9%99dovun-s%c9%99xsi-kitabxanasindan-kitab-v%c9%99-jurnallar-prezident-kitabxanasina-bagislanib","status":"publish","type":"post","link":"https:\/\/infonews.az\/?p=49607","title":{"rendered":"S\u00fcleyman M\u0259mm\u0259dovun \u015f\u0259xsi kitabxanas\u0131ndan kitab v\u0259 jurnallar Prezident Kitabxanas\u0131na ba\u011f\u0131\u015flan\u0131b"},"content":{"rendered":"<p class=\"entry-title\"><span style=\"color: #ffffff\">S\u00fcleyman M\u0259mm\u0259dovun \u015f\u0259xsi kitabxanas\u0131ndan kitab v\u0259 jurnallar Prezident Kitabxanas\u0131na ba\u011f\u0131\u015flan\u0131b<\/span><\/p>\n<blockquote><p>Dekabr\u0131n 3-d\u0259 \u018fm\u0259kdar elm xadimi, D\u00f6vl\u0259t m\u00fckafat\u0131 laureat\u0131 S\u00fcleyman M\u0259mm\u0259dovun \u015f\u0259xsi kitabxanas\u0131ndan 700 n\u00fcsx\u0259 kitab v\u0259 jurnallar\u0131n qohumlar\u0131 t\u0259r\u0259find\u0259n Prezident Kitabxanas\u0131na ba\u011f\u0131\u015flanmas\u0131na h\u0259sr olunmu\u015f t\u0259dbir ke\u00e7irilib.<\/p><\/blockquote>\n<p><a href=\"https:\/\/infonews.az\/?p=49607\"><span style=\"color: #000080\"><strong>&#8220;\u0130NFONEWS&#8221;<\/strong><\/span><\/a> x\u0259b\u0259r verir ki, t\u0259dbird\u0259 \u00e7\u0131x\u0131\u015f ed\u0259n Prezident Kitabxanas\u0131n\u0131n direktoru professor Af\u0259t Abbasova g\u00f6rk\u0259mli aliml\u0259rin yaratd\u0131qlar\u0131 \u015f\u0259xsi kitabxanalar\u0131n \u0259sl x\u0259zin\u0259 hesab olundu\u011funu deyib. O vur\u011fulay\u0131b ki, ill\u0259r boyunca bel\u0259 \u015f\u0259xsi kitabxanalar\u0131n \u00e7oxu da\u011f\u0131d\u0131l\u0131b, m\u0259hv edilib. Bu s\u0259b\u0259bd\u0259n S\u00fcleyman M\u0259mm\u0259dovun \u015f\u0259xsi kitabxanas\u0131n\u0131n qorunaraq Prezident Kitabxanas\u0131na t\u0259qdim edilm\u0259si b\u00f6y\u00fck \u0259h\u0259miyy\u0259t da\u015f\u0131y\u0131r v\u0259 onun elmi irsin\u0259 g\u00f6st\u0259ril\u0259n d\u0259rin ehtiram\u0131n ifad\u0259sidir.<\/p>\n<p>Tarix \u00fczr\u0259 f\u0259ls\u0259f\u0259 doktoru Nazim Mustafayev, AMEA-n\u0131n Abbasqulu A\u011fa Bak\u0131xanov ad\u0131na Tarix v\u0259 Etnologiya \u0130nstitutunun \u201cQ\u0259rbi Az\u0259rbaycan tarixi\u201d \u015f\u00f6b\u0259sinin m\u00fcdiri tarix \u00fczr\u0259 f\u0259ls\u0259f\u0259 doktoru C\u0259bi B\u0259hramov, Az\u0259rbaycan\u0131n yeni tarixi \u015f\u00f6b\u0259sinin m\u00fcdiri Hac\u0131 Musayev, Az\u0259rbaycan D\u00f6vl\u0259t Pedaqoji Universitetinin Elmi-t\u0259\u015fkilati \u015f\u00f6b\u0259sinin m\u00fcdiri, filologiya elml\u0259ri doktoru professor \u0130brahim Bayramov v\u0259 dig\u0259rl\u0259ri t\u0259dbird\u0259 S\u00fcleyman M\u0259mm\u0259dovun h\u0259yat v\u0259 yarad\u0131c\u0131l\u0131\u011f\u0131 il\u0259 ba\u011fl\u0131 \u00e7\u0131x\u0131\u015f edibl\u0259r. Bildirilib ki, S\u00fcleyman M\u0259mm\u0259dov 1932-ci il oktyabr\u0131n 30-da Q\u0259rbi Az\u0259rbaycan\u0131n Vedibasar mahal\u0131n\u0131n Xalisa k\u0259ndind\u0259 anadan olub. O, 1939-1945-ci ill\u0259rd\u0259 Vedi rayonunun Xalisa k\u0259nd yeddiillik m\u0259kt\u0259bind\u0259 t\u0259hsil al\u0131b. 1946-c\u0131 ild\u0259 k\u0259nd t\u0259s\u0259rr\u00fcfat\u0131nda \u0259m\u0259k f\u0259aliyy\u0259tin\u0259 ba\u015flay\u0131b, 1947-ci ild\u0259 Av\u015far k\u0259nd orta m\u0259kt\u0259binin VIII sinfind\u0259 oxuyub, daha sonra \u0130r\u0259van pedaqoji m\u0259kt\u0259bin\u0259 daxil olaraq 1951-ci ild\u0259 oran\u0131 f\u0259rql\u0259nm\u0259 diplomu il\u0259 bitirib.<\/p>\n<p>Qeyd edilib ki, S\u00fcleyman M\u0259mm\u0259dov 1951-1952-ci ill\u0259rd\u0259 Xalisa k\u0259nd yeddiillik m\u0259kt\u0259bind\u0259 m\u00fc\u0259llim i\u015fl\u0259yib. 1954-1959-cu ill\u0259rd\u0259 Az\u0259rbaycan D\u00f6vl\u0259t Universitetind\u0259 ali t\u0259hsil al\u0131b, 1959-1960-c\u0131 ill\u0259rd\u0259 SSR Elml\u0259r Akademiyas\u0131n\u0131n Tarix \u0130nstitutunun Orta \u0259srl\u0259r tarixi \u015f\u00f6b\u0259sind\u0259 laborant v\u0259zif\u0259sind\u0259 \u00e7al\u0131\u015f\u0131b. O, 1960-1961-ci ill\u0259rd\u0259 Erm\u0259nistan Elml\u0259r Akademiyas\u0131n\u0131n H.A\u00e7\u0131ryan ad\u0131na Dil\u00e7ilik \u0130nstitutunda q\u0259dim erm\u0259ni dili \u00fczr\u0259 t\u0259hsil al\u0131b, 1960-1962-ci ill\u0259rd\u0259 SSR Elml\u0259r Akademiyas\u0131n\u0131n Tarix \u0130nstitutunun Orta \u0259srl\u0259r tarixi \u015f\u00f6b\u0259sind\u0259 ki\u00e7ik elmi i\u015f\u00e7i kimi f\u0259aliyy\u0259t g\u00f6st\u0259rib. 1962-1965-ci ill\u0259rd\u0259 is\u0259 yenid\u0259n Erm\u0259nistan SSR Elml\u0259r Akademiyas\u0131n\u0131n Tarix \u0130nstitutunda aspirantura t\u0259hsili al\u0131b.<\/p>\n<p>\u00c7\u0131x\u0131\u015f\u00e7\u0131lar diqq\u0259t\u0259 \u00e7atd\u0131r\u0131blar ki, S\u00fcleyman M\u0259mm\u0259dov Erm\u0259nistanda q\u0259dim erm\u0259ni dili \u00fczr\u0259 x\u00fcsusi haz\u0131rl\u0131q ke\u00e7ib, \u0130r\u0259vanda Matenadaran v\u0259 dig\u0259r arxivl\u0259rd\u0259 uzun m\u00fcdd\u0259t ara\u015fd\u0131rmalar apar\u0131b. Onun toplad\u0131\u011f\u0131 materiallar v\u0259 elmi i\u015fi Az\u0259rbaycan\u0131n tarixini obyektiv \u015f\u0259kild\u0259 \u00f6yr\u0259nm\u0259k bax\u0131m\u0131ndan m\u00fch\u00fcm \u0259h\u0259miyy\u0259t k\u0259sb edir v\u0259 \u00f6lk\u0259miz \u00fc\u00e7\u00fcn qiym\u0259tli elmi irs hesab olunur.<\/p>\n<p>Sonda qeyd olunub ki, S\u00fcleyman M\u0259mm\u0259dovun z\u0259ngin elmi irsi bu g\u00fcn d\u0259 tarix\u015f\u00fcnasl\u0131q \u00fc\u00e7\u00fcn d\u0259y\u0259rli m\u0259nb\u0259dir v\u0259 ara\u015fd\u0131rma\u00e7\u0131lar t\u0259r\u0259find\u0259n geni\u015f \u015f\u0259kild\u0259 istifad\u0259 olunur.<\/p>\n<p><img loading=\"lazy\" decoding=\"async\" class=\"aligncenter size-full wp-image-49609\" src=\"https:\/\/infonews.az\/wp-content\/uploads\/2025\/12\/17647585473033131007_1200x630.jpg\" alt=\"\" width=\"944\" height=\"630\" srcset=\"https:\/\/infonews.az\/wp-content\/uploads\/2025\/12\/17647585473033131007_1200x630.jpg 944w, https:\/\/infonews.az\/wp-content\/uploads\/2025\/12\/17647585473033131007_1200x630-300x200.jpg 300w, https:\/\/infonews.az\/wp-content\/uploads\/2025\/12\/17647585473033131007_1200x630-768x513.jpg 768w\" sizes=\"(max-width: 944px) 100vw, 944px\" \/><\/p>\n<p><img loading=\"lazy\" decoding=\"async\" class=\"aligncenter size-full wp-image-49610\" src=\"https:\/\/infonews.az\/wp-content\/uploads\/2025\/12\/17647585474426251667_1200x630.jpg\" alt=\"\" width=\"944\" height=\"630\" srcset=\"https:\/\/infonews.az\/wp-content\/uploads\/2025\/12\/17647585474426251667_1200x630.jpg 944w, https:\/\/infonews.az\/wp-content\/uploads\/2025\/12\/17647585474426251667_1200x630-300x200.jpg 300w, https:\/\/infonews.az\/wp-content\/uploads\/2025\/12\/17647585474426251667_1200x630-768x513.jpg 768w\" sizes=\"(max-width: 944px) 100vw, 944px\" \/><\/p>\n<p><img loading=\"lazy\" decoding=\"async\" class=\"aligncenter size-full wp-image-49611\" src=\"https:\/\/infonews.az\/wp-content\/uploads\/2025\/12\/1764758547580437954_1200x630.jpg\" alt=\"\" width=\"944\" height=\"630\" srcset=\"https:\/\/infonews.az\/wp-content\/uploads\/2025\/12\/1764758547580437954_1200x630.jpg 944w, https:\/\/infonews.az\/wp-content\/uploads\/2025\/12\/1764758547580437954_1200x630-300x200.jpg 300w, https:\/\/infonews.az\/wp-content\/uploads\/2025\/12\/1764758547580437954_1200x630-768x513.jpg 768w\" sizes=\"(max-width: 944px) 100vw, 944px\" \/><\/p>\n<p><img loading=\"lazy\" decoding=\"async\" class=\"aligncenter size-full wp-image-49612\" src=\"https:\/\/infonews.az\/wp-content\/uploads\/2025\/12\/17647585471900619924_1200x630.jpg\" alt=\"\" width=\"944\" height=\"630\" srcset=\"https:\/\/infonews.az\/wp-content\/uploads\/2025\/12\/17647585471900619924_1200x630.jpg 944w, https:\/\/infonews.az\/wp-content\/uploads\/2025\/12\/17647585471900619924_1200x630-300x200.jpg 300w, https:\/\/infonews.az\/wp-content\/uploads\/2025\/12\/17647585471900619924_1200x630-768x513.jpg 768w\" sizes=\"(max-width: 944px) 100vw, 944px\" \/><\/p>\n","protected":false},"excerpt":{"rendered":"<p>S\u00fcleyman M\u0259mm\u0259dovun \u015f\u0259xsi kitabxanas\u0131ndan kitab v\u0259 jurnallar Prezident Kitabxanas\u0131na ba\u011f\u0131\u015flan\u0131b Dekabr\u0131n 3-d\u0259 \u018fm\u0259kdar elm xadimi, D\u00f6vl\u0259t m\u00fckafat\u0131 laureat\u0131 S\u00fcleyman M\u0259mm\u0259dovun \u015f\u0259xsi kitabxanas\u0131ndan 700 n\u00fcsx\u0259 kitab v\u0259 jurnallar\u0131n qohumlar\u0131 t\u0259r\u0259find\u0259n Prezident&hellip; <\/p>\n","protected":false},"author":14,"featured_media":49608,"comment_status":"open","ping_status":"open","sticky":false,"template":"","format":"standard","meta":{"_mi_skip_tracking":false,"_monsterinsights_sitenote_active":false,"_monsterinsights_sitenote_note":"","_monsterinsights_sitenote_category":0,"footnotes":""},"categories":[10,11],"tags":[1360,15012,15011,15,15010],"aioseo_notices":[],"_links":{"self":[{"href":"https:\/\/infonews.az\/index.php?rest_route=\/wp\/v2\/posts\/49607"}],"collection":[{"href":"https:\/\/infonews.az\/index.php?rest_route=\/wp\/v2\/posts"}],"about":[{"href":"https:\/\/infonews.az\/index.php?rest_route=\/wp\/v2\/types\/post"}],"author":[{"embeddable":true,"href":"https:\/\/infonews.az\/index.php?rest_route=\/wp\/v2\/users\/14"}],"replies":[{"embeddable":true,"href":"https:\/\/infonews.az\/index.php?rest_route=%2Fwp%2Fv2%2Fcomments&post=49607"}],"version-history":[{"count":1,"href":"https:\/\/infonews.az\/index.php?rest_route=\/wp\/v2\/posts\/49607\/revisions"}],"predecessor-version":[{"id":49613,"href":"https:\/\/infonews.az\/index.php?rest_route=\/wp\/v2\/posts\/49607\/revisions\/49613"}],"wp:featuredmedia":[{"embeddable":true,"href":"https:\/\/infonews.az\/index.php?rest_route=\/wp\/v2\/media\/49608"}],"wp:attachment":[{"href":"https:\/\/infonews.az\/index.php?rest_route=%2Fwp%2Fv2%2Fmedia&parent=49607"}],"wp:term":[{"taxonomy":"category","embeddable":true,"href":"https:\/\/infonews.az\/index.php?rest_route=%2Fwp%2Fv2%2Fcategories&post=49607"},{"taxonomy":"post_tag","embeddable":true,"href":"https:\/\/infonews.az\/index.php?rest_route=%2Fwp%2Fv2%2Ftags&post=49607"}],"curies":[{"name":"wp","href":"https:\/\/api.w.org\/{rel}","templated":true}]}}