{"id":49614,"date":"2025-12-04T05:11:52","date_gmt":"2025-12-04T01:11:52","guid":{"rendered":"https:\/\/infonews.az\/?p=49614"},"modified":"2025-12-04T09:21:30","modified_gmt":"2025-12-04T05:21:30","slug":"naxcivan-regional-iqtisadi-diplomatiyanin-yeni-platformasina-cevrilir","status":"publish","type":"post","link":"https:\/\/infonews.az\/?p=49614","title":{"rendered":"\u201cNax\u00e7\u0131van regional iqtisadi diplomatiyan\u0131n yeni platformas\u0131na \u00e7evrilir\u201d"},"content":{"rendered":"<p><span style=\"color: #ffffff\"><strong>\u201cNax\u00e7\u0131van regional iqtisadi diplomatiyan\u0131n yeni platformas\u0131na \u00e7evrilir\u201d<\/strong><\/span><\/p>\n<blockquote><p><strong>\u201cNax\u00e7\u0131van regional iqtisadi diplomatiyan\u0131n yeni platformas\u0131na \u00e7evrilir\u201d<\/strong><\/p><\/blockquote>\n<p><a href=\"https:\/\/infonews.az\/?p=49614\"><span style=\"color: #000080\"><strong>&#8220;\u0130NFONEWS&#8221;<\/strong><\/span><\/a> x\u0259b\u0259r verir ki, bunu Nax\u00e7\u0131vanda Az\u0259rbaycan Respublikas\u0131 Prezidentinin s\u0259lahiyy\u0259tli n\u00fcmay\u0259nd\u0259si Ceyhun C\u0259lilov Nax\u00e7\u0131van Muxtar Respublikas\u0131nda ke\u00e7iril\u0259n \u201c2-ci Az\u0259rbaycan\u2013T\u00fcrkiy\u0259 Regional \u0130qtisadi Forumu\u201dnda \u00e7\u0131x\u0131\u015f\u0131nda bildir\u0259r\u0259k, b\u00f6lg\u0259nin strateji \u0259h\u0259miyy\u0259tinin artd\u0131\u011f\u0131n\u0131 vur\u011fulay\u0131b.<\/p>\n<p>Onun s\u00f6zl\u0259rin\u0259 g\u00f6r\u0259, Nax\u00e7\u0131van T\u00fcrk d\u00fcnyas\u0131n\u0131n m\u00fch\u00fcm co\u011frafi m\u0259rk\u0259zl\u0259rind\u0259n biri kimi bu g\u00fcn h\u0259m d\u0259 yeni iqtisadi \u0259m\u0259kda\u015fl\u0131q platformas\u0131na \u00e7evrilir. \u201cForum d\u00f6vl\u0259t ba\u015f\u00e7\u0131lar\u0131n\u0131n m\u00fc\u0259yy\u0259n etdiyi kursun ard\u0131c\u0131l davam\u0131d\u0131r v\u0259 iki \u00f6lk\u0259nin siyasi birliyi iqtisadi t\u0259r\u0259fda\u015fl\u0131\u011f\u0131 daha da g\u00fccl\u0259ndirir,\u201d \u2013 dey\u0259 o vur\u011fulay\u0131b.<\/p>\n","protected":false},"excerpt":{"rendered":"<p>\u201cNax\u00e7\u0131van regional iqtisadi diplomatiyan\u0131n yeni platformas\u0131na \u00e7evrilir\u201d \u201cNax\u00e7\u0131van regional iqtisadi diplomatiyan\u0131n yeni platformas\u0131na \u00e7evrilir\u201d &#8220;\u0130NFONEWS&#8221; x\u0259b\u0259r verir ki, bunu Nax\u00e7\u0131vanda Az\u0259rbaycan Respublikas\u0131 Prezidentinin s\u0259lahiyy\u0259tli n\u00fcmay\u0259nd\u0259si Ceyhun C\u0259lilov Nax\u00e7\u0131van Muxtar Respublikas\u0131nda&hellip; <\/p>\n","protected":false},"author":14,"featured_media":49615,"comment_status":"open","ping_status":"open","sticky":false,"template":"","format":"standard","meta":{"_mi_skip_tracking":false,"_monsterinsights_sitenote_active":false,"_monsterinsights_sitenote_note":"","_monsterinsights_sitenote_category":0,"footnotes":""},"categories":[4,2,11],"tags":[15,14471,15013],"aioseo_notices":[],"_links":{"self":[{"href":"https:\/\/infonews.az\/index.php?rest_route=\/wp\/v2\/posts\/49614"}],"collection":[{"href":"https:\/\/infonews.az\/index.php?rest_route=\/wp\/v2\/posts"}],"about":[{"href":"https:\/\/infonews.az\/index.php?rest_route=\/wp\/v2\/types\/post"}],"author":[{"embeddable":true,"href":"https:\/\/infonews.az\/index.php?rest_route=\/wp\/v2\/users\/14"}],"replies":[{"embeddable":true,"href":"https:\/\/infonews.az\/index.php?rest_route=%2Fwp%2Fv2%2Fcomments&post=49614"}],"version-history":[{"count":1,"href":"https:\/\/infonews.az\/index.php?rest_route=\/wp\/v2\/posts\/49614\/revisions"}],"predecessor-version":[{"id":49616,"href":"https:\/\/infonews.az\/index.php?rest_route=\/wp\/v2\/posts\/49614\/revisions\/49616"}],"wp:featuredmedia":[{"embeddable":true,"href":"https:\/\/infonews.az\/index.php?rest_route=\/wp\/v2\/media\/49615"}],"wp:attachment":[{"href":"https:\/\/infonews.az\/index.php?rest_route=%2Fwp%2Fv2%2Fmedia&parent=49614"}],"wp:term":[{"taxonomy":"category","embeddable":true,"href":"https:\/\/infonews.az\/index.php?rest_route=%2Fwp%2Fv2%2Fcategories&post=49614"},{"taxonomy":"post_tag","embeddable":true,"href":"https:\/\/infonews.az\/index.php?rest_route=%2Fwp%2Fv2%2Ftags&post=49614"}],"curies":[{"name":"wp","href":"https:\/\/api.w.org\/{rel}","templated":true}]}}