{"id":49617,"date":"2025-12-04T06:22:02","date_gmt":"2025-12-04T02:22:02","guid":{"rendered":"https:\/\/infonews.az\/?p=49617"},"modified":"2025-12-04T09:29:48","modified_gmt":"2025-12-04T05:29:48","slug":"naxcivanin-yeni-iqtisadi-modeli-formalasir-ceyhun-c%c9%99lilov","status":"publish","type":"post","link":"https:\/\/infonews.az\/?p=49617","title":{"rendered":"&#8220;Nax\u00e7\u0131van\u0131n yeni iqtisadi modeli formala\u015f\u0131r&#8230;\u201d- Ceyhun C\u0259lilov"},"content":{"rendered":"<p><span style=\"color: #ffffff\">&#8220;Nax\u00e7\u0131van\u0131n yeni iqtisadi modeli formala\u015f\u0131r&#8230;\u201d- Ceyhun C\u0259lilov<\/span><\/p>\n<blockquote><p><strong>\u201cNax\u00e7\u0131van Muxtar Respublikas\u0131n\u0131n sosial-iqtisadi <\/strong><strong>inki\u015faf\u0131na dair 2023\u20132027-ci ill\u0259r \u00fc\u00e7\u00fcn D\u00f6vl\u0259t Proqram\u0131\u00a0<\/strong><strong>Nax\u00e7\u0131van\u0131n yeni iqtisadi modelini formala\u015fd\u0131r\u0131r<\/strong>\u201d<\/p><\/blockquote>\n<p><a href=\"https:\/\/infonews.az\/?p=49617\"><span style=\"color: #000080\"><strong>&#8220;\u0130NFONEWS&#8221;<\/strong><\/span><\/a> x\u0259b\u0259r verir ki, bunu \u201c2-ci Az\u0259rbaycan\u2013T\u00fcrkiy\u0259 Regional \u0130qtisadi Forumu\u201dnda \u00e7\u0131x\u0131\u015f ed\u0259n Nax\u00e7\u0131van Muxtar Respublikas\u0131nda Az\u0259rbaycan Respublikas\u0131 Prezidentinin s\u0259lahiyy\u0259tli n\u00fcmay\u0259nd\u0259si Ceyhun C\u0259lilov s\u00f6yl\u0259yib.<\/p>\n<p>O, Nax\u00e7\u0131van\u0131n son ill\u0259rd\u0259 \u0259ld\u0259 etdiyi m\u00fch\u00fcm nailiyy\u0259tl\u0259rin \u0259sas\u0131nda Prezident c\u0259nab \u0130lham \u018fliyevin t\u0259sdiq etdiyi \u201cNax\u00e7\u0131van Muxtar Respublikas\u0131n\u0131n sosial-iqtisadi inki\u015faf\u0131na dair 2023\u20132027-ci ill\u0259r \u00fc\u00e7\u00fcn D\u00f6vl\u0259t Proqram\u0131\u201d \u00a0dayand\u0131\u011f\u0131n\u0131 bildirib.<\/p>\n<p>S\u0259n\u0259din Nax\u00e7\u0131van\u0131n innovasiyaya \u0259saslanan, r\u0259qab\u0259tqabiliyy\u0259tli v\u0259 m\u00fcasir infrastruktur \u00fcz\u0259rind\u0259 qurulan iqtisadi model\u0259 ke\u00e7idini t\u0259min etdiyini vur\u011fulayan s\u0259lahiyy\u0259tli n\u00fcmay\u0259nd\u0259 s\u0259naye parklar\u0131, logistika imkanlar\u0131, g\u00f6mr\u00fck-vergi mexanizml\u0259ri v\u0259 b\u0259rpa olunan enerji layih\u0259l\u0259rinin prioritet istiqam\u0259tl\u0259r oldu\u011funu qeyd edib.<\/p>\n<p>O bildirib ki, 2025-ci ilin yanvar\u2013oktyabr aylar\u0131 \u00fczr\u0259 iqtisadi g\u00f6st\u0259ricil\u0259r regionda inki\u015faf tempinin s\u00fcr\u0259tl\u0259ndiyini g\u00f6st\u0259rir.<\/p>\n","protected":false},"excerpt":{"rendered":"<p>&#8220;Nax\u00e7\u0131van\u0131n yeni iqtisadi modeli formala\u015f\u0131r&#8230;\u201d- Ceyhun C\u0259lilov \u201cNax\u00e7\u0131van Muxtar Respublikas\u0131n\u0131n sosial-iqtisadi inki\u015faf\u0131na dair 2023\u20132027-ci ill\u0259r \u00fc\u00e7\u00fcn D\u00f6vl\u0259t Proqram\u0131\u00a0Nax\u00e7\u0131van\u0131n yeni iqtisadi modelini formala\u015fd\u0131r\u0131r\u201d &#8220;\u0130NFONEWS&#8221; x\u0259b\u0259r verir ki, bunu \u201c2-ci Az\u0259rbaycan\u2013T\u00fcrkiy\u0259 Regional&hellip; <\/p>\n","protected":false},"author":14,"featured_media":49618,"comment_status":"open","ping_status":"open","sticky":false,"template":"","format":"standard","meta":{"_mi_skip_tracking":false,"_monsterinsights_sitenote_active":false,"_monsterinsights_sitenote_note":"","_monsterinsights_sitenote_category":0,"footnotes":""},"categories":[4,2,11],"tags":[15014,13438,15,14471],"aioseo_notices":[],"_links":{"self":[{"href":"https:\/\/infonews.az\/index.php?rest_route=\/wp\/v2\/posts\/49617"}],"collection":[{"href":"https:\/\/infonews.az\/index.php?rest_route=\/wp\/v2\/posts"}],"about":[{"href":"https:\/\/infonews.az\/index.php?rest_route=\/wp\/v2\/types\/post"}],"author":[{"embeddable":true,"href":"https:\/\/infonews.az\/index.php?rest_route=\/wp\/v2\/users\/14"}],"replies":[{"embeddable":true,"href":"https:\/\/infonews.az\/index.php?rest_route=%2Fwp%2Fv2%2Fcomments&post=49617"}],"version-history":[{"count":1,"href":"https:\/\/infonews.az\/index.php?rest_route=\/wp\/v2\/posts\/49617\/revisions"}],"predecessor-version":[{"id":49619,"href":"https:\/\/infonews.az\/index.php?rest_route=\/wp\/v2\/posts\/49617\/revisions\/49619"}],"wp:featuredmedia":[{"embeddable":true,"href":"https:\/\/infonews.az\/index.php?rest_route=\/wp\/v2\/media\/49618"}],"wp:attachment":[{"href":"https:\/\/infonews.az\/index.php?rest_route=%2Fwp%2Fv2%2Fmedia&parent=49617"}],"wp:term":[{"taxonomy":"category","embeddable":true,"href":"https:\/\/infonews.az\/index.php?rest_route=%2Fwp%2Fv2%2Fcategories&post=49617"},{"taxonomy":"post_tag","embeddable":true,"href":"https:\/\/infonews.az\/index.php?rest_route=%2Fwp%2Fv2%2Ftags&post=49617"}],"curies":[{"name":"wp","href":"https:\/\/api.w.org\/{rel}","templated":true}]}}