{"id":49620,"date":"2025-12-04T07:30:14","date_gmt":"2025-12-04T03:30:14","guid":{"rendered":"https:\/\/infonews.az\/?p=49620"},"modified":"2025-12-04T09:35:51","modified_gmt":"2025-12-04T05:35:51","slug":"z%c9%99ng%c9%99zur-d%c9%99hlizi-turk-dunyasinin-iqtisadi-inteqrasiyasini-gucl%c9%99ndir%c9%99c%c9%99k","status":"publish","type":"post","link":"https:\/\/infonews.az\/?p=49620","title":{"rendered":"\u201cZ\u0259ng\u0259zur d\u0259hlizi T\u00fcrk d\u00fcnyas\u0131n\u0131n iqtisadi inteqrasiyas\u0131n\u0131 g\u00fccl\u0259ndir\u0259c\u0259k\u201d"},"content":{"rendered":"<p><span style=\"color: #ffffff\">\u201cZ\u0259ng\u0259zur d\u0259hlizi T\u00fcrk d\u00fcnyas\u0131n\u0131n iqtisadi inteqrasiyas\u0131n\u0131 g\u00fccl\u0259ndir\u0259c\u0259k\u201d<\/span><\/p>\n<blockquote><p>\u201cZ\u0259ng\u0259zur d\u0259hlizi T\u00fcrk d\u00fcnyas\u0131n\u0131n iqtisadi inteqrasiyas\u0131n\u0131 g\u00fccl\u0259ndir\u0259c\u0259k\u201d<\/p><\/blockquote>\n<p><a href=\"https:\/\/infonews.az\/?p=49620\"><span style=\"color: #000080\"><strong>&#8220;\u0130NFONEWS&#8221;<\/strong><\/span><\/a> x\u0259b\u0259r verir ki, bunu Nax\u00e7\u0131vanda ke\u00e7iril\u0259n forumda \u00e7\u0131x\u0131\u015f ed\u0259n Nax\u00e7\u0131van Muxtar Respublikas\u0131nda Az\u0259rbaycan Respublikas\u0131 Prezidentinin s\u0259lahiyy\u0259tli n\u00fcmay\u0259nd\u0259si Ceyhun C\u0259lilov \u00e7\u0131x\u0131\u015f\u0131nda qeyd edib.<\/p>\n<p>O bildirib ki, Z\u0259ng\u0259zur d\u0259hlizinin b\u00f6lg\u0259nin g\u0259l\u0259c\u0259k iqtisadi m\u0259nz\u0259r\u0259sini m\u00fc\u0259yy\u0259n ed\u0259n \u0259sas layih\u0259l\u0259rd\u0259n biridir.<\/p>\n<p>Ceyhun C\u0259lilovun s\u00f6zl\u0259rin\u0259 g\u00f6r\u0259, Az\u0259rbaycan Prezidentinin siyasi irad\u0259si n\u0259tic\u0259sind\u0259 realla\u015facaq d\u0259hliz T\u00fcrkiy\u0259 il\u0259 Az\u0259rbaycan aras\u0131nda birba\u015fa quru \u0259laq\u0259si yaradacaq, regional ticar\u0259t v\u0259 logistikan\u0131 s\u00fcr\u0259tl\u0259ndir\u0259c\u0259k. \u201cZ\u0259ng\u0259zur d\u0259hlizi T\u00fcrk d\u00f6vl\u0259tl\u0259ri aras\u0131nda inteqrasiyan\u0131 yeni m\u0259rh\u0259l\u0259y\u0259 da\u015f\u0131yacaq,\u201d \u2013 dey\u0259 s\u0259lahiyy\u0259tli n\u00fcmay\u0259nd\u0259 vur\u011fulay\u0131b.<\/p>\n","protected":false},"excerpt":{"rendered":"<p>\u201cZ\u0259ng\u0259zur d\u0259hlizi T\u00fcrk d\u00fcnyas\u0131n\u0131n iqtisadi inteqrasiyas\u0131n\u0131 g\u00fccl\u0259ndir\u0259c\u0259k\u201d \u201cZ\u0259ng\u0259zur d\u0259hlizi T\u00fcrk d\u00fcnyas\u0131n\u0131n iqtisadi inteqrasiyas\u0131n\u0131 g\u00fccl\u0259ndir\u0259c\u0259k\u201d &#8220;\u0130NFONEWS&#8221; x\u0259b\u0259r verir ki, bunu Nax\u00e7\u0131vanda ke\u00e7iril\u0259n forumda \u00e7\u0131x\u0131\u015f ed\u0259n Nax\u00e7\u0131van Muxtar Respublikas\u0131nda Az\u0259rbaycan Respublikas\u0131 Prezidentinin&hellip; <\/p>\n","protected":false},"author":14,"featured_media":49618,"comment_status":"open","ping_status":"open","sticky":false,"template":"","format":"standard","meta":{"_mi_skip_tracking":false,"_monsterinsights_sitenote_active":false,"_monsterinsights_sitenote_note":"","_monsterinsights_sitenote_category":0,"footnotes":""},"categories":[4,2,11],"tags":[15014,15,15013,14366],"aioseo_notices":[],"_links":{"self":[{"href":"https:\/\/infonews.az\/index.php?rest_route=\/wp\/v2\/posts\/49620"}],"collection":[{"href":"https:\/\/infonews.az\/index.php?rest_route=\/wp\/v2\/posts"}],"about":[{"href":"https:\/\/infonews.az\/index.php?rest_route=\/wp\/v2\/types\/post"}],"author":[{"embeddable":true,"href":"https:\/\/infonews.az\/index.php?rest_route=\/wp\/v2\/users\/14"}],"replies":[{"embeddable":true,"href":"https:\/\/infonews.az\/index.php?rest_route=%2Fwp%2Fv2%2Fcomments&post=49620"}],"version-history":[{"count":1,"href":"https:\/\/infonews.az\/index.php?rest_route=\/wp\/v2\/posts\/49620\/revisions"}],"predecessor-version":[{"id":49621,"href":"https:\/\/infonews.az\/index.php?rest_route=\/wp\/v2\/posts\/49620\/revisions\/49621"}],"wp:featuredmedia":[{"embeddable":true,"href":"https:\/\/infonews.az\/index.php?rest_route=\/wp\/v2\/media\/49618"}],"wp:attachment":[{"href":"https:\/\/infonews.az\/index.php?rest_route=%2Fwp%2Fv2%2Fmedia&parent=49620"}],"wp:term":[{"taxonomy":"category","embeddable":true,"href":"https:\/\/infonews.az\/index.php?rest_route=%2Fwp%2Fv2%2Fcategories&post=49620"},{"taxonomy":"post_tag","embeddable":true,"href":"https:\/\/infonews.az\/index.php?rest_route=%2Fwp%2Fv2%2Ftags&post=49620"}],"curies":[{"name":"wp","href":"https:\/\/api.w.org\/{rel}","templated":true}]}}