{"id":49668,"date":"2025-12-08T12:12:41","date_gmt":"2025-12-08T08:12:41","guid":{"rendered":"https:\/\/infonews.az\/?p=49668"},"modified":"2025-12-08T12:12:41","modified_gmt":"2025-12-08T08:12:41","slug":"parlamentd%c9%99-az%c9%99rbaycan-dilin%c9%99-h%c9%99sr-olunmus-konfrans-kecirilir","status":"publish","type":"post","link":"https:\/\/infonews.az\/?p=49668","title":{"rendered":"Parlamentd\u0259 Az\u0259rbaycan dilin\u0259 h\u0259sr olunmu\u015f konfrans ke\u00e7irilir"},"content":{"rendered":"<p><span style=\"color: #ffffff\">Parlamentd\u0259 Az\u0259rbaycan dilin\u0259 h\u0259sr olunmu\u015f konfrans ke\u00e7irilir <\/span><\/p>\n<blockquote><p>Dekabr\u0131n 8-d\u0259 Milli M\u0259clisd\u0259 \u201cAz\u0259rbaycan dilinin d\u00f6vl\u0259t dili kimi inki\u015faf strategiyas\u0131: m\u00f6vcud v\u0259ziyy\u0259t v\u0259 perspektivl\u0259r\u201d m\u00f6vzusunda konfrans ke\u00e7irilir.<\/p><\/blockquote>\n<p><a href=\"https:\/\/infonews.az\/?p=49668\"><span style=\"color: #000080\"><strong>&#8220;\u0130NFONEWS&#8221;<\/strong> <\/span><\/a>x\u0259b\u0259r verir ki, t\u0259dbird\u0259 Milli M\u0259clisin s\u0259dri Sahib\u0259 Qafarova, AMEA-n\u0131n prezidenti \u0130sa H\u0259bibb\u0259yli, Milli M\u0259clis s\u0259drinin m\u00fcavini Rafael H\u00fcseynov, elm v\u0259 t\u0259hsil naziri Emin \u018fmrullayev, AMEA N\u0259simi ad\u0131na Dil\u00e7ilik \u0130nstitutunun direktoru Nadir M\u0259mm\u0259dli, Az\u0259rbaycan Yaz\u0131\u00e7\u0131lar Birliyinin s\u0259dri Anar Rzayev, Audiovizual \u015euran\u0131n s\u0259dri \u0130sm\u0259t S\u0259ttarov, Milli M\u0259clisin Elm v\u0259 t\u0259hsil komit\u0259sinin s\u0259dri Anar \u0130sg\u0259nd\u0259rov v\u0259 AMEA-n\u0131n N\u0259simi ad\u0131na Dil\u00e7ilik \u0130nstitutunun Toponimika \u015f\u00f6b\u0259sinin m\u00fcdiri El\u00e7in \u0130smay\u0131lovun \u00e7\u0131x\u0131\u015flar\u0131 n\u0259z\u0259rd\u0259 tutulur.<\/p>\n<p>Konfransda Az\u0259rbaycan dilinin qorunmas\u0131 v\u0259 inki\u015faf\u0131, \u0259d\u0259bi dil normalar\u0131 v\u0259 milli toponiml\u0259rin m\u00fchafiz\u0259si il\u0259 ba\u011fl\u0131 m\u0259s\u0259l\u0259l\u0259r m\u00fczakir\u0259 olunacaq.<\/p>\n","protected":false},"excerpt":{"rendered":"<p>Parlamentd\u0259 Az\u0259rbaycan dilin\u0259 h\u0259sr olunmu\u015f konfrans ke\u00e7irilir Dekabr\u0131n 8-d\u0259 Milli M\u0259clisd\u0259 \u201cAz\u0259rbaycan dilinin d\u00f6vl\u0259t dili kimi inki\u015faf strategiyas\u0131: m\u00f6vcud v\u0259ziyy\u0259t v\u0259 perspektivl\u0259r\u201d m\u00f6vzusunda konfrans ke\u00e7irilir. &#8220;\u0130NFONEWS&#8221; x\u0259b\u0259r verir ki, t\u0259dbird\u0259&hellip; <\/p>\n","protected":false},"author":14,"featured_media":49669,"comment_status":"open","ping_status":"open","sticky":false,"template":"","format":"standard","meta":{"_mi_skip_tracking":false,"_monsterinsights_sitenote_active":false,"_monsterinsights_sitenote_note":"","_monsterinsights_sitenote_category":0,"footnotes":""},"categories":[4,6,11],"tags":[4481,9550,15],"aioseo_notices":[],"_links":{"self":[{"href":"https:\/\/infonews.az\/index.php?rest_route=\/wp\/v2\/posts\/49668"}],"collection":[{"href":"https:\/\/infonews.az\/index.php?rest_route=\/wp\/v2\/posts"}],"about":[{"href":"https:\/\/infonews.az\/index.php?rest_route=\/wp\/v2\/types\/post"}],"author":[{"embeddable":true,"href":"https:\/\/infonews.az\/index.php?rest_route=\/wp\/v2\/users\/14"}],"replies":[{"embeddable":true,"href":"https:\/\/infonews.az\/index.php?rest_route=%2Fwp%2Fv2%2Fcomments&post=49668"}],"version-history":[{"count":1,"href":"https:\/\/infonews.az\/index.php?rest_route=\/wp\/v2\/posts\/49668\/revisions"}],"predecessor-version":[{"id":49670,"href":"https:\/\/infonews.az\/index.php?rest_route=\/wp\/v2\/posts\/49668\/revisions\/49670"}],"wp:featuredmedia":[{"embeddable":true,"href":"https:\/\/infonews.az\/index.php?rest_route=\/wp\/v2\/media\/49669"}],"wp:attachment":[{"href":"https:\/\/infonews.az\/index.php?rest_route=%2Fwp%2Fv2%2Fmedia&parent=49668"}],"wp:term":[{"taxonomy":"category","embeddable":true,"href":"https:\/\/infonews.az\/index.php?rest_route=%2Fwp%2Fv2%2Fcategories&post=49668"},{"taxonomy":"post_tag","embeddable":true,"href":"https:\/\/infonews.az\/index.php?rest_route=%2Fwp%2Fv2%2Ftags&post=49668"}],"curies":[{"name":"wp","href":"https:\/\/api.w.org\/{rel}","templated":true}]}}