{"id":49677,"date":"2025-12-08T13:10:36","date_gmt":"2025-12-08T09:10:36","guid":{"rendered":"https:\/\/infonews.az\/?p=49677"},"modified":"2025-12-08T13:10:36","modified_gmt":"2025-12-08T09:10:36","slug":"dilimizin-%c9%99n-goz%c9%99l-t%c9%99qdimatcisi-ulu-ond%c9%99r-olub","status":"publish","type":"post","link":"https:\/\/infonews.az\/?p=49677","title":{"rendered":"&#8220;Dilimizin \u0259n g\u00f6z\u0259l t\u0259qdimat\u00e7\u0131s\u0131 Ulu \u00d6nd\u0259r olub&#8221;"},"content":{"rendered":"<p><span style=\"color: #ffffff\">&#8220;Dilimizin \u0259n g\u00f6z\u0259l t\u0259qdimat\u00e7\u0131s\u0131 Ulu \u00d6nd\u0259r olub&#8221;<\/span><\/p>\n<blockquote><p><strong>&#8220;Dilimizin \u0259n g\u00f6z\u0259l t\u0259qdimat\u00e7\u0131s\u0131 Ulu \u00d6nd\u0259r Heyd\u0259r \u018fliyev olub. Az\u0259rbaycan dilinin bir \u0259srd\u0259n art\u0131q m\u00fcdd\u0259td\u0259 ke\u00e7diyi yolu d\u00fc\u015f\u00fcn\u0259nd\u0259 onu dem\u0259k olar ki, bu dil varl\u0131\u011f\u0131n\u0131n \u0259n qanunla m\u00fchafiz\u0259 olunan, inki\u015faf ed\u0259n m\u0259rh\u0259l\u0259sind\u0259dir&#8221;.<\/strong><\/p><\/blockquote>\n<p><a href=\"https:\/\/infonews.az\/?p=49677\"><span style=\"color: #000080\"><strong>&#8220;\u0130NFONEWS&#8221; <\/strong><\/span><\/a>x\u0259b\u0259r verir ki, bu s\u00f6zl\u0259ri &#8220;Az\u0259rbaycan dilinin d\u00f6vl\u0259t dili kimi inki\u015faf strategiyas\u0131: M\u00f6vcud v\u0259ziyy\u0259t v\u0259 perpsektivl\u0259r&#8221; m\u00f6vzusunda konfransda Milli M\u0259clis s\u0259drinin m\u00fcavini, akademik Rafael H\u00fcseynov deyib.<\/p>\n<p>Rafael H\u00fcseynov qeyd edib ki, biz dilimizin\u00a0inki\u015faf\u0131 \u00fc\u00e7\u00fcn i\u015fl\u0259r g\u00f6rm\u0259liyik.<\/p>\n<p>&#8220;Az\u0259baycan dilinin inki\u015faf\u0131 il\u0259 ba\u011fl\u0131 ke\u00e7iril\u0259n t\u0259dbirl\u0259rd\u0259 s\u0259sl\u0259ndiril\u0259n fikirl\u0259r m\u00fc\u0259yy\u0259n m\u0259nada tezis\u0259 \u00e7evril\u0259c\u0259k&#8221;,- vitse-spiker \u00e7\u0131x\u0131\u015f\u0131n\u0131n sonunda \u0259lav\u0259 edib.<\/p>\n","protected":false},"excerpt":{"rendered":"<p>&#8220;Dilimizin \u0259n g\u00f6z\u0259l t\u0259qdimat\u00e7\u0131s\u0131 Ulu \u00d6nd\u0259r olub&#8221; &#8220;Dilimizin \u0259n g\u00f6z\u0259l t\u0259qdimat\u00e7\u0131s\u0131 Ulu \u00d6nd\u0259r Heyd\u0259r \u018fliyev olub. Az\u0259rbaycan dilinin bir \u0259srd\u0259n art\u0131q m\u00fcdd\u0259td\u0259 ke\u00e7diyi yolu d\u00fc\u015f\u00fcn\u0259nd\u0259 onu dem\u0259k olar ki, bu&hellip; <\/p>\n","protected":false},"author":14,"featured_media":49678,"comment_status":"open","ping_status":"open","sticky":false,"template":"","format":"standard","meta":{"_mi_skip_tracking":false,"_monsterinsights_sitenote_active":false,"_monsterinsights_sitenote_note":"","_monsterinsights_sitenote_category":0,"footnotes":""},"categories":[4,6,11],"tags":[15026,4481,9550,15],"aioseo_notices":[],"_links":{"self":[{"href":"https:\/\/infonews.az\/index.php?rest_route=\/wp\/v2\/posts\/49677"}],"collection":[{"href":"https:\/\/infonews.az\/index.php?rest_route=\/wp\/v2\/posts"}],"about":[{"href":"https:\/\/infonews.az\/index.php?rest_route=\/wp\/v2\/types\/post"}],"author":[{"embeddable":true,"href":"https:\/\/infonews.az\/index.php?rest_route=\/wp\/v2\/users\/14"}],"replies":[{"embeddable":true,"href":"https:\/\/infonews.az\/index.php?rest_route=%2Fwp%2Fv2%2Fcomments&post=49677"}],"version-history":[{"count":1,"href":"https:\/\/infonews.az\/index.php?rest_route=\/wp\/v2\/posts\/49677\/revisions"}],"predecessor-version":[{"id":49679,"href":"https:\/\/infonews.az\/index.php?rest_route=\/wp\/v2\/posts\/49677\/revisions\/49679"}],"wp:featuredmedia":[{"embeddable":true,"href":"https:\/\/infonews.az\/index.php?rest_route=\/wp\/v2\/media\/49678"}],"wp:attachment":[{"href":"https:\/\/infonews.az\/index.php?rest_route=%2Fwp%2Fv2%2Fmedia&parent=49677"}],"wp:term":[{"taxonomy":"category","embeddable":true,"href":"https:\/\/infonews.az\/index.php?rest_route=%2Fwp%2Fv2%2Fcategories&post=49677"},{"taxonomy":"post_tag","embeddable":true,"href":"https:\/\/infonews.az\/index.php?rest_route=%2Fwp%2Fv2%2Ftags&post=49677"}],"curies":[{"name":"wp","href":"https:\/\/api.w.org\/{rel}","templated":true}]}}