{"id":49706,"date":"2025-12-09T06:00:56","date_gmt":"2025-12-09T02:00:56","guid":{"rendered":"https:\/\/infonews.az\/?p=49706"},"modified":"2025-12-09T09:14:12","modified_gmt":"2025-12-09T05:14:12","slug":"em%c9%99kdar-artist-sahib-pasazad%c9%99-f%c9%99xri-medala-t%c9%99ltif-edildi","status":"publish","type":"post","link":"https:\/\/infonews.az\/?p=49706","title":{"rendered":"\u018fm\u0259kdar artist Sahib Pa\u015fazad\u0259 \u201cF\u0259xri medal\u201da t\u0259ltif edildi"},"content":{"rendered":"<p><span style=\"color: #ffffff\">\u018fm\u0259kdar artist Sahib Pa\u015fazad\u0259 \u201cF\u0259xri medal\u201da t\u0259ltif edildi<\/span><\/p>\n<blockquote><p>\u018fm\u0259kdar artist, tarz\u0259n, \u00d6zb\u0259kistan\u0131n M\u0259d\u0259niyy\u0259t El\u00e7isi, Beyn\u0259lxalq Mu\u011fam M\u0259rk\u0259zinin direktoru Sahib Pa\u015fazad\u0259 Pakistan\u0131n K\u0259ra\u00e7i \u015f\u0259h\u0259rind\u0259 ke\u00e7iril\u0259n D\u00fcnya M\u0259d\u0259niyy\u0259t Festival\u0131nda \u201cF\u0259xri medal\u201da layiq g\u00f6r\u00fcl\u00fcb.<\/p><\/blockquote>\n<p><a href=\"https:\/\/infonews.az\/?p=49706\"><span style=\"color: #000080\"><strong>&#8220;\u0130NFONEWS&#8221;<\/strong><\/span><\/a> x\u0259b\u0259r verir ki, medal \u018fm\u0259kdar artist\u0259 Art Council t\u0259\u015fkilat\u0131n\u0131n Prezidenti M\u0259h\u0259mm\u0259d \u018fhm\u0259d \u015eah t\u0259r\u0259find\u0259n t\u0259qdim edilib.<\/p>\n<p>M\u0259d\u0259niyy\u0259t\u0259 verdiyi t\u00f6hf\u0259l\u0259r\u0259 g\u00f6r\u0259 \u201cF\u0259xri medal\u201da layiq g\u00f6r\u00fcl\u0259n tarz\u0259n bu m\u00fckafata layiq g\u00f6r\u00fcl\u0259n ilk s\u0259n\u0259tkard\u0131r.<\/p>\n<p>Qeyd ed\u0259k ki, Sahib Pa\u015fazad\u0259 bu g\u00fcn\u0259 kimi \u00e7oxsayl\u0131 beyn\u0259lxalq layih\u0259l\u0259rd\u0259 Az\u0259rbaycan\u0131n \u015fah al\u0259ti olan tar\u0131 u\u011furla t\u0259bli\u011f etdiyin\u0259 g\u00f6r\u0259 m\u00fcxt\u0259lif medal v\u0259 f\u0259xri titullarla t\u0259ltif edilib. Bu s\u0131ralamada Niaqara Beyn\u0259lxalq Musiqi Festival\u0131nda &#8220;Tar\u0131n Paqaninisi&#8221; x\u00fcsusi titulu (2008), Pol\u015fa v\u0259 Az\u0259rbaycan aras\u0131nda m\u0259d\u0259ni \u0259laq\u0259l\u0259r\u0259 verdiyi t\u00f6hf\u0259y\u0259 g\u00f6r\u0259 medal (2018 v\u0259 2021), 2022-ci ild\u0259 Yakutiya prezidenti t\u0259r\u0259find\u0259n t\u0259qdim edil\u0259n Yakutiya Respublikas\u0131n\u0131n yaranmas\u0131n\u0131n 100 illiyi m\u00fcnasib\u0259til\u0259 t\u0259sis edil\u0259n q\u0131z\u0131l medal, T\u00fcrk M\u0259d\u0259niyy\u0259ti T\u0259\u015fkilat\u0131n\u0131n (T\u00dcRKSOY) d\u00fcnyan\u0131n bir \u00e7ox \u00f6lk\u0259l\u0259rind\u0259 h\u0259yata ke\u00e7irdiyi layih\u0259l\u0259rd\u0259 yax\u0131ndan i\u015ftirak\u0131na g\u00f6r\u0259 T\u00dcRKSOY-un ba\u015f katibi Sultan Rayev t\u0259r\u0259find\u0259n \u201cNizami-880\u201d medal\u0131 V\u0259 T\u00dcRSOY t\u0259\u015fkilat\u0131n\u0131n 30 illik medal\u0131, Fransan\u0131n &#8220;Karyer-su-Puassi \u015f\u0259h\u0259r&#8221; medal\u0131 (2019) v\u0259 n\u0259hay\u0259t \u201c\u00d6zb\u0259kistan\u0131n m\u0259d\u0259niyy\u0259t el\u00e7isi\u201d f\u0259xri ad\u0131 v\u0259 medal\u0131n\u0131 misal \u00e7\u0259k\u0259 bil\u0259rik.<\/p>\n<p>H\u0259m\u00e7inin, tarz\u0259n d\u00fcnyan\u0131n m\u00fcxt\u0259lif \u00f6lk\u0259l\u0259rind\u0259 tar al\u0259ti \u00fczr\u0259 ustad d\u0259rsl\u0259ri v\u0259 m\u00fchazir\u0259l\u0259r ke\u00e7\u0259r\u0259r\u0259k, milli musiqi al\u0259timizin d\u00fcnyada geni\u015f t\u0259bli\u011fin\u0259 nail olub. Bu f\u0259aliyy\u0259t say\u0259sind\u0259 d\u0259 \u00d6zb\u0259kistan\u0131n bir ne\u00e7\u0259 ali t\u0259hsil m\u00fc\u0259ssis\u0259sinin &#8220;F\u0259xri Professoru&#8221; ad\u0131na layiq g\u00f6r\u00fcl\u00fcb.<\/p>\n<p>&nbsp;<\/p>\n<p><img loading=\"lazy\" decoding=\"async\" class=\"aligncenter size-full wp-image-49709\" src=\"https:\/\/infonews.az\/wp-content\/uploads\/2025\/12\/WhatsApp-Image-2025-12-08-at-17.58.24-1.jpeg\" alt=\"\" width=\"1280\" height=\"853\" srcset=\"https:\/\/infonews.az\/wp-content\/uploads\/2025\/12\/WhatsApp-Image-2025-12-08-at-17.58.24-1.jpeg 1280w, https:\/\/infonews.az\/wp-content\/uploads\/2025\/12\/WhatsApp-Image-2025-12-08-at-17.58.24-1-300x200.jpeg 300w, https:\/\/infonews.az\/wp-content\/uploads\/2025\/12\/WhatsApp-Image-2025-12-08-at-17.58.24-1-1024x682.jpeg 1024w, https:\/\/infonews.az\/wp-content\/uploads\/2025\/12\/WhatsApp-Image-2025-12-08-at-17.58.24-1-768x512.jpeg 768w\" sizes=\"(max-width: 1280px) 100vw, 1280px\" \/><\/p>\n","protected":false},"excerpt":{"rendered":"<p>\u018fm\u0259kdar artist Sahib Pa\u015fazad\u0259 \u201cF\u0259xri medal\u201da t\u0259ltif edildi \u018fm\u0259kdar artist, tarz\u0259n, \u00d6zb\u0259kistan\u0131n M\u0259d\u0259niyy\u0259t El\u00e7isi, Beyn\u0259lxalq Mu\u011fam M\u0259rk\u0259zinin direktoru Sahib Pa\u015fazad\u0259 Pakistan\u0131n K\u0259ra\u00e7i \u015f\u0259h\u0259rind\u0259 ke\u00e7iril\u0259n D\u00fcnya M\u0259d\u0259niyy\u0259t Festival\u0131nda \u201cF\u0259xri medal\u201da layiq&hellip; <\/p>\n","protected":false},"author":14,"featured_media":49707,"comment_status":"open","ping_status":"open","sticky":false,"template":"","format":"standard","meta":{"_mi_skip_tracking":false,"_monsterinsights_sitenote_active":false,"_monsterinsights_sitenote_note":"","_monsterinsights_sitenote_category":0,"footnotes":""},"categories":[4,10,11],"tags":[15036,15,15035,15034],"aioseo_notices":[],"_links":{"self":[{"href":"https:\/\/infonews.az\/index.php?rest_route=\/wp\/v2\/posts\/49706"}],"collection":[{"href":"https:\/\/infonews.az\/index.php?rest_route=\/wp\/v2\/posts"}],"about":[{"href":"https:\/\/infonews.az\/index.php?rest_route=\/wp\/v2\/types\/post"}],"author":[{"embeddable":true,"href":"https:\/\/infonews.az\/index.php?rest_route=\/wp\/v2\/users\/14"}],"replies":[{"embeddable":true,"href":"https:\/\/infonews.az\/index.php?rest_route=%2Fwp%2Fv2%2Fcomments&post=49706"}],"version-history":[{"count":1,"href":"https:\/\/infonews.az\/index.php?rest_route=\/wp\/v2\/posts\/49706\/revisions"}],"predecessor-version":[{"id":49710,"href":"https:\/\/infonews.az\/index.php?rest_route=\/wp\/v2\/posts\/49706\/revisions\/49710"}],"wp:featuredmedia":[{"embeddable":true,"href":"https:\/\/infonews.az\/index.php?rest_route=\/wp\/v2\/media\/49707"}],"wp:attachment":[{"href":"https:\/\/infonews.az\/index.php?rest_route=%2Fwp%2Fv2%2Fmedia&parent=49706"}],"wp:term":[{"taxonomy":"category","embeddable":true,"href":"https:\/\/infonews.az\/index.php?rest_route=%2Fwp%2Fv2%2Fcategories&post=49706"},{"taxonomy":"post_tag","embeddable":true,"href":"https:\/\/infonews.az\/index.php?rest_route=%2Fwp%2Fv2%2Ftags&post=49706"}],"curies":[{"name":"wp","href":"https:\/\/api.w.org\/{rel}","templated":true}]}}