{"id":49722,"date":"2025-12-09T12:36:05","date_gmt":"2025-12-09T08:36:05","guid":{"rendered":"https:\/\/infonews.az\/?p=49722"},"modified":"2025-12-09T12:36:05","modified_gmt":"2025-12-09T08:36:05","slug":"vergi-sistemind%c9%99-keciril%c9%99n-islahatlar-investisiya-c%c9%99lbediciliyini-artirir","status":"publish","type":"post","link":"https:\/\/infonews.az\/?p=49722","title":{"rendered":"Vergi sistemind\u0259 ke\u00e7iril\u0259n islahatlar investisiya c\u0259lbediciliyini art\u0131r\u0131r"},"content":{"rendered":"<p><span style=\"color: #ffffff\">Vergi sistemind\u0259 ke\u00e7iril\u0259n islahatlar investisiya c\u0259lbediciliyini art\u0131r\u0131r<\/span><\/p>\n<blockquote><p>Alman-Az\u0259rbaycan Xarici Ticar\u0259t Palatas\u0131 (\u201cAHK Az\u0259rbaycan\u201d) t\u0259r\u0259find\u0259n \u201cAz\u0259rbaycanda 2025-2026-c\u0131 ill\u0259r \u00fczr\u0259 bazar ara\u015fd\u0131rmas\u0131: s\u0259naye sah\u0259l\u0259ri v\u0259 investisiya trendl\u0259ri\u201d hesabat\u0131 d\u0259rc edilib. Hesabat \u201cAHK Az\u0259rbaycan\u201d il\u0259 Almaniya ticar\u0259t v\u0259 investisiya t\u0259\u015fkilat\u0131n\u0131n (Germany Trade &amp; Invest) birg\u0259 \u0259m\u0259kda\u015fl\u0131\u011f\u0131 n\u0259tic\u0259sind\u0259 haz\u0131rlan\u0131b.<\/p><\/blockquote>\n<p><a href=\"https:\/\/infonews.az\/?p=49722\"><span style=\"color: #000080\"><strong>&#8220;\u0130NFONEWS&#8221;<\/strong><\/span><\/a> &#8211; un D\u00f6vl\u0259t Vergi Xidm\u0259tind\u0259n \u0259ld\u0259 etdiyi m\u0259lumat\u0131nda bidirilir ki, s\u0259n\u0259dd\u0259 Az\u0259rbaycan iqtisadiyyat\u0131n\u0131n dayan\u0131ql\u0131l\u0131\u011f\u0131n\u0131n t\u0259min edilm\u0259si m\u0259qs\u0259dil\u0259 h\u0259yata ke\u00e7iril\u0259n strategiyalar v\u0259 f\u0259aliyy\u0259t planlar\u0131, biznes m\u00fchitinin t\u0259kmill\u0259\u015fdirilm\u0259si istiqam\u0259tind\u0259 ir\u0259lil\u0259yi\u015fl\u0259r v\u0259 iqtisadi sah\u0259d\u0259 m\u00fch\u00fcm \u00e7a\u011f\u0131r\u0131\u015flar\u0131n h\u0259llind\u0259 vergi islahatlar\u0131n\u0131n m\u00fcsb\u0259t t\u0259sirl\u0259ri bar\u0259d\u0259 m\u0259lumat verilir.<\/p>\n<p>Hesabatda qeyri-neft sektorunun inki\u015faf\u0131, iqtisadi diversifikasiyan\u0131n geni\u015fl\u0259ndirilm\u0259si \u00fc\u00e7\u00fcn at\u0131lan add\u0131mlar v\u0259 pandemiyadan sonrak\u0131 d\u00f6vrd\u0259 art\u0131m dinamikas\u0131 \u0259ks etdirilir v\u0259 qeyri-neft sektorunda \u00dcDM-in ortam\u00fcdd\u0259tli d\u00f6vrd\u0259 art\u0131m\u0131 bar\u0259d\u0259 proqnozlar yer al\u0131r. Bildirilir ki, m\u00f6vcud v\u0259 ortam\u00fcdd\u0259tli iqtisadi siyas\u0259t h\u0259d\u0259fl\u0259rind\u0259n biri prioritet investisiya layih\u0259l\u0259rin\u0259 d\u00f6vl\u0259t d\u0259st\u0259yinin vergi, g\u00f6mr\u00fck v\u0259 \u018fDV azadolmalar\u0131n\u0131n t\u0259tbiqi il\u0259 t\u0259min edilm\u0259sidir. S\u0259n\u0259dd\u0259 biznes imkanlar\u0131n\u0131n geni\u015fl\u0259ndirilm\u0259si \u00fc\u00e7\u00fcn perspektivl\u0259r v\u0259 vergi islahatlar\u0131n\u0131n biznes \u00fc\u00e7\u00fcn yaratd\u0131\u011f\u0131 \u0259lveri\u015fli imkanlar t\u0259qdim edilir.<\/p>\n<p>Hesabatda bildirilir ki, \u201ck\u00f6lg\u0259 iqtisadiyyat\u0131\u201dn\u0131n m\u0259hdudla\u015fd\u0131r\u0131lmas\u0131 m\u0259qs\u0259dil\u0259 h\u0259yata ke\u00e7iril\u0259n vergi islahatlar\u0131 effektiv n\u0259tic\u0259l\u0259r verir: \u201cVergi\u00f6d\u0259yicil\u0259rinin say\u0131, b\u0259yan edilmi\u015f g\u0259lirl\u0259r v\u0259 \u018fDV daxilolmalar\u0131 art\u0131r\u201d.<\/p>\n<p>S\u0259n\u0259dd\u0259 Almaniya ticar\u0259t v\u0259 investisiya t\u0259\u015fkilat\u0131n\u0131n (Germany Trade &amp; Invest) eksperti Uve \u015etroxbax\u0131n fikirl\u0259ri d\u0259 yer al\u0131r. Ekspert biznes m\u00fchitinin inki\u015faf\u0131 istiqam\u0259tind\u0259 h\u0259yata ke\u00e7iril\u0259n islahatlar bar\u0259d\u0259 bildirib ki, inhisar\u00e7\u0131 strukturlar\u0131 m\u0259hdudla\u015fd\u0131rmaq \u00fc\u00e7\u00fcn haz\u0131rlanm\u0131\u015f yeni t\u0259nziml\u0259m\u0259l\u0259r r\u0259qab\u0259t m\u00fchitinin t\u0259\u015fviqi v\u0259 dayan\u0131ql\u0131 inki\u015faf\u0131 d\u0259st\u0259kl\u0259y\u0259n innovasiya y\u00f6n\u00fcml\u00fc m\u00fchitin formala\u015fd\u0131r\u0131lmas\u0131na xidm\u0259t edir: \u201cVergi orqanlar\u0131n\u0131n 2028-ci il\u0259 q\u0259d\u0259r ortam\u00fcdd\u0259tli strategiyas\u0131nda ki\u00e7ik biznesl\u0259rin daha s\u00fcr\u0259tli inki\u015faf ed\u0259r\u0259k orta biznesd\u0259n daha effektiv sahibkarl\u0131q subyektl\u0259rin\u0259 \u00e7evrilm\u0259sini t\u0259min ed\u0259c\u0259k t\u0259\u015fviql\u0259rin verilm\u0259si n\u0259z\u0259rd\u0259 tutulur. Bu t\u0259dbirl\u0259r \u00f6z\u0259l sektorun g\u00fccl\u0259ndirilm\u0259sin\u0259, diversifikasiyan\u0131n geni\u015fl\u0259nm\u0259sin\u0259 v\u0259 iqtisadi dayan\u0131ql\u0131\u011f\u0131n artmas\u0131na t\u00f6hf\u0259l\u0259r ver\u0259c\u0259k.\u201d<\/p>\n<p>Hesabatda Az\u0259rbaycan h\u00f6kum\u0259tinin vergi g\u00fcz\u0259\u015ftl\u0259ri, azad ticar\u0259t zonalar\u0131 v\u0259 Avropa \u0130ttifaq\u0131 il\u0259 strateji t\u0259r\u0259fda\u015fl\u0131qlar vasit\u0259sil\u0259 biznes \u00fc\u00e7\u00fcn \u0259lveri\u015fli m\u00fchit yaratd\u0131\u011f\u0131 vur\u011fulan\u0131r. Bu t\u0259dbirl\u0259r Az\u0259rbaycan\u0131n regional v\u0259 qlobal ticar\u0259t platformas\u0131nda apar\u0131c\u0131 m\u00f6vqey\u0259 malik olmas\u0131n\u0131 n\u00fcmayi\u015f etdirir v\u0259 qabaqc\u0131l h\u0259ll\u0259rl\u0259 Avropa v\u0259 Almaniyan\u0131n biznes t\u0259msil\u00e7il\u0259ri \u00fc\u00e7\u00fcn m\u00fcnbit \u015f\u0259rait formala\u015fd\u0131r\u0131r.<\/p>\n<p>Hesabat \u00fcmumilikd\u0259 Az\u0259rbaycan\u0131n biznes m\u00fchitin\u0259 xarici bax\u0131\u015f\u0131 \u0259ks etdirir v\u0259 \u00f6lk\u0259d\u0259 h\u0259yata ke\u00e7iril\u0259n vergi islahatlar\u0131n\u0131n m\u00fcsb\u0259t n\u0259tic\u0259l\u0259rini vur\u011fulay\u0131r: \u201cVergi islahatlar\u0131 sahibkarl\u0131q m\u00fchitinin son ill\u0259r daha \u015f\u0259ffaf v\u0259 \u0259lveri\u015fli olmas\u0131n\u0131 t\u0259min edib\u201d.<\/p>\n<p>Qeyd olunur ki, Az\u0259rbaycan\u0131n vergi sistemind\u0259 apar\u0131lan islahatlar investisiya c\u0259lbediciliyini art\u0131r\u0131r v\u0259 iqtisadi dayan\u0131ql\u0131l\u0131\u011f\u0131 g\u00fccl\u0259ndirm\u0259kl\u0259 inki\u015faf prioritetl\u0259rin\u0259 m\u00fch\u00fcm t\u00f6hf\u0259l\u0259r verir.<\/p>\n","protected":false},"excerpt":{"rendered":"<p>Vergi sistemind\u0259 ke\u00e7iril\u0259n islahatlar investisiya c\u0259lbediciliyini art\u0131r\u0131r Alman-Az\u0259rbaycan Xarici Ticar\u0259t Palatas\u0131 (\u201cAHK Az\u0259rbaycan\u201d) t\u0259r\u0259find\u0259n \u201cAz\u0259rbaycanda 2025-2026-c\u0131 ill\u0259r \u00fczr\u0259 bazar ara\u015fd\u0131rmas\u0131: s\u0259naye sah\u0259l\u0259ri v\u0259 investisiya trendl\u0259ri\u201d hesabat\u0131 d\u0259rc edilib. Hesabat \u201cAHK&hellip; <\/p>\n","protected":false},"author":14,"featured_media":49723,"comment_status":"open","ping_status":"open","sticky":false,"template":"","format":"standard","meta":{"_mi_skip_tracking":false,"_monsterinsights_sitenote_active":false,"_monsterinsights_sitenote_note":"","_monsterinsights_sitenote_category":0,"footnotes":""},"categories":[2,11],"tags":[15043,15044],"aioseo_notices":[],"_links":{"self":[{"href":"https:\/\/infonews.az\/index.php?rest_route=\/wp\/v2\/posts\/49722"}],"collection":[{"href":"https:\/\/infonews.az\/index.php?rest_route=\/wp\/v2\/posts"}],"about":[{"href":"https:\/\/infonews.az\/index.php?rest_route=\/wp\/v2\/types\/post"}],"author":[{"embeddable":true,"href":"https:\/\/infonews.az\/index.php?rest_route=\/wp\/v2\/users\/14"}],"replies":[{"embeddable":true,"href":"https:\/\/infonews.az\/index.php?rest_route=%2Fwp%2Fv2%2Fcomments&post=49722"}],"version-history":[{"count":1,"href":"https:\/\/infonews.az\/index.php?rest_route=\/wp\/v2\/posts\/49722\/revisions"}],"predecessor-version":[{"id":49724,"href":"https:\/\/infonews.az\/index.php?rest_route=\/wp\/v2\/posts\/49722\/revisions\/49724"}],"wp:featuredmedia":[{"embeddable":true,"href":"https:\/\/infonews.az\/index.php?rest_route=\/wp\/v2\/media\/49723"}],"wp:attachment":[{"href":"https:\/\/infonews.az\/index.php?rest_route=%2Fwp%2Fv2%2Fmedia&parent=49722"}],"wp:term":[{"taxonomy":"category","embeddable":true,"href":"https:\/\/infonews.az\/index.php?rest_route=%2Fwp%2Fv2%2Fcategories&post=49722"},{"taxonomy":"post_tag","embeddable":true,"href":"https:\/\/infonews.az\/index.php?rest_route=%2Fwp%2Fv2%2Ftags&post=49722"}],"curies":[{"name":"wp","href":"https:\/\/api.w.org\/{rel}","templated":true}]}}