{"id":49743,"date":"2025-12-12T07:06:36","date_gmt":"2025-12-12T03:06:36","guid":{"rendered":"https:\/\/infonews.az\/?p=49743"},"modified":"2025-12-12T13:12:10","modified_gmt":"2025-12-12T09:12:10","slug":"prezidentd%c9%99n-ulu-ond%c9%99r-heyd%c9%99r-eliyevl%c9%99-bagli-paylasim","status":"publish","type":"post","link":"https:\/\/infonews.az\/?p=49743","title":{"rendered":"Prezidentd\u0259n Ulu \u00d6nd\u0259r Heyd\u0259r \u018fliyevl\u0259 ba\u011fl\u0131 PAYLA\u015eIM"},"content":{"rendered":"<p><span style=\"color: #ffffff\">Prezidentd\u0259n Ulu \u00d6nd\u0259r Heyd\u0259r \u018fliyevl\u0259 ba\u011fl\u0131 PAYLA\u015eIM<\/span><\/p>\n<blockquote><p>Az\u0259rbaycan Respublikas\u0131n\u0131n Prezidenti, M\u00fcz\u0259ff\u0259r Ali Ba\u015f Komandan \u0130lham \u018fliyev Ulu \u00d6nd\u0259r Heyd\u0259r \u018fliyevl\u0259 ba\u011fl\u0131 r\u0259smi sosial \u015f\u0259b\u0259k\u0259 hesablar\u0131nda foto payla\u015f\u0131b.<\/p><\/blockquote>\n<p><a href=\"https:\/\/infonews.az\/?p=49743\"><span style=\"color: #000080\"><strong>&#8220;\u0130NFONEWS&#8221;<\/strong><\/span><\/a> x\u0259b\u0259r verir ki, payla\u015f\u0131mda deyilir: \u201c12 Dekabr &#8211; \u00dcmummilli Lider Heyd\u0259r \u018fliyevin An\u0131m G\u00fcn\u00fc\u201d.<\/p>\n<p><img loading=\"lazy\" decoding=\"async\" class=\"aligncenter size-full wp-image-49744\" src=\"https:\/\/infonews.az\/wp-content\/uploads\/2025\/12\/176548371397422377_1200x630.jpg\" alt=\"\" width=\"923\" height=\"630\" srcset=\"https:\/\/infonews.az\/wp-content\/uploads\/2025\/12\/176548371397422377_1200x630.jpg 923w, https:\/\/infonews.az\/wp-content\/uploads\/2025\/12\/176548371397422377_1200x630-300x205.jpg 300w, https:\/\/infonews.az\/wp-content\/uploads\/2025\/12\/176548371397422377_1200x630-768x524.jpg 768w\" sizes=\"(max-width: 923px) 100vw, 923px\" \/><\/p>\n<p>&nbsp;<\/p>\n","protected":false},"excerpt":{"rendered":"<p>Prezidentd\u0259n Ulu \u00d6nd\u0259r Heyd\u0259r \u018fliyevl\u0259 ba\u011fl\u0131 PAYLA\u015eIM Az\u0259rbaycan Respublikas\u0131n\u0131n Prezidenti, M\u00fcz\u0259ff\u0259r Ali Ba\u015f Komandan \u0130lham \u018fliyev Ulu \u00d6nd\u0259r Heyd\u0259r \u018fliyevl\u0259 ba\u011fl\u0131 r\u0259smi sosial \u015f\u0259b\u0259k\u0259 hesablar\u0131nda foto payla\u015f\u0131b. &#8220;\u0130NFONEWS&#8221; x\u0259b\u0259r verir&hellip; <\/p>\n","protected":false},"author":14,"featured_media":49744,"comment_status":"open","ping_status":"open","sticky":false,"template":"","format":"standard","meta":{"_mi_skip_tracking":false,"_monsterinsights_sitenote_active":false,"_monsterinsights_sitenote_note":"","_monsterinsights_sitenote_category":0,"footnotes":""},"categories":[4,6,11],"tags":[15049,1008,15],"aioseo_notices":[],"_links":{"self":[{"href":"https:\/\/infonews.az\/index.php?rest_route=\/wp\/v2\/posts\/49743"}],"collection":[{"href":"https:\/\/infonews.az\/index.php?rest_route=\/wp\/v2\/posts"}],"about":[{"href":"https:\/\/infonews.az\/index.php?rest_route=\/wp\/v2\/types\/post"}],"author":[{"embeddable":true,"href":"https:\/\/infonews.az\/index.php?rest_route=\/wp\/v2\/users\/14"}],"replies":[{"embeddable":true,"href":"https:\/\/infonews.az\/index.php?rest_route=%2Fwp%2Fv2%2Fcomments&post=49743"}],"version-history":[{"count":1,"href":"https:\/\/infonews.az\/index.php?rest_route=\/wp\/v2\/posts\/49743\/revisions"}],"predecessor-version":[{"id":49745,"href":"https:\/\/infonews.az\/index.php?rest_route=\/wp\/v2\/posts\/49743\/revisions\/49745"}],"wp:featuredmedia":[{"embeddable":true,"href":"https:\/\/infonews.az\/index.php?rest_route=\/wp\/v2\/media\/49744"}],"wp:attachment":[{"href":"https:\/\/infonews.az\/index.php?rest_route=%2Fwp%2Fv2%2Fmedia&parent=49743"}],"wp:term":[{"taxonomy":"category","embeddable":true,"href":"https:\/\/infonews.az\/index.php?rest_route=%2Fwp%2Fv2%2Fcategories&post=49743"},{"taxonomy":"post_tag","embeddable":true,"href":"https:\/\/infonews.az\/index.php?rest_route=%2Fwp%2Fv2%2Ftags&post=49743"}],"curies":[{"name":"wp","href":"https:\/\/api.w.org\/{rel}","templated":true}]}}