{"id":49746,"date":"2025-12-12T06:12:51","date_gmt":"2025-12-12T02:12:51","guid":{"rendered":"https:\/\/infonews.az\/?p=49746"},"modified":"2025-12-12T13:16:55","modified_gmt":"2025-12-12T09:16:55","slug":"mehriban-eliyeva-ulu-ond%c9%99rin-anim-gunu-il%c9%99-bagli-paylasim-edib-2","status":"publish","type":"post","link":"https:\/\/infonews.az\/?p=49746","title":{"rendered":"Mehriban \u018fliyeva Ulu \u00d6nd\u0259rin an\u0131m g\u00fcn\u00fc il\u0259 ba\u011fl\u0131 payla\u015f\u0131m edib"},"content":{"rendered":"<p><span style=\"color: #ffffff\">Mehriban \u018fliyeva Ulu \u00d6nd\u0259rin an\u0131m g\u00fcn\u00fc il\u0259 ba\u011fl\u0131 payla\u015f\u0131m edib <\/span><\/p>\n<blockquote><p>Az\u0259rbaycan Respublikas\u0131n\u0131n Birinci vitse-prezidenti Mehriban \u018fliyeva r\u0259smi sosial \u015f\u0259b\u0259k\u0259 s\u0259hif\u0259l\u0259rind\u0259 Ulu \u00d6nd\u0259r Heyd\u0259r \u018fliyevin an\u0131m g\u00fcn\u00fc il\u0259 \u0259laq\u0259dar payla\u015f\u0131m edib.<\/p><\/blockquote>\n<p><a href=\"https:\/\/infonews.az\/?p=49746\"><span style=\"color: #000080\"><strong>&#8220;\u0130NFONEWS&#8221;<\/strong><\/span><\/a>\u00a0x\u0259b\u0259r verir ki, payla\u015f\u0131mda deyilir: \u201cDahi Heyd\u0259r \u018fliyev. Xatirimizd\u0259dir, sevgi il\u0259 an\u0131r\u0131q\u201d.<\/p>\n<p><img loading=\"lazy\" decoding=\"async\" class=\"aligncenter size-full wp-image-49747\" src=\"https:\/\/infonews.az\/wp-content\/uploads\/2025\/12\/17654834913485563301_1200x630.jpg\" alt=\"\" width=\"923\" height=\"630\" srcset=\"https:\/\/infonews.az\/wp-content\/uploads\/2025\/12\/17654834913485563301_1200x630.jpg 923w, https:\/\/infonews.az\/wp-content\/uploads\/2025\/12\/17654834913485563301_1200x630-300x205.jpg 300w, https:\/\/infonews.az\/wp-content\/uploads\/2025\/12\/17654834913485563301_1200x630-768x524.jpg 768w\" sizes=\"(max-width: 923px) 100vw, 923px\" \/><\/p>\n","protected":false},"excerpt":{"rendered":"<p>Mehriban \u018fliyeva Ulu \u00d6nd\u0259rin an\u0131m g\u00fcn\u00fc il\u0259 ba\u011fl\u0131 payla\u015f\u0131m edib Az\u0259rbaycan Respublikas\u0131n\u0131n Birinci vitse-prezidenti Mehriban \u018fliyeva r\u0259smi sosial \u015f\u0259b\u0259k\u0259 s\u0259hif\u0259l\u0259rind\u0259 Ulu \u00d6nd\u0259r Heyd\u0259r \u018fliyevin an\u0131m g\u00fcn\u00fc il\u0259 \u0259laq\u0259dar payla\u015f\u0131m edib.&hellip; <\/p>\n","protected":false},"author":14,"featured_media":49747,"comment_status":"open","ping_status":"open","sticky":false,"template":"","format":"standard","meta":{"_mi_skip_tracking":false,"_monsterinsights_sitenote_active":false,"_monsterinsights_sitenote_note":"","_monsterinsights_sitenote_category":0,"footnotes":""},"categories":[4,6,11],"tags":[15049,962,15],"aioseo_notices":[],"_links":{"self":[{"href":"https:\/\/infonews.az\/index.php?rest_route=\/wp\/v2\/posts\/49746"}],"collection":[{"href":"https:\/\/infonews.az\/index.php?rest_route=\/wp\/v2\/posts"}],"about":[{"href":"https:\/\/infonews.az\/index.php?rest_route=\/wp\/v2\/types\/post"}],"author":[{"embeddable":true,"href":"https:\/\/infonews.az\/index.php?rest_route=\/wp\/v2\/users\/14"}],"replies":[{"embeddable":true,"href":"https:\/\/infonews.az\/index.php?rest_route=%2Fwp%2Fv2%2Fcomments&post=49746"}],"version-history":[{"count":1,"href":"https:\/\/infonews.az\/index.php?rest_route=\/wp\/v2\/posts\/49746\/revisions"}],"predecessor-version":[{"id":49748,"href":"https:\/\/infonews.az\/index.php?rest_route=\/wp\/v2\/posts\/49746\/revisions\/49748"}],"wp:featuredmedia":[{"embeddable":true,"href":"https:\/\/infonews.az\/index.php?rest_route=\/wp\/v2\/media\/49747"}],"wp:attachment":[{"href":"https:\/\/infonews.az\/index.php?rest_route=%2Fwp%2Fv2%2Fmedia&parent=49746"}],"wp:term":[{"taxonomy":"category","embeddable":true,"href":"https:\/\/infonews.az\/index.php?rest_route=%2Fwp%2Fv2%2Fcategories&post=49746"},{"taxonomy":"post_tag","embeddable":true,"href":"https:\/\/infonews.az\/index.php?rest_route=%2Fwp%2Fv2%2Ftags&post=49746"}],"curies":[{"name":"wp","href":"https:\/\/api.w.org\/{rel}","templated":true}]}}