{"id":49749,"date":"2025-12-12T10:48:08","date_gmt":"2025-12-12T06:48:08","guid":{"rendered":"https:\/\/infonews.az\/?p=49749"},"modified":"2025-12-12T13:23:33","modified_gmt":"2025-12-12T09:23:33","slug":"prezident-v%c9%99-mehriban-eliyeva-ulu-ond%c9%99rin-m%c9%99zarini-ziyar%c9%99t-edib","status":"publish","type":"post","link":"https:\/\/infonews.az\/?p=49749","title":{"rendered":"Prezident v\u0259 Mehriban \u018fliyeva Ulu \u00d6nd\u0259rin m\u0259zar\u0131n\u0131 ziyar\u0259t edib"},"content":{"rendered":"<p><span style=\"color: #ffffff\">Prezident v\u0259 Mehriban \u018fliyeva Ulu \u00d6nd\u0259rin m\u0259zar\u0131n\u0131 ziyar\u0259t edib<\/span><\/p>\n<blockquote><p>M\u00fcasir m\u00fcst\u0259qil Az\u0259rbaycan d\u00f6vl\u0259tinin memar\u0131 v\u0259 qurucusu, d\u00fcnya\u015f\u00f6hr\u0259tli siyasi xadim, xalq\u0131m\u0131z\u0131n \u00dcmummilli Lideri Heyd\u0259r \u018fliyevin v\u0259fat\u0131ndan 22 il \u00f6t\u00fcr.<\/p><\/blockquote>\n<p><a href=\"https:\/\/infonews.az\/?p=49749\"><span style=\"color: #000080\"><strong>&#8220;\u0130NFONEWS&#8221;<\/strong><\/span><\/a> x\u0259b\u0259r verir ki, dekabr\u0131n 12-d\u0259 Az\u0259rbaycan Respublikas\u0131n\u0131n Prezidenti \u0130lham \u018fliyev, birinci xan\u0131m Mehriban \u018fliyeva v\u0259 q\u0131zlar\u0131 Leyla \u018fliyeva F\u0259xri xiyabana g\u0259l\u0259r\u0259k xalq\u0131m\u0131z\u0131n \u00dcmummilli Lideri Heyd\u0259r \u018fliyevin m\u0259zar\u0131n\u0131 ziyar\u0259t edibl\u0259r.<\/p>\n<p>Prezident \u0130lham \u018fliyev Ulu \u00d6nd\u0259rin m\u0259zar\u0131 \u00f6n\u00fcn\u0259 \u0259klil qoydu.<\/p>\n<p>Az\u0259rbaycan Respublikas\u0131n\u0131n D\u00f6vl\u0259t Himni s\u0259sl\u0259ndirildi.<\/p>\n<p>D\u00f6vl\u0259timizin ba\u015f\u00e7\u0131s\u0131 \u0130lham \u018fliyev, birinci xan\u0131m Mehriban \u018fliyeva v\u0259 q\u0131zlar\u0131 Leyla \u018fliyeva Ulu \u00d6nd\u0259rin \u00f6m\u00fcr-g\u00fcn yolda\u015f\u0131, g\u00f6rk\u0259mli oftalmoloq-alim, akademik Z\u0259rif\u0259 xan\u0131m \u018fliyevan\u0131n da xatir\u0259sini ehtiramla and\u0131lar, m\u0259zar\u0131 \u00fcz\u0259rin\u0259 g\u00fcl d\u0259st\u0259l\u0259ri qoydular.<\/p>\n<p>Tan\u0131nm\u0131\u015f d\u00f6vl\u0259t xadimi \u018fziz \u018fliyevin v\u0259 professor Tamerlan \u018fliyevin d\u0259 xatir\u0259l\u0259ri yad edildi, m\u0259zarlar\u0131 \u00fcst\u00fcn\u0259 g\u00fcl d\u0259st\u0259l\u0259ri d\u00fcz\u00fcld\u00fc.<\/p>\n<p><img loading=\"lazy\" decoding=\"async\" class=\"aligncenter size-full wp-image-49751\" src=\"https:\/\/infonews.az\/wp-content\/uploads\/2025\/12\/1765529486587830499_1200x630.jpg\" alt=\"\" width=\"945\" height=\"630\" srcset=\"https:\/\/infonews.az\/wp-content\/uploads\/2025\/12\/1765529486587830499_1200x630.jpg 945w, https:\/\/infonews.az\/wp-content\/uploads\/2025\/12\/1765529486587830499_1200x630-300x200.jpg 300w, https:\/\/infonews.az\/wp-content\/uploads\/2025\/12\/1765529486587830499_1200x630-768x512.jpg 768w\" sizes=\"(max-width: 945px) 100vw, 945px\" \/><\/p>\n","protected":false},"excerpt":{"rendered":"<p>Prezident v\u0259 Mehriban \u018fliyeva Ulu \u00d6nd\u0259rin m\u0259zar\u0131n\u0131 ziyar\u0259t edib M\u00fcasir m\u00fcst\u0259qil Az\u0259rbaycan d\u00f6vl\u0259tinin memar\u0131 v\u0259 qurucusu, d\u00fcnya\u015f\u00f6hr\u0259tli siyasi xadim, xalq\u0131m\u0131z\u0131n \u00dcmummilli Lideri Heyd\u0259r \u018fliyevin v\u0259fat\u0131ndan 22 il \u00f6t\u00fcr. &#8220;\u0130NFONEWS&#8221; x\u0259b\u0259r&hellip; <\/p>\n","protected":false},"author":14,"featured_media":49750,"comment_status":"open","ping_status":"open","sticky":false,"template":"","format":"standard","meta":{"_mi_skip_tracking":false,"_monsterinsights_sitenote_active":false,"_monsterinsights_sitenote_note":"","_monsterinsights_sitenote_category":0,"footnotes":""},"categories":[4,6,11],"tags":[1008,962,3767,15],"aioseo_notices":[],"_links":{"self":[{"href":"https:\/\/infonews.az\/index.php?rest_route=\/wp\/v2\/posts\/49749"}],"collection":[{"href":"https:\/\/infonews.az\/index.php?rest_route=\/wp\/v2\/posts"}],"about":[{"href":"https:\/\/infonews.az\/index.php?rest_route=\/wp\/v2\/types\/post"}],"author":[{"embeddable":true,"href":"https:\/\/infonews.az\/index.php?rest_route=\/wp\/v2\/users\/14"}],"replies":[{"embeddable":true,"href":"https:\/\/infonews.az\/index.php?rest_route=%2Fwp%2Fv2%2Fcomments&post=49749"}],"version-history":[{"count":1,"href":"https:\/\/infonews.az\/index.php?rest_route=\/wp\/v2\/posts\/49749\/revisions"}],"predecessor-version":[{"id":49752,"href":"https:\/\/infonews.az\/index.php?rest_route=\/wp\/v2\/posts\/49749\/revisions\/49752"}],"wp:featuredmedia":[{"embeddable":true,"href":"https:\/\/infonews.az\/index.php?rest_route=\/wp\/v2\/media\/49750"}],"wp:attachment":[{"href":"https:\/\/infonews.az\/index.php?rest_route=%2Fwp%2Fv2%2Fmedia&parent=49749"}],"wp:term":[{"taxonomy":"category","embeddable":true,"href":"https:\/\/infonews.az\/index.php?rest_route=%2Fwp%2Fv2%2Fcategories&post=49749"},{"taxonomy":"post_tag","embeddable":true,"href":"https:\/\/infonews.az\/index.php?rest_route=%2Fwp%2Fv2%2Ftags&post=49749"}],"curies":[{"name":"wp","href":"https:\/\/api.w.org\/{rel}","templated":true}]}}