{"id":50093,"date":"2026-01-14T06:29:16","date_gmt":"2026-01-14T02:29:16","guid":{"rendered":"https:\/\/infonews.az\/?p=50093"},"modified":"2026-01-14T09:41:25","modified_gmt":"2026-01-14T05:41:25","slug":"ilham-eliyev-agd%c9%99r%c9%99-sakinl%c9%99ri-il%c9%99-gorusund%c9%99n-paylasim-edib","status":"publish","type":"post","link":"https:\/\/infonews.az\/?p=50093","title":{"rendered":"\u0130lham \u018fliyev A\u011fd\u0259r\u0259 sakinl\u0259ri il\u0259 g\u00f6r\u00fc\u015f\u00fcnd\u0259n payla\u015f\u0131m edib"},"content":{"rendered":"<p><span style=\"color: #ffffff\">\u0130lham \u018fliyev A\u011fd\u0259r\u0259 sakinl\u0259ri il\u0259 g\u00f6r\u00fc\u015f\u00fcnd\u0259n payla\u015f\u0131m edib <\/span><\/p>\n<blockquote><p>Prezident \u0130lham \u018fliyev yanvar\u0131n 13-d\u0259 A\u011fd\u0259r\u0259 sakinl\u0259ri il\u0259 g\u00f6r\u00fc\u015f\u00fcnd\u0259n payla\u015f\u0131m edib.<\/p><\/blockquote>\n<p><a href=\"https:\/\/infonews.az\/?p=50093\"><span style=\"color: #000080\"><strong>&#8220;\u0130NFONEWS&#8221;<\/strong><\/span><\/a> payla\u015f\u0131m\u0131 t\u0259qdim edir:<\/p>\n<p>&#8220;Son 80 il \u0259rzind\u0259 Az\u0259rbaycan kimi tam v\u0259 m\u00fctl\u0259q Q\u0259l\u0259b\u0259 qazanan ikinci \u00f6lk\u0259 olmay\u0131b. M\u00fcharib\u0259l\u0259r olub, m\u00fcnaqi\u015f\u0259l\u0259r olub, bu g\u00fcn d\u0259 davam edir. Amma he\u00e7 biri tam v\u0259 m\u00fctl\u0259q Q\u0259l\u0259b\u0259 il\u0259 n\u0259tic\u0259l\u0259nm\u0259yib. Ancaq biz b\u00f6y\u00fck xalq olaraq buna nail olduq, \u00f6z\u00fc d\u0259 c\u0259mi 44 g\u00fcn \u0259rzind\u0259.&#8221;<\/p>\n<p><img loading=\"lazy\" decoding=\"async\" class=\"aligncenter size-full wp-image-50095\" src=\"https:\/\/infonews.az\/wp-content\/uploads\/2026\/01\/615415006_1433872234759217_1908483666598805630_n.jpg\" alt=\"\" width=\"512\" height=\"640\" srcset=\"https:\/\/infonews.az\/wp-content\/uploads\/2026\/01\/615415006_1433872234759217_1908483666598805630_n.jpg 512w, https:\/\/infonews.az\/wp-content\/uploads\/2026\/01\/615415006_1433872234759217_1908483666598805630_n-240x300.jpg 240w\" sizes=\"(max-width: 512px) 100vw, 512px\" \/><\/p>\n","protected":false},"excerpt":{"rendered":"<p>\u0130lham \u018fliyev A\u011fd\u0259r\u0259 sakinl\u0259ri il\u0259 g\u00f6r\u00fc\u015f\u00fcnd\u0259n payla\u015f\u0131m edib Prezident \u0130lham \u018fliyev yanvar\u0131n 13-d\u0259 A\u011fd\u0259r\u0259 sakinl\u0259ri il\u0259 g\u00f6r\u00fc\u015f\u00fcnd\u0259n payla\u015f\u0131m edib. &#8220;\u0130NFONEWS&#8221; payla\u015f\u0131m\u0131 t\u0259qdim edir: &#8220;Son 80 il \u0259rzind\u0259 Az\u0259rbaycan kimi tam&hellip; <\/p>\n","protected":false},"author":14,"featured_media":50094,"comment_status":"open","ping_status":"open","sticky":false,"template":"","format":"standard","meta":{"_mi_skip_tracking":false,"_monsterinsights_sitenote_active":false,"_monsterinsights_sitenote_note":"","_monsterinsights_sitenote_category":0,"footnotes":""},"categories":[6,11],"tags":[1008,15],"aioseo_notices":[],"_links":{"self":[{"href":"https:\/\/infonews.az\/index.php?rest_route=\/wp\/v2\/posts\/50093"}],"collection":[{"href":"https:\/\/infonews.az\/index.php?rest_route=\/wp\/v2\/posts"}],"about":[{"href":"https:\/\/infonews.az\/index.php?rest_route=\/wp\/v2\/types\/post"}],"author":[{"embeddable":true,"href":"https:\/\/infonews.az\/index.php?rest_route=\/wp\/v2\/users\/14"}],"replies":[{"embeddable":true,"href":"https:\/\/infonews.az\/index.php?rest_route=%2Fwp%2Fv2%2Fcomments&post=50093"}],"version-history":[{"count":1,"href":"https:\/\/infonews.az\/index.php?rest_route=\/wp\/v2\/posts\/50093\/revisions"}],"predecessor-version":[{"id":50096,"href":"https:\/\/infonews.az\/index.php?rest_route=\/wp\/v2\/posts\/50093\/revisions\/50096"}],"wp:featuredmedia":[{"embeddable":true,"href":"https:\/\/infonews.az\/index.php?rest_route=\/wp\/v2\/media\/50094"}],"wp:attachment":[{"href":"https:\/\/infonews.az\/index.php?rest_route=%2Fwp%2Fv2%2Fmedia&parent=50093"}],"wp:term":[{"taxonomy":"category","embeddable":true,"href":"https:\/\/infonews.az\/index.php?rest_route=%2Fwp%2Fv2%2Fcategories&post=50093"},{"taxonomy":"post_tag","embeddable":true,"href":"https:\/\/infonews.az\/index.php?rest_route=%2Fwp%2Fv2%2Ftags&post=50093"}],"curies":[{"name":"wp","href":"https:\/\/api.w.org\/{rel}","templated":true}]}}