{"id":50097,"date":"2026-01-14T08:25:44","date_gmt":"2026-01-14T04:25:44","guid":{"rendered":"https:\/\/infonews.az\/?p=50097"},"modified":"2026-01-14T10:42:56","modified_gmt":"2026-01-14T06:42:56","slug":"n%c9%99d%c9%99n-turkiy%c9%99-cumhuriyy%c9%99t-oldu-iran-olmadi-m-e-r%c9%99sulzad%c9%99","status":"publish","type":"post","link":"https:\/\/infonews.az\/?p=50097","title":{"rendered":"\u201cN\u0259d\u0259n T\u00fcrkiy\u0259 c\u00fcmhuriyy\u0259t oldu, \u0130ran olmad\u0131?\u201d &#8211; M.\u018f.R\u0259sulzad\u0259"},"content":{"rendered":"<p><span style=\"color: #ffffff\">\u201cN\u0259d\u0259n T\u00fcrkiy\u0259 c\u00fcmhuriyy\u0259t oldu,\u00a0\u0130ran olmad\u0131?\u201d\u00a0&#8211; M.\u018f.R\u0259sulzad\u0259<\/span><\/p>\n<blockquote>\n<p class=\"pf0\"><strong><span class=\"cf2\">\u0130randak\u0131 etirazlar\u0131n fonunda b<\/span><span class=\"cf3\">\u00f6lg<\/span><span class=\"cf4\">\u0259ni idar\u0259 ed\u0259n s<\/span><span class=\"cf3\">\u00fclal<\/span><span class=\"cf4\">\u0259l\u0259rin tarixi d\u0259 g<\/span><span class=\"cf3\">\u00fcnd<\/span><span class=\"cf4\">\u0259m oldu. X<\/span><span class=\"cf3\">\u00fcsus<\/span><span class=\"cf4\">\u0259n d\u0259, devrilmi<\/span><span class=\"cf5\">\u015f \u0130ran \u015fah\u0131n\u0131n m<\/span><span class=\"cf3\">\u00fchacir<\/span><span class=\"cf4\">\u0259td\u0259ki o<\/span><span class=\"cf5\">\u011flunun f<\/span><span class=\"cf4\">\u0259aliyy\u0259ti, onu d\u0259st\u0259kl\u0259y\u0259n q<\/span><span class=\"cf3\">\u00fcvv<\/span><span class=\"cf4\">\u0259l\u0259rin olmas<\/span><span class=\"cf5\">\u0131 m<\/span><span class=\"cf4\">\u0259s\u0259l\u0259ni daha da aktual hala g\u0259tirdi. Dig\u0259r t\u0259r\u0259fd\u0259n\u00a0<\/span><span class=\"cf5\">\u0130ran\u0131n son y<\/span><span class=\"cf3\">\u00fcz illik tarixind<\/span><span class=\"cf4\">\u0259 iki sistem oldu<\/span><span class=\"cf5\">\u011funa g<\/span><span class=\"cf3\">\u00f6r<\/span><span class=\"cf4\">\u0259 etiraz<\/span><span class=\"cf3\">\u00e7<\/span><span class=\"cf5\">\u0131lar\u0131n alternativ lider problemi d<\/span><span class=\"cf4\">\u0259 var, h\u0259m<\/span><span class=\"cf3\">\u00e7inin etnik z<\/span><span class=\"cf4\">\u0259nginliyin potensial qar<\/span><span class=\"cf5\">\u015f\u0131durmalar\u0131 da\u00a0<\/span><span class=\"cf3\">\u00f6z\u00fc il<\/span><span class=\"cf4\">\u0259 g\u0259tir\u0259c\u0259yi ehtimal<\/span><span class=\"cf5\">\u0131 var.<\/span><\/strong><\/p>\n<\/blockquote>\n<p><a href=\"https:\/\/infonews.az\/?p=50097\"><span style=\"color: #000080\"><strong>&#8220;\u0130NFONEWS&#8221;<\/strong><\/span><\/a> &#8220;Teleqraf&#8221;- a istinad\u0259n t\u0259qdim edir:<\/p>\n<p class=\"content-title\" style=\"text-align: center\"><strong>Qacarlar v\u0259 P\u0259hl\u0259vil\u0259r<\/strong><\/p>\n<p class=\"pf0\"><span class=\"cf5\">Etirazlar\u0131n n<\/span><span class=\"cf4\">\u0259tic\u0259sinin nec\u0259 olaca<\/span><span class=\"cf5\">\u011f\u0131n\u0131 ya\u015fay\u0131b g<\/span><span class=\"cf3\">\u00f6r<\/span><span class=\"cf4\">\u0259c\u0259yik. Bizi maraqland<\/span><span class=\"cf5\">\u0131ran P<\/span><span class=\"cf4\">\u0259hl\u0259vil\u0259rin Qacarlar<\/span><span class=\"cf5\">\u0131\u00a0<\/span><span class=\"cf4\">\u0259v\u0259zl\u0259m\u0259si,\u00a0<\/span><span class=\"cf5\">\u0130ran\u0131n niy<\/span><span class=\"cf4\">\u0259 Atat<\/span><span class=\"cf3\">\u00fcrk inqilablar<\/span><span class=\"cf5\">\u0131n\u0131\u00a0<\/span><span class=\"cf3\">\u00f6rn<\/span><span class=\"cf4\">\u0259k g<\/span><span class=\"cf3\">\u00f6t\u00fcr\u00fcb o istiqam<\/span><span class=\"cf4\">\u0259td\u0259 ged\u0259 bilm\u0259m\u0259sidir. Bu sual<\/span><span class=\"cf5\">\u0131n cavab\u0131n\u0131 is<\/span><span class=\"cf4\">\u0259 h\u0259m Qacar<\/span><span class=\"cf5\">\u0131, h<\/span><span class=\"cf4\">\u0259m P\u0259hl\u0259vini, h\u0259m Osmanl<\/span><span class=\"cf5\">\u0131n\u0131, h<\/span><span class=\"cf4\">\u0259m d\u0259 c<\/span><span class=\"cf3\">\u00fcmhuriyy<\/span><span class=\"cf4\">\u0259t T<\/span><span class=\"cf3\">\u00fcrkiy<\/span><span class=\"cf4\">\u0259sini d\u0259rind\u0259n bil\u0259n M\u0259h\u0259mm\u0259d\u0259min R\u0259sulzad\u0259nin d<\/span><span class=\"cf3\">\u00fc<\/span><span class=\"cf5\">\u015f<\/span><span class=\"cf3\">\u00fcnc<\/span><span class=\"cf4\">\u0259l\u0259ri \u0259sas<\/span><span class=\"cf5\">\u0131nda\u00a0<\/span><span class=\"cf3\">\u00e7\u00f6zm<\/span><span class=\"cf4\">\u0259y\u0259\u00a0<\/span><span class=\"cf3\">\u00e7al<\/span><span class=\"cf5\">\u0131\u015faca\u011f\u0131q.<\/span><\/p>\n<p class=\"pf0\"><span class=\"cf5\">M. R<\/span><span class=\"cf4\">\u0259sulzad\u0259 30 noyabr 1925-ci ild\u0259\u00a0<\/span><span class=\"cf5\">\u0130stanbulda \u201cHalk\u201d q<\/span><span class=\"cf4\">\u0259zetind\u0259 q\u0259l\u0259m\u0259 ald<\/span><span class=\"cf5\">\u0131\u011f\u0131 \u201c\u0130randak\u0131 t<\/span><span class=\"cf4\">\u0259b\u0259dd<\/span><span class=\"cf3\">\u00fclat v<\/span><span class=\"cf4\">\u0259\u00a0<\/span><span class=\"cf5\">\u0130ran t<\/span><span class=\"cf3\">\u00fcrkl<\/span><span class=\"cf4\">\u0259ri\u201d adl<\/span><span class=\"cf5\">\u0131 m<\/span><span class=\"cf4\">\u0259qal\u0259sind\u0259 Rza xan<\/span><span class=\"cf5\">\u0131n se<\/span><span class=\"cf3\">\u00e7diyi yolu a\u00e7<\/span><span class=\"cf5\">\u0131q \u015f<\/span><span class=\"cf4\">\u0259kild\u0259 g<\/span><span class=\"cf3\">\u00f6rm\u00fc<\/span><span class=\"cf5\">\u015fd<\/span><span class=\"cf3\">\u00fc: \u201c&#8230;\u00a0<\/span><span class=\"cf5\">\u0130randak\u0131 inqilab\u0131n yaln\u0131z bir s<\/span><span class=\"cf3\">\u00fclal<\/span><span class=\"cf4\">\u0259 d\u0259yi<\/span><span class=\"cf5\">\u015fikliyind<\/span><span class=\"cf4\">\u0259n ibar\u0259t olaca<\/span><span class=\"cf5\">\u011f\u0131n\u0131 t<\/span><span class=\"cf4\">\u0259xmin ed\u0259 bil\u0259rik\u201d.<\/span><\/p>\n<p class=\"pf0\"><span class=\"cf4\">R\u0259sulzad\u0259\u00a0<\/span><span class=\"cf5\">\u015f<\/span><span class=\"cf4\">\u0259h\u0259rli t<\/span><span class=\"cf3\">\u00fcrkl<\/span><span class=\"cf4\">\u0259rin devrilmi<\/span><span class=\"cf5\">\u015f Qacarlar\u0131 d<\/span><span class=\"cf4\">\u0259st\u0259kl\u0259m\u0259m\u0259sinin s\u0259b\u0259bl\u0259rini axtar<\/span><span class=\"cf5\">\u0131b, Qacarlar\u0131n soyk<\/span><span class=\"cf3\">\u00f6k\u00fc v<\/span><span class=\"cf4\">\u0259 n<\/span><span class=\"cf3\">\u00fcfuzu haqq<\/span><span class=\"cf5\">\u0131nda maraql\u0131 bilgil<\/span><span class=\"cf4\">\u0259r verib: \u201cQacar s<\/span><span class=\"cf3\">\u00fclal<\/span><span class=\"cf4\">\u0259si bu namdak<\/span><span class=\"cf5\">\u0131 t<\/span><span class=\"cf3\">\u00fcrkm<\/span><span class=\"cf4\">\u0259n \u0259<\/span><span class=\"cf5\">\u015fir<\/span><span class=\"cf4\">\u0259tind\u0259n bir q\u0259bil\u0259y\u0259 m\u0259nsubdur. S<\/span><span class=\"cf3\">\u00fclal<\/span><span class=\"cf4\">\u0259nin aid oldu<\/span><span class=\"cf5\">\u011fu Qacar q<\/span><span class=\"cf4\">\u0259bil\u0259si Astarabad t\u0259r\u0259fl\u0259rind\u0259 sakindir. K<\/span><span class=\"cf3\">\u00f6\u00e7<\/span><span class=\"cf4\">\u0259b\u0259 hal<\/span><span class=\"cf5\">\u0131nda ya\u015fay\u0131rlar. \u0130ndi devrilmi\u015f Qacar saraylar\u0131nda t<\/span><span class=\"cf3\">\u00fcrkm<\/span><span class=\"cf4\">\u0259n q\u0259bil\u0259 \u0259n\u0259n\u0259l\u0259ri qism\u0259n m<\/span><span class=\"cf3\">\u00fchafiz<\/span><span class=\"cf4\">\u0259 edilmi<\/span><span class=\"cf5\">\u015fdi. Sarayda t<\/span><span class=\"cf3\">\u00fcrkc<\/span><span class=\"cf4\">\u0259 bilm\u0259y\u0259n yoxdu\u201d.<\/span><\/p>\n<p class=\"pf0\"><span class=\"cf4\">O, k<\/span><span class=\"cf3\">\u00f6\u00e7<\/span><span class=\"cf4\">\u0259b\u0259 t<\/span><span class=\"cf3\">\u00fcrkl<\/span><span class=\"cf4\">\u0259rd\u0259n f\u0259rqli olaraq\u00a0<\/span><span class=\"cf5\">\u015f<\/span><span class=\"cf4\">\u0259h\u0259rli t<\/span><span class=\"cf3\">\u00fcrkl<\/span><span class=\"cf4\">\u0259rin Rza xan<\/span><span class=\"cf5\">\u0131 d<\/span><span class=\"cf4\">\u0259st\u0259kl\u0259m\u0259sini, \u201c<\/span><span class=\"cf3\">\u00c7ingiz v<\/span><span class=\"cf4\">\u0259 mo<\/span><span class=\"cf5\">\u011fol n<\/span><span class=\"cf4\">\u0259slinin\u201d K\u0259yan taxt<\/span><span class=\"cf5\">\u0131ndan endirilm<\/span><span class=\"cf4\">\u0259si s\u0259das<\/span><span class=\"cf5\">\u0131n\u0131n\u00a0<\/span><span class=\"cf4\">\u0259n\u00a0<\/span><span class=\"cf3\">\u00e7ox T<\/span><span class=\"cf4\">\u0259brizd\u0259n g\u0259lm\u0259sini irqi \u0259saslarla deyil, ictimai h\u0259qiq\u0259tl\u0259rl\u0259 izah edib. R\u0259sulzad\u0259nin fikrinc\u0259,\u00a0<\/span><span class=\"cf5\">\u015f<\/span><span class=\"cf4\">\u0259h\u0259rli burjua h\u0259r\u0259katlar<\/span><span class=\"cf5\">\u0131n\u0131n\u00a0<\/span><span class=\"cf3\">\u00f6z\u00fcn<\/span><span class=\"cf4\">\u0259m\u0259xsus ideallar<\/span><span class=\"cf5\">\u0131 var v<\/span><span class=\"cf4\">\u0259 Az\u0259rbaycan\u00a0<\/span><span class=\"cf5\">\u015f<\/span><span class=\"cf4\">\u0259h\u0259rl\u0259rind\u0259ki elit k<\/span><span class=\"cf3\">\u00fctl<\/span><span class=\"cf4\">\u0259 h\u0259m hissi, h\u0259m d\u0259 m\u0259d\u0259ni c\u0259h\u0259td\u0259n iranl<\/span><span class=\"cf5\">\u0131la\u015f\u0131blar. Onlar feodal bir sistemin idar<\/span><span class=\"cf4\">\u0259<\/span><span class=\"cf3\">\u00e7iliyini deyil, fars irqind<\/span><span class=\"cf4\">\u0259n d\u0259 olsa,\u00a0<\/span><span class=\"cf3\">\u00f6z z\u00fcmr<\/span><span class=\"cf4\">\u0259si bildiyi sistemin m<\/span><span class=\"cf3\">\u00fcdafi<\/span><span class=\"cf4\">\u0259sini ist\u0259m\u0259kd\u0259dirl\u0259r. Ona g<\/span><span class=\"cf3\">\u00f6r<\/span><span class=\"cf4\">\u0259 d\u0259 Az\u0259rbaycan\u00a0<\/span><span class=\"cf5\">\u015f<\/span><span class=\"cf4\">\u0259h\u0259rl\u0259rind\u0259ki h\u0259min burjuaziya t<\/span><span class=\"cf3\">\u00fcrkm<\/span><span class=\"cf4\">\u0259n s<\/span><span class=\"cf3\">\u00fclal<\/span><span class=\"cf4\">\u0259sini deyil, \u201cq\u0259hr\u0259man\u201d hesab etdikl\u0259ri Rza xan<\/span><span class=\"cf5\">\u0131 d<\/span><span class=\"cf4\">\u0259st\u0259kl\u0259yibl\u0259r.<\/span><\/p>\n<p class=\"pf0\"><span class=\"cf4\">19 dekabr 1925-ci il tarixli \u201cHalk\u201d q\u0259zetind\u0259 R\u0259sulzad\u0259 bu fikirl\u0259rini geni<\/span><span class=\"cf5\">\u015fl<\/span><span class=\"cf4\">\u0259ndir\u0259r\u0259k \u201cN\u0259d\u0259n T<\/span><span class=\"cf3\">\u00fcrkiy<\/span><span class=\"cf4\">\u0259 c<\/span><span class=\"cf3\">\u00fcmhuriyy<\/span><span class=\"cf4\">\u0259t oldu,\u00a0<\/span><span class=\"cf5\">\u0130ran olmad\u0131?\u201d ba\u015fl\u0131ql\u0131 m<\/span><span class=\"cf4\">\u0259qal\u0259 yaz<\/span><span class=\"cf5\">\u0131b. O, T<\/span><span class=\"cf3\">\u00fcrkiy<\/span><span class=\"cf4\">\u0259d\u0259 xan\u0259danl<\/span><span class=\"cf5\">\u0131\u011f\u0131n c<\/span><span class=\"cf3\">\u00fcmhuriyy<\/span><span class=\"cf4\">\u0259tl\u0259 \u0259v\u0259z olunmas<\/span><span class=\"cf5\">\u0131n\u0131n tarixi m<\/span><span class=\"cf4\">\u0259rh\u0259l\u0259l\u0259rini izah etdikd\u0259n sonra eyni hal<\/span><span class=\"cf5\">\u0131n \u0130randa ba\u015f verm<\/span><span class=\"cf4\">\u0259m\u0259sinin s\u0259b\u0259bl\u0259rini anlama<\/span><span class=\"cf5\">\u011fa\u00a0<\/span><span class=\"cf3\">\u00e7al<\/span><span class=\"cf5\">\u0131\u015f\u0131b: \u201cRza xan\u0131n \u0130ran m<\/span><span class=\"cf3\">\u00fchitind<\/span><span class=\"cf4\">\u0259 c<\/span><span class=\"cf3\">\u00fcmhur r<\/span><span class=\"cf4\">\u0259isi deyil, ancaq\u00a0<\/span><span class=\"cf5\">\u015fah ola bilm<\/span><span class=\"cf4\">\u0259si t\u0259kc\u0259 Rza xan<\/span><span class=\"cf5\">\u0131n ehtiras\u0131 il<\/span><span class=\"cf4\">\u0259 izah edil\u0259 bilm\u0259z.\u00a0<\/span><span class=\"cf5\">\u0130ran\u0131n bulundu\u011fu tarixi v<\/span><span class=\"cf4\">\u0259ziyy\u0259t,\u00a0<\/span><span class=\"cf5\">\u0130ran c<\/span><span class=\"cf4\">\u0259miyy\u0259tinin ictimai b<\/span><span class=\"cf3\">\u00fcny<\/span><span class=\"cf4\">\u0259si T<\/span><span class=\"cf3\">\u00fcrkiy<\/span><span class=\"cf4\">\u0259 b<\/span><span class=\"cf3\">\u00fcny<\/span><span class=\"cf4\">\u0259sind\u0259n ba<\/span><span class=\"cf5\">\u015fqad\u0131r. T<\/span><span class=\"cf3\">\u00fcrkiy<\/span><span class=\"cf4\">\u0259d\u0259 feodalizm sistemi yox idi. Bu sistem ancaq\u00a0<\/span><span class=\"cf5\">\u015e<\/span><span class=\"cf4\">\u0259rqi Anadoluda vard<\/span><span class=\"cf5\">\u0131. Nec<\/span><span class=\"cf4\">\u0259 ki, c<\/span><span class=\"cf3\">\u00fcmhuriyy<\/span><span class=\"cf4\">\u0259t yegan\u0259 m<\/span><span class=\"cf3\">\u00fcxalif<\/span><span class=\"cf4\">\u0259ti bu t\u0259r\u0259fd\u0259 g<\/span><span class=\"cf3\">\u00f6rd\u00fc\u201d.<\/span><\/p>\n<p class=\"pf0\"><span class=\"cf3\">R<\/span><span class=\"cf4\">\u0259sulzad\u0259y\u0259 g<\/span><span class=\"cf3\">\u00f6r<\/span><span class=\"cf4\">\u0259 T<\/span><span class=\"cf3\">\u00fcrkiy<\/span><span class=\"cf4\">\u0259d\u0259 milli m<\/span><span class=\"cf3\">\u00fccadil<\/span><span class=\"cf4\">\u0259ni aparan, inqilabi h\u0259yata ke<\/span><span class=\"cf3\">\u00e7ir<\/span><span class=\"cf4\">\u0259n ordu zabitl\u0259rinin\u00a0<\/span><span class=\"cf3\">\u00f6zl<\/span><span class=\"cf4\">\u0259ri d\u0259 elan edil\u0259n prinsipl\u0259r\u0259 ba<\/span><span class=\"cf5\">\u011fl\u0131 \u015f<\/span><span class=\"cf4\">\u0259xsl\u0259r idil\u0259r.\u00a0<\/span><span class=\"cf5\">\u0130nqilabdan\u00a0<\/span><span class=\"cf4\">\u0259vv\u0259lki d<\/span><span class=\"cf3\">\u00f6vrl<\/span><span class=\"cf4\">\u0259rd\u0259 c<\/span><span class=\"cf3\">\u00fcmhuriyy<\/span><span class=\"cf4\">\u0259t ideallar<\/span><span class=\"cf5\">\u0131na sadiq q<\/span><span class=\"cf3\">\u00fcvv<\/span><span class=\"cf4\">\u0259tli t\u0259r\u0259fdarlar yeti<\/span><span class=\"cf5\">\u015fmi\u015fdi.<\/span><\/p>\n<p class=\"pf0\"><span class=\"cf5\">Amma \u0130randa v<\/span><span class=\"cf4\">\u0259ziyy\u0259t T<\/span><span class=\"cf3\">\u00fcrkiy<\/span><span class=\"cf4\">\u0259d\u0259n f\u0259rqli idi: \u201cOrada Rza xan<\/span><span class=\"cf5\">\u0131n m<\/span><span class=\"cf3\">\u00fcxt<\/span><span class=\"cf4\">\u0259lif zamanlarda ba<\/span><span class=\"cf5\">\u015f ver<\/span><span class=\"cf4\">\u0259n m<\/span><span class=\"cf3\">\u00fcv<\/span><span class=\"cf4\">\u0259ff\u0259qiyy\u0259tl\u0259rin\u0259 r\u0259<\/span><span class=\"cf5\">\u011fm<\/span><span class=\"cf4\">\u0259n yen\u0259 q<\/span><span class=\"cf3\">\u00fcvv<\/span><span class=\"cf4\">\u0259tli bir feodal t\u0259<\/span><span class=\"cf5\">\u015fkilat vard\u0131r. Bu feodal t<\/span><span class=\"cf4\">\u0259<\/span><span class=\"cf5\">\u015fkilat yaln\u0131z torpaq feodallar\u0131ndan ibar<\/span><span class=\"cf4\">\u0259t deyil, m\u0259n\u0259vi v\u0259lay\u0259t\u0259 malik dini feodallar, axundlar, m<\/span><span class=\"cf3\">\u00fcct<\/span><span class=\"cf4\">\u0259hidl\u0259r d\u0259\u00a0<\/span><span class=\"cf3\">\u00e7ox b\u00f6y\u00fck rol oynamaqdad<\/span><span class=\"cf5\">\u0131rlar. \u0130ran m<\/span><span class=\"cf4\">\u0259<\/span><span class=\"cf5\">\u015frutiyy<\/span><span class=\"cf4\">\u0259t<\/span><span class=\"cf3\">\u00e7il<\/span><span class=\"cf4\">\u0259ri bu sinifl\u0259 hesabla<\/span><span class=\"cf5\">\u015fmaq z<\/span><span class=\"cf4\">\u0259rur\u0259tind\u0259 qald<\/span><span class=\"cf5\">\u0131qlar\u0131 kimi Rza xan<\/span><span class=\"cf3\">\u00e7<\/span><span class=\"cf5\">\u0131lar v<\/span><span class=\"cf4\">\u0259 c<\/span><span class=\"cf3\">\u00fcmhuriyy<\/span><span class=\"cf4\">\u0259t<\/span><span class=\"cf3\">\u00e7il<\/span><span class=\"cf4\">\u0259r d\u0259 onlarla hesabla<\/span><span class=\"cf5\">\u015fmaq z<\/span><span class=\"cf4\">\u0259rur\u0259tind\u0259dirl\u0259r\u201d.<\/span><\/p>\n<p class=\"pf0\"><span class=\"cf4\">R\u0259sulzad\u0259y\u0259 g<\/span><span class=\"cf3\">\u00f6r<\/span><span class=\"cf4\">\u0259 T<\/span><span class=\"cf3\">\u00fcrkiy<\/span><span class=\"cf4\">\u0259d\u0259 s\u0259lt\u0259n\u0259tin t\u0259r\u0259fini saxlayan ictimai n<\/span><span class=\"cf3\">\u00fcfuzu olan feodal sinif olmad<\/span><span class=\"cf5\">\u0131\u011f\u0131\u00a0<\/span><span class=\"cf3\">\u00fc\u00e7\u00fcn c\u00fcmhuriyy<\/span><span class=\"cf4\">\u0259t elan edil\u0259 bildi. El\u0259c\u0259 d\u0259 xilaf\u0259ti d\u0259st\u0259kl\u0259y\u0259n q<\/span><span class=\"cf3\">\u00fcvv<\/span><span class=\"cf4\">\u0259tli bir klerikal z<\/span><span class=\"cf3\">\u00fcmr<\/span><span class=\"cf4\">\u0259 v\u0259 t\u0259<\/span><span class=\"cf5\">\u015fkilat olmad\u0131\u011f\u0131\u00a0<\/span><span class=\"cf3\">\u00fc\u00e7\u00fcn d<\/span><span class=\"cf4\">\u0259 d<\/span><span class=\"cf3\">\u00fcny<\/span><span class=\"cf4\">\u0259vil\u0259<\/span><span class=\"cf5\">\u015fm<\/span><span class=\"cf4\">\u0259 ba<\/span><span class=\"cf5\">\u015f verdi. \u0130randa is<\/span><span class=\"cf4\">\u0259 tarixi inki<\/span><span class=\"cf5\">\u015faf n<\/span><span class=\"cf4\">\u0259tic\u0259sind\u0259 inqilab sad\u0259c\u0259 bir s<\/span><span class=\"cf3\">\u00fclal<\/span><span class=\"cf4\">\u0259 d\u0259yi<\/span><span class=\"cf5\">\u015fikliyin<\/span><span class=\"cf4\">\u0259 g\u0259tirdi.<\/span><\/p>\n<p class=\"pf0\"><span class=\"cf4\">R\u0259sulzad\u0259 14 mart 1926-c<\/span><span class=\"cf5\">\u0131 ild<\/span><span class=\"cf4\">\u0259 \u201cHalk\u201d q\u0259zetind\u0259 q\u0259l\u0259m\u0259 ald<\/span><span class=\"cf5\">\u0131\u011f\u0131 \u201c\u0130ran inqilab\u0131ndan sonra\u201d adl\u0131 yaz\u0131s\u0131nda yen<\/span><span class=\"cf4\">\u0259 eyni m\u0259s\u0259l\u0259y\u0259 toxunub, Qacarlar<\/span><span class=\"cf5\">\u0131n\u00a0<\/span><span class=\"cf4\">\u0259<\/span><span class=\"cf5\">\u015fir<\/span><span class=\"cf4\">\u0259t b\u0259yl\u0259rin\u0259, Rza xan<\/span><span class=\"cf5\">\u0131n is<\/span><span class=\"cf4\">\u0259\u00a0<\/span><span class=\"cf5\">\u015f<\/span><span class=\"cf4\">\u0259h\u0259r tacirl\u0259rin\u0259 arxaland<\/span><span class=\"cf5\">\u0131\u011f\u0131n\u0131 g<\/span><span class=\"cf3\">\u00f6st<\/span><span class=\"cf4\">\u0259rib, t\u0259brizli tacirl\u0259rin d\u0259 bu m\u0259s\u0259l\u0259d\u0259 x<\/span><span class=\"cf3\">\u00fcsusi rol oynad<\/span><span class=\"cf5\">\u0131\u011f\u0131n\u0131 ifad<\/span><span class=\"cf4\">\u0259 edib.<\/span><\/p>\n<p class=\"pf0\"><span class=\"cf4\">R\u0259sulzad\u0259nin bu yazd<\/span><span class=\"cf5\">\u0131qlar\u0131ndan n<\/span><span class=\"cf4\">\u0259yi anlamal<\/span><span class=\"cf5\">\u0131y\u0131q? Zaman ke<\/span><span class=\"cf3\">\u00e7s<\/span><span class=\"cf4\">\u0259 d\u0259,\u00a0<\/span><span class=\"cf5\">\u0130randak\u0131 \u015f<\/span><span class=\"cf4\">\u0259h\u0259r elitl\u0259ri v\u0259 din xadiml\u0259rinin n<\/span><span class=\"cf3\">\u00fcfuzu hans<\/span><span class=\"cf5\">\u0131 d<\/span><span class=\"cf4\">\u0259r\u0259c\u0259d\u0259dir?<\/span><\/p>\n<p class=\"pf0\"><span class=\"cf4\">Etirazlara q\u0259d\u0259r\u00a0<\/span><span class=\"cf5\">\u0130randa iki sinfin hakimiyy<\/span><span class=\"cf4\">\u0259ti m<\/span><span class=\"cf3\">\u00f6vcuddu. R<\/span><span class=\"cf4\">\u0259sulzad\u0259 h\u0259l\u0259 1925-ci ild\u0259 din xadiml\u0259rinin n<\/span><span class=\"cf3\">\u00fcfuzuna diqq<\/span><span class=\"cf4\">\u0259t\u00a0<\/span><span class=\"cf3\">\u00e7<\/span><span class=\"cf4\">\u0259kmi<\/span><span class=\"cf5\">\u015fdi. 1979-cu il inqilab\u0131 t<\/span><span class=\"cf4\">\u0259sad<\/span><span class=\"cf3\">\u00fcf n<\/span><span class=\"cf4\">\u0259tic\u0259sind\u0259 olmam<\/span><span class=\"cf5\">\u0131\u015fd\u0131. Nec<\/span><span class=\"cf4\">\u0259 ki indi d\u0259\u00a0<\/span><span class=\"cf5\">\u015fah<\/span><span class=\"cf3\">\u00e7<\/span><span class=\"cf5\">\u0131lar\u0131n aktiv \u015f<\/span><span class=\"cf4\">\u0259kild\u0259 ortal<\/span><span class=\"cf5\">\u0131qda olmas\u0131 s<\/span><span class=\"cf4\">\u0259b\u0259bsiz deyil.\u00a0<\/span><span class=\"cf5\">\u0130randak\u0131 y<\/span><span class=\"cf3\">\u00fcz ildir d<\/span><span class=\"cf4\">\u0259yi<\/span><span class=\"cf5\">\u015film<\/span><span class=\"cf4\">\u0259y\u0259n sistem demokratik bir respublikan<\/span><span class=\"cf5\">\u0131n m<\/span><span class=\"cf3\">\u00f6vcud olaca<\/span><span class=\"cf5\">\u011f\u0131na \u015f<\/span><span class=\"cf3\">\u00fcbh<\/span><span class=\"cf4\">\u0259 yarad<\/span><span class=\"cf5\">\u0131r. V<\/span><span class=\"cf4\">\u0259li\u0259hdin \u0259n yax<\/span><span class=\"cf5\">\u015f\u0131 halda qalstuklu monarx olaca\u011f\u0131 \u015f<\/span><span class=\"cf3\">\u00fcbh<\/span><span class=\"cf4\">\u0259sizdir.<\/span><\/p>\n<p class=\"pf0\"><span class=\"cf4\">Ona g<\/span><span class=\"cf3\">\u00f6r<\/span><span class=\"cf4\">\u0259 d\u0259 G<\/span><span class=\"cf3\">\u00fcney Az<\/span><span class=\"cf4\">\u0259rbaycanda ya<\/span><span class=\"cf5\">\u015fayan t<\/span><span class=\"cf3\">\u00fcrkl<\/span><span class=\"cf4\">\u0259r \u0259vv\u0259lki s\u0259hvl\u0259rind\u0259n n\u0259tic\u0259\u00a0<\/span><span class=\"cf3\">\u00e7<\/span><span class=\"cf5\">\u0131xararaq n<\/span><span class=\"cf4\">\u0259\u00a0<\/span><span class=\"cf5\">\u015faha, n<\/span><span class=\"cf4\">\u0259 d\u0259 mollalar<\/span><span class=\"cf5\">\u0131n qalmas\u0131na izn verm<\/span><span class=\"cf4\">\u0259lidirl\u0259r. Onlar f<\/span><span class=\"cf3\">\u00fcrs<\/span><span class=\"cf4\">\u0259t yaranarsa ya ayr<\/span><span class=\"cf5\">\u0131lmal\u0131, ya da ki demokratik \u0130randa muxtariyy<\/span><span class=\"cf4\">\u0259t \u0259ld\u0259 etm\u0259lidirl\u0259r.<\/span><\/p>\n<p>M\u00fc\u0259llif:\u00a0<em><strong>Dilq\u0259m \u018fhm\u0259d<\/strong><\/em><\/p>\n","protected":false},"excerpt":{"rendered":"<p>\u201cN\u0259d\u0259n T\u00fcrkiy\u0259 c\u00fcmhuriyy\u0259t oldu,\u00a0\u0130ran olmad\u0131?\u201d\u00a0&#8211; M.\u018f.R\u0259sulzad\u0259 \u0130randak\u0131 etirazlar\u0131n fonunda b\u00f6lg\u0259ni idar\u0259 ed\u0259n s\u00fclal\u0259l\u0259rin tarixi d\u0259 g\u00fcnd\u0259m oldu. X\u00fcsus\u0259n d\u0259, devrilmi\u015f \u0130ran \u015fah\u0131n\u0131n m\u00fchacir\u0259td\u0259ki o\u011flunun f\u0259aliyy\u0259ti, onu d\u0259st\u0259kl\u0259y\u0259n q\u00fcvv\u0259l\u0259rin olmas\u0131 m\u0259s\u0259l\u0259ni&hellip; <\/p>\n","protected":false},"author":14,"featured_media":50098,"comment_status":"open","ping_status":"open","sticky":false,"template":"","format":"standard","meta":{"_mi_skip_tracking":false,"_monsterinsights_sitenote_active":false,"_monsterinsights_sitenote_note":"","_monsterinsights_sitenote_category":0,"footnotes":""},"categories":[4,6,11],"tags":[4928,15,7929],"aioseo_notices":[],"_links":{"self":[{"href":"https:\/\/infonews.az\/index.php?rest_route=\/wp\/v2\/posts\/50097"}],"collection":[{"href":"https:\/\/infonews.az\/index.php?rest_route=\/wp\/v2\/posts"}],"about":[{"href":"https:\/\/infonews.az\/index.php?rest_route=\/wp\/v2\/types\/post"}],"author":[{"embeddable":true,"href":"https:\/\/infonews.az\/index.php?rest_route=\/wp\/v2\/users\/14"}],"replies":[{"embeddable":true,"href":"https:\/\/infonews.az\/index.php?rest_route=%2Fwp%2Fv2%2Fcomments&post=50097"}],"version-history":[{"count":1,"href":"https:\/\/infonews.az\/index.php?rest_route=\/wp\/v2\/posts\/50097\/revisions"}],"predecessor-version":[{"id":50099,"href":"https:\/\/infonews.az\/index.php?rest_route=\/wp\/v2\/posts\/50097\/revisions\/50099"}],"wp:featuredmedia":[{"embeddable":true,"href":"https:\/\/infonews.az\/index.php?rest_route=\/wp\/v2\/media\/50098"}],"wp:attachment":[{"href":"https:\/\/infonews.az\/index.php?rest_route=%2Fwp%2Fv2%2Fmedia&parent=50097"}],"wp:term":[{"taxonomy":"category","embeddable":true,"href":"https:\/\/infonews.az\/index.php?rest_route=%2Fwp%2Fv2%2Fcategories&post=50097"},{"taxonomy":"post_tag","embeddable":true,"href":"https:\/\/infonews.az\/index.php?rest_route=%2Fwp%2Fv2%2Ftags&post=50097"}],"curies":[{"name":"wp","href":"https:\/\/api.w.org\/{rel}","templated":true}]}}