{"id":50113,"date":"2026-01-16T15:59:21","date_gmt":"2026-01-16T11:59:21","guid":{"rendered":"https:\/\/infonews.az\/?p=50113"},"modified":"2026-01-16T15:59:21","modified_gmt":"2026-01-16T11:59:21","slug":"iranda-umumxlaq-etirazlarinda-ol%c9%99nl%c9%99rin-sayi-2677-n%c9%99f%c9%99r%c9%99-catdi","status":"publish","type":"post","link":"https:\/\/infonews.az\/?p=50113","title":{"rendered":"\u0130randa \u00fcmumxlaq etirazlar\u0131nda \u00f6l\u0259nl\u0259rin say\u0131 2677 n\u0259f\u0259r\u0259 \u00e7atd\u0131"},"content":{"rendered":"<p><span style=\"color: #ffffff\">\u0130randa \u00fcmumxlaq etirazlar\u0131nda \u00f6l\u0259nl\u0259rin say\u0131 2677\u00a0n\u0259f\u0259r\u0259 \u00e7atd\u0131<\/span><\/p>\n<blockquote><p><strong>\u0130randa 19 g\u00fcnd\u00fcr davam ed\u0259n \u00fcmumxlaq etirazlar\u0131nda \u00f6ld\u00fcr\u00fcl\u0259n 2677 n\u0259f\u0259rin kimliyi m\u00fc\u0259yy\u0259nl\u0259\u015fdirilib.<\/strong><\/p><\/blockquote>\n<p><a href=\"https:\/\/infonews.az\/?p=50113\"><span style=\"color: #000080\"><strong>&#8220;\u0130NFONEWS&#8221; <\/strong><\/span><\/a>x\u0259b\u0259r verir ki, bu bar\u0259d\u0259 \u0130ran \u0130nsan Haqlar\u0131 T\u0259\u015fkilat\u0131 m\u0259lumat yay\u0131b.<\/p>\n<p>\u00d6ld\u00fcr\u00fcl\u0259nl\u0259rd\u0259n 163-\u00fc h\u00f6kum\u0259t m\u0259muru, 16-s\u0131 azya\u015fl\u0131 v\u0259 20-si etiraz aksiyalar\u0131nda i\u015ftirak etm\u0259y\u0259n m\u00fclki \u015f\u0259xsl\u0259rdir.<\/p>\n<p>Bununla yana\u015f\u0131, 19097 n\u0259f\u0259r h\u0259bs edil\u0259r\u0259k m\u00fcxt\u0259lif h\u0259bsxanalara k\u00f6\u00e7\u00fcr\u00fcl\u00fcb.<\/p>\n<p>Qeyd olunub ki, internet k\u0259sildiyin\u0259 g\u00f6r\u0259, \u00f6ld\u00fcr\u00fcl\u0259n v\u0259 h\u0259bs olunanlar\u0131n say\u0131 v\u0259 kimliyinin m\u00fc\u0259yy\u0259nl\u0259\u015fdirilm\u0259sind\u0259 gecikm\u0259l\u0259r olur.<\/p>\n","protected":false},"excerpt":{"rendered":"<p>\u0130randa \u00fcmumxlaq etirazlar\u0131nda \u00f6l\u0259nl\u0259rin say\u0131 2677\u00a0n\u0259f\u0259r\u0259 \u00e7atd\u0131 \u0130randa 19 g\u00fcnd\u00fcr davam ed\u0259n \u00fcmumxlaq etirazlar\u0131nda \u00f6ld\u00fcr\u00fcl\u0259n 2677 n\u0259f\u0259rin kimliyi m\u00fc\u0259yy\u0259nl\u0259\u015fdirilib. &#8220;\u0130NFONEWS&#8221; x\u0259b\u0259r verir ki, bu bar\u0259d\u0259 \u0130ran \u0130nsan Haqlar\u0131 T\u0259\u015fkilat\u0131 m\u0259lumat&hellip; <\/p>\n","protected":false},"author":14,"featured_media":50114,"comment_status":"open","ping_status":"open","sticky":false,"template":"","format":"standard","meta":{"_mi_skip_tracking":false,"_monsterinsights_sitenote_active":false,"_monsterinsights_sitenote_note":"","_monsterinsights_sitenote_category":0,"footnotes":""},"categories":[5,11],"tags":[15,15136,15137],"aioseo_notices":[],"_links":{"self":[{"href":"https:\/\/infonews.az\/index.php?rest_route=\/wp\/v2\/posts\/50113"}],"collection":[{"href":"https:\/\/infonews.az\/index.php?rest_route=\/wp\/v2\/posts"}],"about":[{"href":"https:\/\/infonews.az\/index.php?rest_route=\/wp\/v2\/types\/post"}],"author":[{"embeddable":true,"href":"https:\/\/infonews.az\/index.php?rest_route=\/wp\/v2\/users\/14"}],"replies":[{"embeddable":true,"href":"https:\/\/infonews.az\/index.php?rest_route=%2Fwp%2Fv2%2Fcomments&post=50113"}],"version-history":[{"count":1,"href":"https:\/\/infonews.az\/index.php?rest_route=\/wp\/v2\/posts\/50113\/revisions"}],"predecessor-version":[{"id":50115,"href":"https:\/\/infonews.az\/index.php?rest_route=\/wp\/v2\/posts\/50113\/revisions\/50115"}],"wp:featuredmedia":[{"embeddable":true,"href":"https:\/\/infonews.az\/index.php?rest_route=\/wp\/v2\/media\/50114"}],"wp:attachment":[{"href":"https:\/\/infonews.az\/index.php?rest_route=%2Fwp%2Fv2%2Fmedia&parent=50113"}],"wp:term":[{"taxonomy":"category","embeddable":true,"href":"https:\/\/infonews.az\/index.php?rest_route=%2Fwp%2Fv2%2Fcategories&post=50113"},{"taxonomy":"post_tag","embeddable":true,"href":"https:\/\/infonews.az\/index.php?rest_route=%2Fwp%2Fv2%2Ftags&post=50113"}],"curies":[{"name":"wp","href":"https:\/\/api.w.org\/{rel}","templated":true}]}}