{"id":50140,"date":"2026-01-21T10:14:57","date_gmt":"2026-01-21T06:14:57","guid":{"rendered":"https:\/\/infonews.az\/?p=50140"},"modified":"2026-01-21T10:29:45","modified_gmt":"2026-01-21T06:29:45","slug":"prezident-davosda-az%c9%99rbaycanin-avropa-ucun-on%c9%99mind%c9%99n-danisdi","status":"publish","type":"post","link":"https:\/\/infonews.az\/?p=50140","title":{"rendered":"Prezident Davosda Az\u0259rbaycan\u0131n Avropa \u00fc\u00e7\u00fcn \u00f6n\u0259mind\u0259n dan\u0131\u015fd\u0131"},"content":{"rendered":"<p class=\"pb-2 details-title\"><span style=\"color: #ffffff\"><strong>Prezident Davosda Az\u0259rbaycan\u0131n Avropa \u00fc\u00e7\u00fcn \u00f6n\u0259mind\u0259n\u00a0dan\u0131\u015fd\u0131<\/strong><\/span><\/p>\n<blockquote><p><strong>Az\u0259rbaycan Avropa \u00fc\u00e7\u00fcn M\u0259rk\u0259zi Asiya il\u0259 ba\u011flant\u0131 yaratmaq m\u0259qs\u0259di da\u015f\u0131yan yegan\u0259 etibarl\u0131, t\u0259hl\u00fck\u0259siz v\u0259 xo\u015fm\u0259raml\u0131 t\u0259yinat \u00f6lk\u0259sidir.<\/strong><\/p><\/blockquote>\n<p><a href=\"https:\/\/infonews.az\/?p=50140\"><span style=\"color: #000080\"><strong>&#8220;\u0130NFONEWS&#8221; <\/strong><\/span><\/a>x\u0259b\u0259r verir ki, bunu Az\u0259rbaycan Prezidenti \u0130lham \u018fliyev Davos \u00dcmumd\u00fcnya \u0130qtisadi Forumunun illik toplant\u0131s\u0131 \u00e7\u0259r\u00e7iv\u0259sind\u0259 \u201cAz\u0259rbaycan r\u0259hb\u0259rliyi il\u0259 s\u0259h\u0259r yem\u0259yi\u201d adl\u0131 t\u0259dbird\u0259 m\u00fcxt\u0259lif \u00f6lk\u0259l\u0259ri t\u0259msil ed\u0259n biznes n\u00fcmay\u0259nd\u0259l\u0259rinin suallar\u0131n\u0131n cavab\u0131nda deyib.<\/p>\n<p>Avropa \u0130ttifaq\u0131n\u0131n Avropan\u0131 M\u0259rk\u0259zi Asiya il\u0259 birl\u0259\u015fdir\u0259c\u0259k \u201cQlobal Qap\u0131lar\u201d layih\u0259sind\u0259 Az\u0259rbaycan\u0131n \u00f6n\u0259mli rol oynad\u0131\u011f\u0131n\u0131 qeyd ed\u0259n d\u00f6vl\u0259timizin ba\u015f\u00e7\u0131s\u0131 \u00f6lk\u0259mizin indiy\u0259d\u0259k \u0259sas\u0259n n\u0259qliyyat infrastrukturuna s\u0259rmay\u0259 yat\u0131rd\u0131\u011f\u0131n\u0131 vur\u011fulay\u0131b: \u201cDem\u0259k olar ki, h\u0259r bir \u015fey art\u0131q haz\u0131rd\u0131r. Lakin y\u00fckl\u0259rin h\u0259cmi o q\u0259d\u0259r s\u00fcr\u0259tl\u0259 b\u00f6y\u00fcy\u00fcr ki, biz D\u0259niz Liman\u0131m\u0131z\u0131n \u00f6t\u00fcrm\u0259 qabiliyy\u0259tini art\u0131rmaq q\u0259rar\u0131na g\u0259ldik. Bel\u0259likl\u0259 n\u0259qliyyat \u0259laq\u0259l\u0259ri, o c\u00fcml\u0259d\u0259n \u201cBeyn\u0259lxalq S\u00fclh v\u0259 Rifah namin\u0259 Tramp Mar\u015frutu\u201d layih\u0259si, h\u0259m\u00e7inin Erm\u0259nistan\u0131 M\u0259rk\u0259zi Asiyan\u0131n daha geni\u015f regional n\u0259qliyyat \u015f\u0259b\u0259k\u0259sin\u0259 daxil ed\u0259c\u0259k, s\u00fclh i\u015fin\u0259 t\u00f6hf\u0259 ver\u0259c\u0259k. \u00c7\u00fcnki Erm\u0259nistan\u0131n yollar\u0131 a\u00e7\u0131lacaq, o, tarifl\u0259rd\u0259n faydalar qazanacaq, daha geni\u015f beyn\u0259lxalq \u0259m\u0259kda\u015fl\u0131qda i\u015ftirak ed\u0259c\u0259k\u201d.<\/p>\n","protected":false},"excerpt":{"rendered":"<p>Prezident Davosda Az\u0259rbaycan\u0131n Avropa \u00fc\u00e7\u00fcn \u00f6n\u0259mind\u0259n\u00a0dan\u0131\u015fd\u0131 Az\u0259rbaycan Avropa \u00fc\u00e7\u00fcn M\u0259rk\u0259zi Asiya il\u0259 ba\u011flant\u0131 yaratmaq m\u0259qs\u0259di da\u015f\u0131yan yegan\u0259 etibarl\u0131, t\u0259hl\u00fck\u0259siz v\u0259 xo\u015fm\u0259raml\u0131 t\u0259yinat \u00f6lk\u0259sidir. &#8220;\u0130NFONEWS&#8221; x\u0259b\u0259r verir ki, bunu Az\u0259rbaycan Prezidenti&hellip; <\/p>\n","protected":false},"author":14,"featured_media":50141,"comment_status":"open","ping_status":"open","sticky":false,"template":"","format":"standard","meta":{"_mi_skip_tracking":false,"_monsterinsights_sitenote_active":false,"_monsterinsights_sitenote_note":"","_monsterinsights_sitenote_category":0,"footnotes":""},"categories":[6,11],"tags":[1008,15143,15],"aioseo_notices":[],"_links":{"self":[{"href":"https:\/\/infonews.az\/index.php?rest_route=\/wp\/v2\/posts\/50140"}],"collection":[{"href":"https:\/\/infonews.az\/index.php?rest_route=\/wp\/v2\/posts"}],"about":[{"href":"https:\/\/infonews.az\/index.php?rest_route=\/wp\/v2\/types\/post"}],"author":[{"embeddable":true,"href":"https:\/\/infonews.az\/index.php?rest_route=\/wp\/v2\/users\/14"}],"replies":[{"embeddable":true,"href":"https:\/\/infonews.az\/index.php?rest_route=%2Fwp%2Fv2%2Fcomments&post=50140"}],"version-history":[{"count":1,"href":"https:\/\/infonews.az\/index.php?rest_route=\/wp\/v2\/posts\/50140\/revisions"}],"predecessor-version":[{"id":50142,"href":"https:\/\/infonews.az\/index.php?rest_route=\/wp\/v2\/posts\/50140\/revisions\/50142"}],"wp:featuredmedia":[{"embeddable":true,"href":"https:\/\/infonews.az\/index.php?rest_route=\/wp\/v2\/media\/50141"}],"wp:attachment":[{"href":"https:\/\/infonews.az\/index.php?rest_route=%2Fwp%2Fv2%2Fmedia&parent=50140"}],"wp:term":[{"taxonomy":"category","embeddable":true,"href":"https:\/\/infonews.az\/index.php?rest_route=%2Fwp%2Fv2%2Fcategories&post=50140"},{"taxonomy":"post_tag","embeddable":true,"href":"https:\/\/infonews.az\/index.php?rest_route=%2Fwp%2Fv2%2Ftags&post=50140"}],"curies":[{"name":"wp","href":"https:\/\/api.w.org\/{rel}","templated":true}]}}