{"id":50396,"date":"2026-03-11T15:11:16","date_gmt":"2026-03-11T11:11:16","guid":{"rendered":"https:\/\/infonews.az\/?p=50396"},"modified":"2026-03-11T15:11:16","modified_gmt":"2026-03-11T11:11:16","slug":"ortaq-m%c9%99d%c9%99niyy%c9%99tin-ovladlari-iraq-turkmanlari-v%c9%99-az%c9%99rbaycan-kitabinin-yenid%c9%99n-n%c9%99sr-edilib","status":"publish","type":"post","link":"https:\/\/infonews.az\/?p=50396","title":{"rendered":"\u201cOrtaq m\u0259d\u0259niyy\u0259tin \u00f6vladlar\u0131 &#8211; \u0130raq t\u00fcrkmanlar\u0131 v\u0259 Az\u0259rbaycan\u201d kitab\u0131n\u0131n yenid\u0259n n\u0259\u015fr edilib"},"content":{"rendered":"<p><span style=\"color: #ffffff\">\u201cOrtaq m\u0259d\u0259niyy\u0259tin \u00f6vladlar\u0131 &#8211; \u0130raq t\u00fcrkmanlar\u0131 v\u0259 Az\u0259rbaycan\u201d kitab\u0131n\u0131n yenid\u0259n n\u0259\u015fr edilib <\/span><\/p>\n<blockquote><p>Beyn\u0259lxalq M\u00fcnasib\u0259tl\u0259rin T\u0259hlili M\u0259rk\u0259zinin (BMTM) t\u0259\u015f\u0259bb\u00fcs\u00fc v\u0259 d\u0259st\u0259yi il\u0259 \u201cOrtaq m\u0259d\u0259niyy\u0259tin \u00f6vladlar\u0131 \u2013 \u0130raq t\u00fcrkmanlar\u0131 v\u0259 Az\u0259rbaycan\u201d kitab\u0131n\u0131n yenil\u0259nmi\u015f variant\u0131 n\u0259\u015fr edilib.<\/p>\n<p><a href=\"https:\/\/aircenter.az\/uploads\/xn4ZY1Qq9Psr.pdf\" target=\"_blank\" rel=\"noopener\">https:\/\/aircenter.az\/uploads\/xn4ZY1Qq9Psr.pdf<\/a><\/p><\/blockquote>\n<p><a href=\"https:\/\/infonews.az\/?p=50396\"><span style=\"color: #000080\"><strong>&#8220;\u0130NFONEWS&#8221;<\/strong> <\/span><\/a>-un BMTM-nin m\u0259tbuat xidm\u0259tind\u0259n \u0259ld\u0259 etdiyi m\u0259lumat\u0131na g\u00f6r\u0259, \u00f6n s\u00f6z\u00fcn m\u00fc\u0259llifi &#8211; BMTM-in \u0130dar\u0259 Hey\u0259tinin s\u0259dri F\u0259rid \u015e\u0259fiyev qeyd edib ki, s\u0259rh\u0259dl\u0259rimizd\u0259n k\u0259narda ya\u015fayan v\u0259 \u00f6z\u00fcn\u00fc Az\u0259rbaycan m\u0259d\u0259ni areal\u0131n\u0131n bir hiss\u0259si hesab ed\u0259n icmalarla tarixi, m\u0259d\u0259ni v\u0259 \u0259d\u0259bi \u0259laq\u0259l\u0259ri qoruyub saxlamaq, ba\u011flar\u0131 g\u00fccl\u0259ndirm\u0259k Az\u0259rbaycan\u0131n xarici siyas\u0259tinin bir hiss\u0259sidir.<\/p>\n<p>\u201cBu g\u00fcn Az\u0259rbaycan v\u0259 \u0130raq aras\u0131nda m\u00fcnasib\u0259tl\u0259rin y\u00fcks\u0259k s\u0259viyy\u0259d\u0259 olmas\u0131 iki \u00f6lk\u0259 xalqlar\u0131, \u0259l\u0259lx\u00fcsus da, t\u00fcrkmanlar il\u0259 m\u0259d\u0259ni v\u0259 \u0259d\u0259bi \u0259laq\u0259l\u0259rin inki\u015faf\u0131 \u00fc\u00e7\u00fcn geni\u015f imkanlar yarad\u0131r\u201d, &#8211; dey\u0259 F.\u015e\u0259fiyev bildirib.<\/p>\n<p>Ara\u015fd\u0131rmada \u0130raq t\u00fcrkmanlar\u0131n\u0131n tarixi, demoqrafiyas\u0131, yerl\u0259\u015fm\u0259 m\u0259kanlar\u0131, sosial-iqtisadi h\u0259yat\u0131, m\u0259i\u015f\u0259ti, ad\u0259t-\u0259n\u0259n\u0259l\u0259ri, \u0130raq t\u00fcrkmanlar\u0131n\u0131n \u00f6lk\u0259 tarixind\u0259ki rolu, g\u00f6rk\u0259mli \u015f\u0259xsiyy\u0259tl\u0259ri, az\u0259rbaycanl\u0131larla \u0130raq t\u00fcrkmanlar\u0131 aras\u0131ndak\u0131 tarixi ba\u011flar geni\u015f formada \u00f6z \u0259ksini tap\u0131b.<\/p>\n<p>Layih\u0259nin r\u0259hb\u0259ri Avrasiya Beyn\u0259lxalq \u0130nki\u015faf Assosiasiyas\u0131n\u0131n t\u0259msil\u00e7isi K\u0259nan R\u00f6v\u015f\u0259no\u011fludur.<\/p>\n<p>T\u0259dqiqat i\u015fi Az\u0259rbaycan v\u0259 \u0130raqdan olan aliml\u0259rin, ekspertl\u0259rin birg\u0259 \u0259m\u0259kda\u015fl\u0131\u011f\u0131 il\u0259 haz\u0131rlan\u0131b. Kitab\u0131n m\u00fc\u0259llifl\u0259ri s\u0131ras\u0131nda \u0130raqdan Mahmud X\u0259lil C\u0259f\u0259r, C\u0259f\u0259r T\u0259laf\u0259ri, \u0130smail Aslano\u011flu, Rza \u018flio\u011flu, Naznaz Tevfiq, Hussam Davud H\u0131z\u0131r Erbilli, Burhan Saleh v\u0259 \u00c7oban H\u0131d\u0131r Uluhan, Az\u0259rbaycan t\u0259r\u0259fd\u0259n is\u0259 Natiq R\u0259himov, L\u0259man S\u00fcleymanova, Aynur C\u0259lilova, M\u0259hs\u0259ti S\u00fcleymanova, K\u0259nan R\u00f6v\u015f\u0259no\u011flu, Rizvan M\u0259mm\u0259dsoy v\u0259 Orxan \u0130sayev yer al\u0131r.<\/p>\n<p>Kitab sah\u0259 \u00fczr\u0259 t\u0259dqiqat\u00e7\u0131lar, jurnalistl\u0259r, t\u00fcrkman icmas\u0131 il\u0259 ba\u011fl\u0131 maraqlanan geni\u015f oxucu k\u00fctl\u0259si \u00fc\u00e7\u00fcn n\u0259z\u0259rd\u0259 tutulub.<\/p>\n<p><img loading=\"lazy\" decoding=\"async\" class=\"aligncenter size-full wp-image-50397\" src=\"https:\/\/infonews.az\/wp-content\/uploads\/2026\/03\/17732254113701542453_1200x630.jpg\" alt=\"\" width=\"923\" height=\"630\" srcset=\"https:\/\/infonews.az\/wp-content\/uploads\/2026\/03\/17732254113701542453_1200x630.jpg 923w, https:\/\/infonews.az\/wp-content\/uploads\/2026\/03\/17732254113701542453_1200x630-300x205.jpg 300w, https:\/\/infonews.az\/wp-content\/uploads\/2026\/03\/17732254113701542453_1200x630-768x524.jpg 768w\" sizes=\"(max-width: 923px) 100vw, 923px\" \/><\/p>\n","protected":false},"excerpt":{"rendered":"<p>\u201cOrtaq m\u0259d\u0259niyy\u0259tin \u00f6vladlar\u0131 &#8211; \u0130raq t\u00fcrkmanlar\u0131 v\u0259 Az\u0259rbaycan\u201d kitab\u0131n\u0131n yenid\u0259n n\u0259\u015fr edilib Beyn\u0259lxalq M\u00fcnasib\u0259tl\u0259rin T\u0259hlili M\u0259rk\u0259zinin (BMTM) t\u0259\u015f\u0259bb\u00fcs\u00fc v\u0259 d\u0259st\u0259yi il\u0259 \u201cOrtaq m\u0259d\u0259niyy\u0259tin \u00f6vladlar\u0131 \u2013 \u0130raq t\u00fcrkmanlar\u0131 v\u0259 Az\u0259rbaycan\u201d kitab\u0131n\u0131n&hellip; <\/p>\n","protected":false},"author":14,"featured_media":50397,"comment_status":"open","ping_status":"open","sticky":false,"template":"","format":"standard","meta":{"_mi_skip_tracking":false,"_monsterinsights_sitenote_active":false,"_monsterinsights_sitenote_note":"","_monsterinsights_sitenote_category":0,"footnotes":""},"categories":[4,10,11],"tags":[15214,15212,15213],"aioseo_notices":[],"_links":{"self":[{"href":"https:\/\/infonews.az\/index.php?rest_route=\/wp\/v2\/posts\/50396"}],"collection":[{"href":"https:\/\/infonews.az\/index.php?rest_route=\/wp\/v2\/posts"}],"about":[{"href":"https:\/\/infonews.az\/index.php?rest_route=\/wp\/v2\/types\/post"}],"author":[{"embeddable":true,"href":"https:\/\/infonews.az\/index.php?rest_route=\/wp\/v2\/users\/14"}],"replies":[{"embeddable":true,"href":"https:\/\/infonews.az\/index.php?rest_route=%2Fwp%2Fv2%2Fcomments&post=50396"}],"version-history":[{"count":1,"href":"https:\/\/infonews.az\/index.php?rest_route=\/wp\/v2\/posts\/50396\/revisions"}],"predecessor-version":[{"id":50398,"href":"https:\/\/infonews.az\/index.php?rest_route=\/wp\/v2\/posts\/50396\/revisions\/50398"}],"wp:featuredmedia":[{"embeddable":true,"href":"https:\/\/infonews.az\/index.php?rest_route=\/wp\/v2\/media\/50397"}],"wp:attachment":[{"href":"https:\/\/infonews.az\/index.php?rest_route=%2Fwp%2Fv2%2Fmedia&parent=50396"}],"wp:term":[{"taxonomy":"category","embeddable":true,"href":"https:\/\/infonews.az\/index.php?rest_route=%2Fwp%2Fv2%2Fcategories&post=50396"},{"taxonomy":"post_tag","embeddable":true,"href":"https:\/\/infonews.az\/index.php?rest_route=%2Fwp%2Fv2%2Ftags&post=50396"}],"curies":[{"name":"wp","href":"https:\/\/api.w.org\/{rel}","templated":true}]}}