{"id":50409,"date":"2026-03-12T10:49:07","date_gmt":"2026-03-12T06:49:07","guid":{"rendered":"https:\/\/infonews.az\/?p=50409"},"modified":"2026-03-12T10:49:07","modified_gmt":"2026-03-12T06:49:07","slug":"sulhd%c9%99n-daha-yaxsi-hec-n%c9%99-yoxdur-prezident-ilham-eliyev","status":"publish","type":"post","link":"https:\/\/infonews.az\/?p=50409","title":{"rendered":"&#8220;S\u00fclhd\u0259n daha yax\u015f\u0131 he\u00e7 n\u0259 yoxdur&#8221; &#8211; Prezident \u0130lham \u018fliyev"},"content":{"rendered":"<p><span style=\"color: #ffffff\">&#8220;S\u00fclhd\u0259n daha yax\u015f\u0131 he\u00e7 n\u0259 yoxdur&#8221;\u00a0&#8211;\u00a0Prezident \u0130lham \u018fliyev<\/span><\/p>\n<blockquote><p><strong>&#8220;S\u00fclhd\u0259n daha yax\u015f\u0131 he\u00e7 n\u0259 yoxdur&#8221;<\/strong><\/p><\/blockquote>\n<p><a href=\"https:\/\/infonews.az\/?p=50409\"><span style=\"color: #003366\"><strong>&#8220;\u0130NFONEWS&#8221;<\/strong><\/span><\/a>\u00a0x\u0259b\u0259r verir ki, bunu Prezident \u0130lham \u018fliyev XIII Qlobal Bak\u0131 Forumunun a\u00e7\u0131l\u0131\u015f m\u0259rasimind\u0259 bildirib.<\/p>\n<p>\u201cBirl\u0259\u015fmi\u015f Mill\u0259tl\u0259r T\u0259\u015fkilat\u0131n\u0131n T\u0259hl\u00fck\u0259sizlik \u015euras\u0131n\u0131n q\u0259tnam\u0259l\u0259ri erm\u0259ni qo\u015funlar\u0131n\u0131n \u0259razil\u0259rimizd\u0259n \u00e7\u0131xar\u0131lmas\u0131n\u0131 t\u0259l\u0259b edirdi, lakin bu s\u0259n\u0259dl\u0259r t\u0259xmin\u0259n 30 il \u0259rzind\u0259 ka\u011f\u0131z \u00fcz\u0259rind\u0259 qald\u0131. Bu da bir t\u0259cr\u00fcb\u0259dir, lakin t\u0259\u0259ss\u00fcf ki, m\u0259nfi t\u0259cr\u00fcb\u0259dir.<\/p>\n<p>Daha sonra 2020-ci ild\u0259 44 g\u00fcn davam ed\u0259n azadl\u0131q m\u00fcharib\u0259si zaman\u0131 \u0259razil\u0259rimizi g\u00fcc yolu il\u0259 azad etm\u0259k t\u0259cr\u00fcb\u0259sini ya\u015fad\u0131q. D\u00fc\u015f\u00fcn\u00fcr\u0259m ki, bu da m\u00fch\u00fcm g\u00f6st\u0259ricidir: \u0259g\u0259r s\u00fclh yolu il\u0259 h\u0259ll\u0259 \u00fcmid qalmay\u0131bsa v\u0259 h\u0259qiq\u0259t, \u0259dal\u0259t, h\u0259m\u00e7inin beyn\u0259lxalq h\u00fcquq sizin t\u0259r\u0259finizd\u0259dirs\u0259, s\u00fclh\u0259 nail olmaq \u00fc\u00e7\u00fcn b\u0259z\u0259n g\u00fcc t\u0259tbiq etm\u0259k z\u0259ruri olur. M\u0259hz bel\u0259 d\u0259 oldu. Biz Erm\u0259nistanla s\u00fclh\u0259 \u0259vv\u0259lc\u0259 g\u00fcc yolu il\u0259, daha sonra is\u0259 siyasi vasit\u0259l\u0259rl\u0259 nail olduq.<\/p>\n<p>M\u0259n dey\u0259rdim ki, son onillikl\u0259rin tarixind\u0259 bu da nadir bir t\u0259cr\u00fcb\u0259dir: bir \u00f6lk\u0259 \u00f6z suverenliyini v\u0259 \u0259razi b\u00fct\u00f6vl\u00fcy\u00fcn\u00fc g\u00fcc yolu il\u0259 b\u0259rpa edib v\u0259 bununla s\u00fclh\u0259 nail olub. S\u00fclh\u0259 nail olmaq is\u0259 asan deyil. Bu g\u00fcn d\u0259 g\u00f6r\u00fcr\u00fck ki, uzunm\u00fcdd\u0259tli m\u00fcnaqi\u015f\u0259l\u0259r davam edir v\u0259 d\u00fcnya x\u0259rit\u0259sind\u0259 yeni g\u0259rginlik ocaqlar\u0131 yaran\u0131r.<\/p>\n<p>Az\u0259rbaycan v\u0259 Erm\u0259nistan aras\u0131nda s\u00fclh prosesin\u0259 g\u0259ldikd\u0259 is\u0259, bu da \u00f6z\u00fcn\u0259m\u0259xsus bir v\u0259ziyy\u0259tdir. Bel\u0259 ki, 2023-c\u00fc ilin sentyabr\u0131nda ba\u015f ver\u0259n son qanl\u0131 toqqu\u015fmadan 2025-ci ilin avqustunda \u0259ld\u0259 olunan s\u00fclh\u0259 q\u0259d\u0259r olan m\u00fcdd\u0259t iki ild\u0259n d\u0259 az oldu. M\u0259nc\u0259, bu, g\u00f6r\u00fcnm\u0259mi\u015f s\u00fcr\u0259tdir. Bu is\u0259 g\u00fccl\u00fc siyasi irad\u0259 v\u0259 \u0259b\u0259di d\u00fc\u015fm\u0259n\u00e7iliyin m\u00fcmk\u00fcn olmad\u0131\u011f\u0131n\u0131, m\u00fcharib\u0259nin is\u0259 m\u00fctl\u0259q sona \u00e7atmal\u0131 oldu\u011funu anlamaq say\u0259sind\u0259 m\u00fcmk\u00fcn oldu. Bu, iki \u00f6lk\u0259nin verdiyi se\u00e7im idi. Haz\u0131rda is\u0259, qeyd etdiyim kimi, art\u0131q yeddi ayd\u0131r ki, s\u00fclh \u015f\u0259raitind\u0259 ya\u015fay\u0131r\u0131q v\u0259 bunun \u00fcst\u00fcnl\u00fckl\u0259rini g\u00f6r\u00fcr\u00fck. M\u0259n d\u0259f\u0259l\u0259rl\u0259 demi\u015f\u0259m v\u0259 dem\u0259kd\u0259n yorulmayaca\u011fam ki, s\u00fclhd\u0259n daha yax\u015f\u0131 he\u00e7 n\u0259 yoxdur\u201d, &#8211; d\u00f6vl\u0259t ba\u015f\u00e7\u0131s\u0131 qeyd edib.<\/p>\n","protected":false},"excerpt":{"rendered":"<p>&#8220;S\u00fclhd\u0259n daha yax\u015f\u0131 he\u00e7 n\u0259 yoxdur&#8221;\u00a0&#8211;\u00a0Prezident \u0130lham \u018fliyev &#8220;S\u00fclhd\u0259n daha yax\u015f\u0131 he\u00e7 n\u0259 yoxdur&#8221; &#8220;\u0130NFONEWS&#8221;\u00a0x\u0259b\u0259r verir ki, bunu Prezident \u0130lham \u018fliyev XIII Qlobal Bak\u0131 Forumunun a\u00e7\u0131l\u0131\u015f m\u0259rasimind\u0259 bildirib. \u201cBirl\u0259\u015fmi\u015f Mill\u0259tl\u0259r&hellip; <\/p>\n","protected":false},"author":14,"featured_media":50410,"comment_status":"open","ping_status":"open","sticky":false,"template":"","format":"standard","meta":{"_mi_skip_tracking":false,"_monsterinsights_sitenote_active":false,"_monsterinsights_sitenote_note":"","_monsterinsights_sitenote_category":0,"footnotes":""},"categories":[4,6,11],"tags":[1008,15,15219],"aioseo_notices":[],"_links":{"self":[{"href":"https:\/\/infonews.az\/index.php?rest_route=\/wp\/v2\/posts\/50409"}],"collection":[{"href":"https:\/\/infonews.az\/index.php?rest_route=\/wp\/v2\/posts"}],"about":[{"href":"https:\/\/infonews.az\/index.php?rest_route=\/wp\/v2\/types\/post"}],"author":[{"embeddable":true,"href":"https:\/\/infonews.az\/index.php?rest_route=\/wp\/v2\/users\/14"}],"replies":[{"embeddable":true,"href":"https:\/\/infonews.az\/index.php?rest_route=%2Fwp%2Fv2%2Fcomments&post=50409"}],"version-history":[{"count":1,"href":"https:\/\/infonews.az\/index.php?rest_route=\/wp\/v2\/posts\/50409\/revisions"}],"predecessor-version":[{"id":50411,"href":"https:\/\/infonews.az\/index.php?rest_route=\/wp\/v2\/posts\/50409\/revisions\/50411"}],"wp:featuredmedia":[{"embeddable":true,"href":"https:\/\/infonews.az\/index.php?rest_route=\/wp\/v2\/media\/50410"}],"wp:attachment":[{"href":"https:\/\/infonews.az\/index.php?rest_route=%2Fwp%2Fv2%2Fmedia&parent=50409"}],"wp:term":[{"taxonomy":"category","embeddable":true,"href":"https:\/\/infonews.az\/index.php?rest_route=%2Fwp%2Fv2%2Fcategories&post=50409"},{"taxonomy":"post_tag","embeddable":true,"href":"https:\/\/infonews.az\/index.php?rest_route=%2Fwp%2Fv2%2Ftags&post=50409"}],"curies":[{"name":"wp","href":"https:\/\/api.w.org\/{rel}","templated":true}]}}