{"id":50542,"date":"2026-04-26T18:52:35","date_gmt":"2026-04-26T14:52:35","guid":{"rendered":"https:\/\/infonews.az\/?p=50542"},"modified":"2026-04-27T09:12:43","modified_gmt":"2026-04-27T05:12:43","slug":"trampin-istirak-etdiyi-t%c9%99dbird%c9%99-atisma-bas-verib","status":"publish","type":"post","link":"https:\/\/infonews.az\/?p=50542","title":{"rendered":"Tramp\u0131n i\u015ftirak etdiyi t\u0259dbird\u0259 at\u0131\u015fma ba\u015f verib"},"content":{"rendered":"<p><span style=\"color: #ffffff\">Tramp\u0131n i\u015ftirak etdiyi t\u0259dbird\u0259 at\u0131\u015fma ba\u015f verib<\/span><\/p>\n<div class=\"row m-0 p-0\">\n<div id=\"font_size\" class=\"col-10 p-2 pt-0 d-flex flex-column\">\n<div class=\"py-2 details-full-text\">\n<blockquote><p>AB\u015e Prezidenti Donald Tramp Va\u015finqtonda ke\u00e7irdiyi A\u011f Ev M\u00fcxbirl\u0259ri Assosiasiyas\u0131n\u0131n q\u0259bulunda at\u0131\u015fma olub.<\/p><\/blockquote>\n<p><a href=\"https:\/\/infonews.az\/?p=50542\"><strong><span style=\"color: #000080\">&#8220;\u0130NFONEWS&#8221;<\/span><\/strong><\/a> xarici K\u0130V-\u0259 istinad\u0259n x\u0259b\u0259r verir ki, zalda \u0259vv\u0259lc\u0259 g\u00fccl\u00fc partlay\u0131\u015flar ba\u015f verib bundan sonra is\u0259 izdiham ya\u015fan\u0131b.<\/p>\n<p>T\u0259dbird\u0259 Prezident Trampla yana\u015f\u0131 birinci xan\u0131m Melaniya Tramp, vitse-prezident Ceyms Devid Vens v\u0259 Kerolayn Livitt d\u0259 i\u015ftirak edib.<\/p>\n<p>Tramp sosial \u015f\u0259b\u0259k\u0259 hesab\u0131nda yaz\u0131b ki, ba\u015f ver\u0259n at\u0131\u015fma zaman\u0131 AB\u015e administrasiyas\u0131ndan he\u00e7 kim x\u0259sar\u0259t almay\u0131b. H\u0259r k\u0259sin v\u0259ziyy\u0259ti \u0259lad\u0131r.<\/p>\n<p>&nbsp;<\/p>\n<\/div>\n<\/div>\n<\/div>\n<div class=\"row m-0 p-2\">\n<div class=\"col-12 p-0 ca6-title\">\n<h2 class=\"ps-3\"><\/h2>\n<\/div>\n<\/div>\n","protected":false},"excerpt":{"rendered":"<p>Tramp\u0131n i\u015ftirak etdiyi t\u0259dbird\u0259 at\u0131\u015fma ba\u015f verib AB\u015e Prezidenti Donald Tramp Va\u015finqtonda ke\u00e7irdiyi A\u011f Ev M\u00fcxbirl\u0259ri Assosiasiyas\u0131n\u0131n q\u0259bulunda at\u0131\u015fma olub. &#8220;\u0130NFONEWS&#8221; xarici K\u0130V-\u0259 istinad\u0259n x\u0259b\u0259r verir ki, zalda \u0259vv\u0259lc\u0259 g\u00fccl\u00fc&hellip; <\/p>\n","protected":false},"author":14,"featured_media":50543,"comment_status":"open","ping_status":"open","sticky":false,"template":"","format":"standard","meta":{"_mi_skip_tracking":false,"_monsterinsights_sitenote_active":false,"_monsterinsights_sitenote_note":"","_monsterinsights_sitenote_category":0,"footnotes":""},"categories":[9,5,11],"tags":[14615,15253,15],"aioseo_notices":[],"_links":{"self":[{"href":"https:\/\/infonews.az\/index.php?rest_route=\/wp\/v2\/posts\/50542"}],"collection":[{"href":"https:\/\/infonews.az\/index.php?rest_route=\/wp\/v2\/posts"}],"about":[{"href":"https:\/\/infonews.az\/index.php?rest_route=\/wp\/v2\/types\/post"}],"author":[{"embeddable":true,"href":"https:\/\/infonews.az\/index.php?rest_route=\/wp\/v2\/users\/14"}],"replies":[{"embeddable":true,"href":"https:\/\/infonews.az\/index.php?rest_route=%2Fwp%2Fv2%2Fcomments&post=50542"}],"version-history":[{"count":1,"href":"https:\/\/infonews.az\/index.php?rest_route=\/wp\/v2\/posts\/50542\/revisions"}],"predecessor-version":[{"id":50544,"href":"https:\/\/infonews.az\/index.php?rest_route=\/wp\/v2\/posts\/50542\/revisions\/50544"}],"wp:featuredmedia":[{"embeddable":true,"href":"https:\/\/infonews.az\/index.php?rest_route=\/wp\/v2\/media\/50543"}],"wp:attachment":[{"href":"https:\/\/infonews.az\/index.php?rest_route=%2Fwp%2Fv2%2Fmedia&parent=50542"}],"wp:term":[{"taxonomy":"category","embeddable":true,"href":"https:\/\/infonews.az\/index.php?rest_route=%2Fwp%2Fv2%2Fcategories&post=50542"},{"taxonomy":"post_tag","embeddable":true,"href":"https:\/\/infonews.az\/index.php?rest_route=%2Fwp%2Fv2%2Ftags&post=50542"}],"curies":[{"name":"wp","href":"https:\/\/api.w.org\/{rel}","templated":true}]}}