{"id":50562,"date":"2026-04-29T06:51:43","date_gmt":"2026-04-29T02:51:43","guid":{"rendered":"https:\/\/infonews.az\/?p=50562"},"modified":"2026-04-29T08:56:46","modified_gmt":"2026-04-29T04:56:46","slug":"bu-gunl%c9%99rd%c9%99-avtomobill%c9%99r-ic%c9%99ris%c9%99h%c9%99r%c9%99-buraxilmayacaq","status":"publish","type":"post","link":"https:\/\/infonews.az\/?p=50562","title":{"rendered":"Bu g\u00fcnl\u0259rd\u0259 avtomobill\u0259r \u0130\u00e7\u0259ri\u015f\u0259h\u0259r\u0259 burax\u0131lmayacaq"},"content":{"rendered":"<p><span style=\"color: #ffffff\">Bu g\u00fcnl\u0259rd\u0259 avtomobill\u0259r \u0130\u00e7\u0259ri\u015f\u0259h\u0259r\u0259\u00a0burax\u0131lmayacaq<\/span><\/p>\n<blockquote><p><strong>Bak\u0131da ke\u00e7iril\u0259c\u0259k Beyn\u0259lxalq Xal\u00e7a Festival\u0131 il\u0259 \u0259laq\u0259dar olaraq \u0130\u00e7\u0259ri\u015f\u0259h\u0259r \u0259razisind\u0259 n\u0259qliyyat\u0131n h\u0259r\u0259k\u0259tin\u0259 m\u00fcv\u0259qq\u0259ti m\u0259hdudiyy\u0259tl\u0259r t\u0259tbiq edil\u0259c\u0259k.<\/strong><\/p><\/blockquote>\n<p><a href=\"https:\/\/infonews.az\/?p=50562\"><span style=\"color: #000080\"><strong>&#8220;\u0130NFONEWS&#8221;<\/strong><\/span><\/a>\u00a0x\u0259b\u0259r verir ki, bu bar\u0259d\u0259 \u201c\u0130\u00e7\u0259ri\u015f\u0259h\u0259r\u201d D\u00f6vl\u0259t Tarix-Memarl\u0131q Qoru\u011fu \u0130dar\u0259si m\u0259lumat yay\u0131b.<\/p>\n<p>Bildirilib ki, 1-3 may tarixl\u0259rind\u0259 qeyri-rezident avtomobill\u0259rin \u0130\u00e7\u0259ri\u015f\u0259h\u0259r\u0259 giri\u015fi v\u0259 \u00e7\u0131x\u0131\u015f\u0131 m\u00fcv\u0259qq\u0259ti olaraq dayand\u0131r\u0131lacaq.<\/p>\n","protected":false},"excerpt":{"rendered":"<p>Bu g\u00fcnl\u0259rd\u0259 avtomobill\u0259r \u0130\u00e7\u0259ri\u015f\u0259h\u0259r\u0259\u00a0burax\u0131lmayacaq Bak\u0131da ke\u00e7iril\u0259c\u0259k Beyn\u0259lxalq Xal\u00e7a Festival\u0131 il\u0259 \u0259laq\u0259dar olaraq \u0130\u00e7\u0259ri\u015f\u0259h\u0259r \u0259razisind\u0259 n\u0259qliyyat\u0131n h\u0259r\u0259k\u0259tin\u0259 m\u00fcv\u0259qq\u0259ti m\u0259hdudiyy\u0259tl\u0259r t\u0259tbiq edil\u0259c\u0259k. &#8220;\u0130NFONEWS&#8221;\u00a0x\u0259b\u0259r verir ki, bu bar\u0259d\u0259 \u201c\u0130\u00e7\u0259ri\u015f\u0259h\u0259r\u201d D\u00f6vl\u0259t Tarix-Memarl\u0131q Qoru\u011fu \u0130dar\u0259si&hellip; <\/p>\n","protected":false},"author":14,"featured_media":50563,"comment_status":"open","ping_status":"open","sticky":false,"template":"","format":"standard","meta":{"_mi_skip_tracking":false,"_monsterinsights_sitenote_active":false,"_monsterinsights_sitenote_note":"","_monsterinsights_sitenote_category":0,"footnotes":""},"categories":[4,533,11],"tags":[5342,15261,15],"aioseo_notices":[],"_links":{"self":[{"href":"https:\/\/infonews.az\/index.php?rest_route=\/wp\/v2\/posts\/50562"}],"collection":[{"href":"https:\/\/infonews.az\/index.php?rest_route=\/wp\/v2\/posts"}],"about":[{"href":"https:\/\/infonews.az\/index.php?rest_route=\/wp\/v2\/types\/post"}],"author":[{"embeddable":true,"href":"https:\/\/infonews.az\/index.php?rest_route=\/wp\/v2\/users\/14"}],"replies":[{"embeddable":true,"href":"https:\/\/infonews.az\/index.php?rest_route=%2Fwp%2Fv2%2Fcomments&post=50562"}],"version-history":[{"count":1,"href":"https:\/\/infonews.az\/index.php?rest_route=\/wp\/v2\/posts\/50562\/revisions"}],"predecessor-version":[{"id":50564,"href":"https:\/\/infonews.az\/index.php?rest_route=\/wp\/v2\/posts\/50562\/revisions\/50564"}],"wp:featuredmedia":[{"embeddable":true,"href":"https:\/\/infonews.az\/index.php?rest_route=\/wp\/v2\/media\/50563"}],"wp:attachment":[{"href":"https:\/\/infonews.az\/index.php?rest_route=%2Fwp%2Fv2%2Fmedia&parent=50562"}],"wp:term":[{"taxonomy":"category","embeddable":true,"href":"https:\/\/infonews.az\/index.php?rest_route=%2Fwp%2Fv2%2Fcategories&post=50562"},{"taxonomy":"post_tag","embeddable":true,"href":"https:\/\/infonews.az\/index.php?rest_route=%2Fwp%2Fv2%2Ftags&post=50562"}],"curies":[{"name":"wp","href":"https:\/\/api.w.org\/{rel}","templated":true}]}}