{"id":50565,"date":"2026-04-29T07:09:44","date_gmt":"2026-04-29T03:09:44","guid":{"rendered":"https:\/\/infonews.az\/?p=50565"},"modified":"2026-04-29T09:05:58","modified_gmt":"2026-04-29T05:05:58","slug":"elmi-faktlari-sikay%c9%99tl%c9%99rl%c9%99-r%c9%99dd-etm%c9%99k-olmaz-erm%c9%99ni-diasporu-az%c9%99rbaycanli-alimi-h%c9%99d%c9%99f-aldi","status":"publish","type":"post","link":"https:\/\/infonews.az\/?p=50565","title":{"rendered":"&#8220;Elmi faktlar\u0131 \u015fikay\u0259tl\u0259rl\u0259 r\u0259dd etm\u0259k olmaz\u201d &#8211; Erm\u0259ni diasporu az\u0259rbaycanl\u0131 alimi h\u0259d\u0259f ald\u0131"},"content":{"rendered":"<p><span style=\"color: #ffffff\">&#8220;Elmi faktlar\u0131 \u015fikay\u0259tl\u0259rl\u0259 r\u0259dd etm\u0259k olmaz\u201d &#8211; Erm\u0259ni diasporu az\u0259rbaycanl\u0131 alimi h\u0259d\u0259f ald\u0131<\/span><\/p>\n<blockquote><p><b>Lat\u0131n Amerikas\u0131nda f\u0259aliyy\u0259t g\u00f6st\u0259r\u0259n v\u0259 ispandilli auditoriyaya y\u00f6n\u0259lmi\u015f &#8220;SoyArmenio\u201d platformas\u0131nda az\u0259rbaycanl\u0131 alim Zaur \u018fliyevin \u0259leyhin\u0259 m\u0259qal\u0259 d\u0259rc olunub.<\/b><\/p><\/blockquote>\n<div><a href=\"https:\/\/infonews.az\/?p=50565\"><span style=\"color: #000080\"><strong>&#8220;\u0130NFONEWS&#8221;<\/strong><\/span><\/a> x\u0259b\u0259r verir ki, d\u0259rc olunan m\u0259qal\u0259d\u0259 onun elmi f\u0259aliyy\u0259ti v\u0259 beyn\u0259lxalq akademik m\u00fchitd\u0259 apard\u0131\u011f\u0131 ara\u015fd\u0131rmalar erm\u0259ni diasporu t\u0259r\u0259find\u0259n h\u0259d\u0259f\u0259 al\u0131n\u0131b.<\/div>\n<div>M\u0259qal\u0259d\u0259 iddia olunur ki, Zaur \u018fliyev m\u00fcxt\u0259lif elmi jurnallarda d\u0259rc etdirdiyi yaz\u0131larda &#8220;Erm\u0259nistan \u0259razisi&#8221;ni Q\u0259rbi Az\u0259rbaycan kimi t\u0259qdim edir v\u0259 regionun tarixi irsin\u0259 alternativ bax\u0131\u015f ortaya qoyur. Platforma m\u00fc\u0259llifin f\u0259aliyy\u0259tini &#8220;akademik p\u0259rd\u0259 alt\u0131nda siyasi t\u0259bli\u011fat\u201d kimi qiym\u0259tl\u0259ndirir.<\/div>\n<div>Bununla yana\u015f\u0131, yaz\u0131da qeyd edilir ki, az\u0259rbaycanl\u0131 t\u0259dqiqat\u00e7\u0131 Lat\u0131n Amerikas\u0131 \u00f6lk\u0259l\u0259rind\u0259 elmi m\u00fcst\u0259vid\u0259 aktiv f\u0259aliyy\u0259t g\u00f6st\u0259r\u0259r\u0259k Az\u0259rbaycan\u0131n m\u00f6vqeyini beyn\u0259lxalq auditoriyaya \u00e7atd\u0131rma\u011fa nail olub. X\u00fcsusil\u0259 onun m\u0259qal\u0259l\u0259rinin m\u00fcxt\u0259lif dill\u0259r\u0259 t\u0259rc\u00fcm\u0259 olunaraq yay\u0131lmas\u0131 erm\u0259ni diasporunun informasiya t\u0259sirin\u0259 alternativ yaratd\u0131\u011f\u0131 kimi t\u0259qdim edilir.<\/div>\n<div>Materialda h\u0259m\u00e7inin vur\u011fulan\u0131r ki, Zaur \u018fliyev arxiv s\u0259n\u0259dl\u0259rin\u0259 \u0259saslanan ara\u015fd\u0131rmalar\u0131 il\u0259 regionun tarixi il\u0259 ba\u011fl\u0131 m\u00fcbahis\u0259li m\u0259qamlar\u0131 g\u00fcnd\u0259m\u0259 g\u0259tirir. Bu f\u0259aliyy\u0259tin erm\u0259ni diasporu t\u0259r\u0259find\u0259n narahatl\u0131qla qar\u015f\u0131land\u0131\u011f\u0131 v\u0259 b\u0259zi qurumlar\u0131n onun yaz\u0131lar\u0131n\u0131n yay\u0131mland\u0131\u011f\u0131 platformalara t\u0259sir g\u00f6st\u0259rm\u0259y\u0259 \u00e7al\u0131\u015fd\u0131\u011f\u0131 iddia olunur.<\/div>\n<div>M\u0259qal\u0259d\u0259 qeyd edilir ki, m\u00fc\u0259llifin \u0259sas f\u0259aliyy\u0259t istiqam\u0259tl\u0259rind\u0259n biri d\u0259 C\u0259nubi Qafqaz\u0131n tarixi, m\u0259d\u0259ni irsi v\u0259 demoqrafik d\u0259yi\u015fiklikl\u0259ri il\u0259 ba\u011fl\u0131 ara\u015fd\u0131rmalard\u0131r. Onun x\u00fcsusil\u0259 beyn\u0259lxalq akademik jurnallarda \u00e7\u0131x\u0131\u015f etm\u0259si v\u0259 konfranslarda i\u015ftirak etm\u0259si diqq\u0259t \u00e7\u0259kir.<\/div>\n<div>Zaur \u018fliyev is\u0259 sosial \u015f\u0259b\u0259k\u0259 hesab\u0131nda payla\u015fd\u0131\u011f\u0131 fikird\u0259 bildirib ki, regionun tarixi siyasi \u015f\u00fcarlarla deyil, obyektiv elmi yana\u015fma il\u0259 ara\u015fd\u0131r\u0131lmal\u0131d\u0131r:<\/div>\n<div>&#8220;C\u0259nubi Qafqaz\u0131n tarixi t\u0259k bir mill\u0259t\u0259 m\u0259xsus deyil. Biz onu obyektiv \u015f\u0259kild\u0259 \u00f6yr\u0259nm\u0259liyik. Elmi faktlar\u0131 \u015fikay\u0259tl\u0259rl\u0259 r\u0259dd etm\u0259k olmaz\u201d.<\/div>\n","protected":false},"excerpt":{"rendered":"<p>&#8220;Elmi faktlar\u0131 \u015fikay\u0259tl\u0259rl\u0259 r\u0259dd etm\u0259k olmaz\u201d &#8211; Erm\u0259ni diasporu az\u0259rbaycanl\u0131 alimi h\u0259d\u0259f ald\u0131 Lat\u0131n Amerikas\u0131nda f\u0259aliyy\u0259t g\u00f6st\u0259r\u0259n v\u0259 ispandilli auditoriyaya y\u00f6n\u0259lmi\u015f &#8220;SoyArmenio\u201d platformas\u0131nda az\u0259rbaycanl\u0131 alim Zaur \u018fliyevin \u0259leyhin\u0259 m\u0259qal\u0259 d\u0259rc&hellip; <\/p>\n","protected":false},"author":14,"featured_media":50566,"comment_status":"open","ping_status":"open","sticky":false,"template":"","format":"standard","meta":{"_mi_skip_tracking":false,"_monsterinsights_sitenote_active":false,"_monsterinsights_sitenote_note":"","_monsterinsights_sitenote_category":0,"footnotes":""},"categories":[4,6,11],"tags":[15262,14204,15263,15],"aioseo_notices":[],"_links":{"self":[{"href":"https:\/\/infonews.az\/index.php?rest_route=\/wp\/v2\/posts\/50565"}],"collection":[{"href":"https:\/\/infonews.az\/index.php?rest_route=\/wp\/v2\/posts"}],"about":[{"href":"https:\/\/infonews.az\/index.php?rest_route=\/wp\/v2\/types\/post"}],"author":[{"embeddable":true,"href":"https:\/\/infonews.az\/index.php?rest_route=\/wp\/v2\/users\/14"}],"replies":[{"embeddable":true,"href":"https:\/\/infonews.az\/index.php?rest_route=%2Fwp%2Fv2%2Fcomments&post=50565"}],"version-history":[{"count":1,"href":"https:\/\/infonews.az\/index.php?rest_route=\/wp\/v2\/posts\/50565\/revisions"}],"predecessor-version":[{"id":50567,"href":"https:\/\/infonews.az\/index.php?rest_route=\/wp\/v2\/posts\/50565\/revisions\/50567"}],"wp:featuredmedia":[{"embeddable":true,"href":"https:\/\/infonews.az\/index.php?rest_route=\/wp\/v2\/media\/50566"}],"wp:attachment":[{"href":"https:\/\/infonews.az\/index.php?rest_route=%2Fwp%2Fv2%2Fmedia&parent=50565"}],"wp:term":[{"taxonomy":"category","embeddable":true,"href":"https:\/\/infonews.az\/index.php?rest_route=%2Fwp%2Fv2%2Fcategories&post=50565"},{"taxonomy":"post_tag","embeddable":true,"href":"https:\/\/infonews.az\/index.php?rest_route=%2Fwp%2Fv2%2Ftags&post=50565"}],"curies":[{"name":"wp","href":"https:\/\/api.w.org\/{rel}","templated":true}]}}