{"id":50602,"date":"2026-05-01T13:43:34","date_gmt":"2026-05-01T09:43:34","guid":{"rendered":"https:\/\/infonews.az\/?p=50602"},"modified":"2026-05-01T13:43:34","modified_gmt":"2026-05-01T09:43:34","slug":"azad-olunmus-%c9%99razil%c9%99rd%c9%99ki-tarixi-abid%c9%99l%c9%99rl%c9%99-bagli-resmi-aciqlama","status":"publish","type":"post","link":"https:\/\/infonews.az\/?p=50602","title":{"rendered":"Azad olunmu\u015f \u0259razil\u0259rd\u0259ki tarixi abid\u0259l\u0259rl\u0259 ba\u011fl\u0131 R\u018fSM\u0130 A\u00c7IQLAMA"},"content":{"rendered":"<p><span style=\"color: #ffffff\">Azad olunmu\u015f \u0259razil\u0259rd\u0259ki tarixi abid\u0259l\u0259rl\u0259 ba\u011fl\u0131\u00a0R\u018fSM\u0130 A\u00c7IQLAMA<\/span><\/p>\n<blockquote><p><strong>\u0130\u015f\u011faldan azad olunmu\u015f \u0259razil\u0259rd\u0259 705 tarix-m\u0259d\u0259niyy\u0259t abid\u0259si Nazirl\u0259r Kabinetinin 2001-ci il 2 avqust tarixli q\u0259rar\u0131 il\u0259 d\u00f6vl\u0259t qeydiyyat\u0131na al\u0131n\u0131b. \u0130\u015f\u011fal d\u00f6vr\u00fcnd\u0259 bu \u0259razil\u0259r\u0259 fiziki giri\u015f m\u00fcmk\u00fcn olmad\u0131\u011f\u0131 \u00fc\u00e7\u00fcn siyah\u0131lar \u0259vv\u0259lki arxiv materiallar\u0131 \u0259sas\u0131nda t\u0259rtib edils\u0259 d\u0259, torpaqlar\u0131m\u0131z azad olunduqdan sonra b\u00f6lg\u0259d\u0259 monitorinql\u0259r apar\u0131l\u0131b.<\/strong><\/p><\/blockquote>\n<p><a href=\"https:\/\/infonews.az\/?p=50602\"><span style=\"color: #000080\"><strong>&#8220;\u0130NFONEWS&#8221;<\/strong><\/span><\/a> x\u0259b\u0259r verir ki, bu s\u00f6zl\u0259ri \u201c\u0130ctimai prosesl\u0259r media m\u00fcst\u0259visind\u0259\u201d m\u00f6vzusunda III Forum \u00e7\u0259r\u00e7iv\u0259sind\u0259 ke\u00e7iril\u0259n paneld\u0259 Az\u0259rbaycan Respublikas\u0131 M\u0259d\u0259niyy\u0259t Nazirliyi yan\u0131nda M\u0259d\u0259ni \u0130rsin Qorunmas\u0131, \u0130nki\u015faf\u0131 v\u0259 B\u0259rpas\u0131 \u00fczr\u0259 D\u00f6vl\u0259t Xidm\u0259tinin Beyn\u0259lxalq v\u0259 ictimaiyy\u0259tl\u0259 \u0259laq\u0259l\u0259r sektorunun ba\u015f m\u0259sl\u0259h\u0259t\u00e7isi Fariz H\u00fcseynli deyib.<\/p>\n<p>O qeyd edib ki, apar\u0131lm\u0131\u015f monitorinql\u0259r n\u0259tic\u0259sind\u0259 575 abid\u0259nin v\u0259ziyy\u0259ti art\u0131q qiym\u0259tl\u0259ndirilib: \u201cAbid\u0259l\u0259rin dem\u0259k olar ki, ham\u0131s\u0131 m\u00fc\u0259yy\u0259n d\u0259r\u0259c\u0259d\u0259 da\u011f\u0131nt\u0131 v\u0259 vandalizm\u0259 m\u0259ruz qal\u0131b, 68 abid\u0259 yer \u00fcz\u00fcnd\u0259n tamamil\u0259 silinib. Eyni zamanda, 114 abid\u0259 \u00e7ox a\u011f\u0131r d\u0259r\u0259c\u0259d\u0259 da\u011f\u0131d\u0131l\u0131b. Qalan abid\u0259l\u0259r is\u0259 m\u00fcxt\u0259lif h\u0259cm v\u0259 miqyasda z\u0259r\u0259r g\u00f6r\u00fcb. Haz\u0131rda abid\u0259l\u0259r\u0259 d\u0259y\u0259n z\u0259r\u0259rin hesablanmas\u0131 prosesi davam edir. \u0130lkin r\u0259q\u0259ml\u0259r\u0259 g\u00f6r\u0259, 434 abid\u0259y\u0259 d\u0259y\u0259n maddi ziyan\u0131n m\u0259bl\u0259\u011fi 700 milyon manatdan \u00e7oxdur\u201d.<\/p>\n<p>Fariz H\u00fcseynli monitorinql\u0259r zaman\u0131 \u0259vv\u0259lki siyah\u0131larda olmayan, lakin tarixi, memarl\u0131q v\u0259 arxeoloji \u0259h\u0259miyy\u0259t k\u0259sb ed\u0259n 212 yeni obyektin d\u0259 a\u015fkar edildiyini diqq\u0259t\u0259 \u00e7atd\u0131r\u0131b: \u201c\u00d6t\u0259n il bu obyektl\u0259rd\u0259n 44-\u00fc art\u0131q r\u0259smi siyah\u0131ya \u0259lav\u0259 olunub v\u0259 m\u00fchafiz\u0259si t\u0259\u015fkil edilib. Siyah\u0131da olan 130-dan \u00e7ox abid\u0259nin monitorinqi h\u0259l\u0259 ki, m\u00fcmk\u00fcn olmay\u0131b. Bunun \u0259sas s\u0259b\u0259bi \u0259razil\u0259rin minalarla \u00e7irk\u0259ndirilm\u0259si il\u0259 ba\u011fl\u0131d\u0131r\u201d.<\/p>\n","protected":false},"excerpt":{"rendered":"<p>Azad olunmu\u015f \u0259razil\u0259rd\u0259ki tarixi abid\u0259l\u0259rl\u0259 ba\u011fl\u0131\u00a0R\u018fSM\u0130 A\u00c7IQLAMA \u0130\u015f\u011faldan azad olunmu\u015f \u0259razil\u0259rd\u0259 705 tarix-m\u0259d\u0259niyy\u0259t abid\u0259si Nazirl\u0259r Kabinetinin 2001-ci il 2 avqust tarixli q\u0259rar\u0131 il\u0259 d\u00f6vl\u0259t qeydiyyat\u0131na al\u0131n\u0131b. \u0130\u015f\u011fal d\u00f6vr\u00fcnd\u0259 bu \u0259razil\u0259r\u0259&hellip; <\/p>\n","protected":false},"author":14,"featured_media":50603,"comment_status":"open","ping_status":"open","sticky":false,"template":"","format":"standard","meta":{"_mi_skip_tracking":false,"_monsterinsights_sitenote_active":false,"_monsterinsights_sitenote_note":"","_monsterinsights_sitenote_category":0,"footnotes":""},"categories":[10,11377,13193,11],"tags":[15280,7799,15281,406,15282,15,6118],"aioseo_notices":[],"_links":{"self":[{"href":"https:\/\/infonews.az\/index.php?rest_route=\/wp\/v2\/posts\/50602"}],"collection":[{"href":"https:\/\/infonews.az\/index.php?rest_route=\/wp\/v2\/posts"}],"about":[{"href":"https:\/\/infonews.az\/index.php?rest_route=\/wp\/v2\/types\/post"}],"author":[{"embeddable":true,"href":"https:\/\/infonews.az\/index.php?rest_route=\/wp\/v2\/users\/14"}],"replies":[{"embeddable":true,"href":"https:\/\/infonews.az\/index.php?rest_route=%2Fwp%2Fv2%2Fcomments&post=50602"}],"version-history":[{"count":1,"href":"https:\/\/infonews.az\/index.php?rest_route=\/wp\/v2\/posts\/50602\/revisions"}],"predecessor-version":[{"id":50604,"href":"https:\/\/infonews.az\/index.php?rest_route=\/wp\/v2\/posts\/50602\/revisions\/50604"}],"wp:featuredmedia":[{"embeddable":true,"href":"https:\/\/infonews.az\/index.php?rest_route=\/wp\/v2\/media\/50603"}],"wp:attachment":[{"href":"https:\/\/infonews.az\/index.php?rest_route=%2Fwp%2Fv2%2Fmedia&parent=50602"}],"wp:term":[{"taxonomy":"category","embeddable":true,"href":"https:\/\/infonews.az\/index.php?rest_route=%2Fwp%2Fv2%2Fcategories&post=50602"},{"taxonomy":"post_tag","embeddable":true,"href":"https:\/\/infonews.az\/index.php?rest_route=%2Fwp%2Fv2%2Ftags&post=50602"}],"curies":[{"name":"wp","href":"https:\/\/api.w.org\/{rel}","templated":true}]}}