{"id":51295,"date":"2026-09-02T13:19:22","date_gmt":"2026-09-02T09:19:22","guid":{"rendered":"https:\/\/infonews.az\/?p=51295"},"modified":"2026-09-02T13:19:22","modified_gmt":"2026-09-02T09:19:22","slug":"turkiy%c9%99nin-rami-kitabxanasi-dunya-birincisi-oldu-ifla-2026","status":"publish","type":"post","link":"https:\/\/infonews.az\/?p=51295","title":{"rendered":"T\u00fcrkiy\u0259nin Rami Kitabxanas\u0131 d\u00fcnya birincisi oldu &#8211; IFLA 2026"},"content":{"rendered":"<div class=\"n6owBd awi2gc\" data-sfc-cp=\"\" data-sfc-root=\"ep\" data-hveid=\"CAAIBRAA\" data-complete=\"true\" data-processed=\"true\" data-copy-service-computed-style=\"font-family: &quot;Google Sans&quot;, Arial, sans-serif; font-size: 16px; font-weight: 400; margin: 12px 0px 16px; text-decoration: none; border-bottom: 0px rgb(10, 10, 10);\"><strong class=\"rQesXe MPyX\" data-sfc-cp=\"\" data-sfc-root=\"ep\" data-complete=\"true\" data-processed=\"true\" data-copy-service-computed-style=\"font-family: &quot;Google Sans&quot;, Arial, sans-serif; font-size: 16px; font-weight: 700; margin: 0px; text-decoration: none; border-bottom: 0px rgb(10, 10, 10);\"><span style=\"color: #ffffff\">T\u00fcrkiy\u0259nin Rami Kitabxanas\u0131 d\u00fcnya birincisi oldu &#8211; IFLA 2026<\/span><!--TgQPHd|||[]--><\/strong><!--TgQPHd|||[]--><\/div>\n<blockquote>\n<div class=\"n6owBd awi2gc\" data-sfc-cp=\"\" data-sfc-root=\"ep\" data-hveid=\"CAAIBhAA\" data-complete=\"true\" data-processed=\"true\" data-copy-service-computed-style=\"font-family: &quot;Google Sans&quot;, Arial, sans-serif; font-size: 16px; font-weight: 400; margin: 12px 0px 16px; text-decoration: none; border-bottom: 0px rgb(10, 10, 10);\">\u0130stanbulun \u0259n b\u00f6y\u00fck kitabxanas\u0131 olan Rami Kitabxanas\u0131 beyn\u0259lxalq arenada tarixi bir u\u011fura imza ataraq, Beyn\u0259lxalq Kitabxana Assosiasiyalar\u0131 v\u0259 M\u00fc\u0259ssis\u0259l\u0259ri Federasiyas\u0131n\u0131n (IFLA) t\u0259\u015fkil etdiyi 2026-c\u0131 il Ya\u015f\u0131l Kitabxana M\u00fckafat\u0131nda &#8220;B\u00f6y\u00fckmiqyasl\u0131 layih\u0259&#8221; kateqoriyas\u0131 \u00fczr\u0259 birinci yer\u0259<!--TgQPHd|||[]--> layiq g\u00f6r\u00fcl\u00fcb.<\/div>\n<\/blockquote>\n<div class=\"n6owBd awi2gc\" data-sfc-cp=\"\" data-sfc-root=\"ep\" data-hveid=\"CAAIBhAA\" data-complete=\"true\" data-processed=\"true\" data-copy-service-computed-style=\"font-family: &quot;Google Sans&quot;, Arial, sans-serif; font-size: 16px; font-weight: 400; margin: 12px 0px 16px; text-decoration: none; border-bottom: 0px rgb(10, 10, 10);\"><!--TgQPHd|||[]--><a href=\"https:\/\/infonews.az\/?p=51295\"><span style=\"color: #000080\"><strong>&#8220;\u0130NFONEWS&#8221;<\/strong><\/span><\/a> x\u0259b\u0259r verir ki, C\u0259nubi Koreyan\u0131n Busan \u015f\u0259h\u0259rind\u0259 ke\u00e7iril\u0259n IFLA D\u00fcnya Kitabxana v\u0259 \u0130nformasiya Konqresi (WLIC 2026)<!--TgQPHd|||[]--> \u00e7\u0259r\u00e7iv\u0259sind\u0259 elan olunan m\u00fcsabiq\u0259nin 11-ci burax\u0131l\u0131\u015f\u0131nda T\u00fcrkiy\u0259nin Rami Kitabxanas\u0131 27 \u00f6lk\u0259d\u0259n t\u0259qdim edil\u0259n 62 layih\u0259ni<!--TgQPHd|||[]--> gerid\u0259 qoyaraq, \u00e7ox\u015fax\u0259li davaml\u0131l\u0131q t\u0259\u015f\u0259bb\u00fcsl\u0259ri il\u0259 f\u0259rql\u0259nm\u0259yi bacar\u0131b.<\/div>\n<div class=\"otQkpb\" role=\"heading\" data-animation-nesting=\"\" data-sfc-cp=\"\" data-wiz-attrbind=\"aria-level=VPz6Bd_1f\/fLk2Md\" data-sfc-root=\"ep\" data-complete=\"true\" data-processed=\"true\" data-sae=\"\" data-copy-service-computed-style=\"font-family: &quot;Google Sans&quot;, Arial, sans-serif; font-size: 24px; font-weight: 500; margin: 24px 0px 12px; text-decoration: none; border-bottom: 0px rgb(10, 10, 10);\">\n<p>Layih\u0259 ekoloji prinsipl\u0259r\u0259 \u0259saslanan m\u00fcasir m\u0259d\u0259niyy\u0259t m\u0259kanlar\u0131n\u0131n yarad\u0131lmas\u0131 bax\u0131m\u0131ndan n\u00fcmun\u0259vi model kimi qiym\u0259tl\u0259ndirilib.<\/p>\n<p>Rami Kitabxanas\u0131n\u0131n IFLA Ya\u015f\u0131l Kitabxana M\u00fckafat\u0131nda d\u00fcnya \u00fczr\u0259 birinci yer\u0259 layiq g\u00f6r\u00fclm\u0259si tarixi irsin qorunmas\u0131, ekoloji davaml\u0131l\u0131q v\u0259 m\u00fcasir kitabxana xidm\u0259tl\u0259rinin vahid m\u0259kanda u\u011furla birl\u0259\u015fdiril\u0259 bil\u0259c\u0259yini n\u00fcmayi\u015f etdirir. M\u00fckafat kitabxanan\u0131n beyn\u0259lxalq s\u0259viyy\u0259d\u0259 tan\u0131nmas\u0131na t\u00f6hf\u0259 verm\u0259kl\u0259 yana\u015f\u0131, T\u00fcrkiy\u0259nin iqlim v\u0259 davaml\u0131 inki\u015faf siyas\u0259tl\u0259rinin kitabxana\u00e7\u0131l\u0131q sah\u0259sin\u0259 t\u0259sirini v\u0259 \u00f6lk\u0259nin m\u0259d\u0259ni irsin qorunmas\u0131na verdiyi \u00f6n\u0259mi d\u0259 diqq\u0259t\u0259 \u00e7atd\u0131r\u0131r.<\/p>\n<p><img loading=\"lazy\" decoding=\"async\" class=\"aligncenter size-full wp-image-51297\" src=\"https:\/\/infonews.az\/wp-content\/uploads\/2026\/09\/17A801B1-B260-41E5-BC3C-BBEF3301021Cjpeg-1788338143.jpeg\" alt=\"\" width=\"800\" height=\"450\" srcset=\"https:\/\/infonews.az\/wp-content\/uploads\/2026\/09\/17A801B1-B260-41E5-BC3C-BBEF3301021Cjpeg-1788338143.jpeg 800w, https:\/\/infonews.az\/wp-content\/uploads\/2026\/09\/17A801B1-B260-41E5-BC3C-BBEF3301021Cjpeg-1788338143-300x169.jpeg 300w, https:\/\/infonews.az\/wp-content\/uploads\/2026\/09\/17A801B1-B260-41E5-BC3C-BBEF3301021Cjpeg-1788338143-768x432.jpeg 768w\" sizes=\"(max-width: 800px) 100vw, 800px\" \/><\/p>\n<p><img loading=\"lazy\" decoding=\"async\" class=\"aligncenter size-full wp-image-51298\" src=\"https:\/\/infonews.az\/wp-content\/uploads\/2026\/09\/2026busan-1536x1025-1-1024x683-1.jpg\" alt=\"\" width=\"1024\" height=\"683\" srcset=\"https:\/\/infonews.az\/wp-content\/uploads\/2026\/09\/2026busan-1536x1025-1-1024x683-1.jpg 1024w, https:\/\/infonews.az\/wp-content\/uploads\/2026\/09\/2026busan-1536x1025-1-1024x683-1-300x200.jpg 300w, https:\/\/infonews.az\/wp-content\/uploads\/2026\/09\/2026busan-1536x1025-1-1024x683-1-768x512.jpg 768w\" sizes=\"(max-width: 1024px) 100vw, 1024px\" \/><\/p>\n<\/div>\n","protected":false},"excerpt":{"rendered":"<p>T\u00fcrkiy\u0259nin Rami Kitabxanas\u0131 d\u00fcnya birincisi oldu &#8211; IFLA 2026 \u0130stanbulun \u0259n b\u00f6y\u00fck kitabxanas\u0131 olan Rami Kitabxanas\u0131 beyn\u0259lxalq arenada tarixi bir u\u011fura imza ataraq, Beyn\u0259lxalq Kitabxana Assosiasiyalar\u0131 v\u0259 M\u00fc\u0259ssis\u0259l\u0259ri Federasiyas\u0131n\u0131n (IFLA)&hellip; <\/p>\n","protected":false},"author":14,"featured_media":51296,"comment_status":"open","ping_status":"open","sticky":false,"template":"","format":"standard","meta":{"_mi_skip_tracking":false,"_monsterinsights_sitenote_active":false,"_monsterinsights_sitenote_note":"","_monsterinsights_sitenote_category":0,"footnotes":""},"categories":[5373,4,11],"tags":[15385,15383,15,15384,15386],"aioseo_notices":[],"_links":{"self":[{"href":"https:\/\/infonews.az\/index.php?rest_route=\/wp\/v2\/posts\/51295"}],"collection":[{"href":"https:\/\/infonews.az\/index.php?rest_route=\/wp\/v2\/posts"}],"about":[{"href":"https:\/\/infonews.az\/index.php?rest_route=\/wp\/v2\/types\/post"}],"author":[{"embeddable":true,"href":"https:\/\/infonews.az\/index.php?rest_route=\/wp\/v2\/users\/14"}],"replies":[{"embeddable":true,"href":"https:\/\/infonews.az\/index.php?rest_route=%2Fwp%2Fv2%2Fcomments&post=51295"}],"version-history":[{"count":1,"href":"https:\/\/infonews.az\/index.php?rest_route=\/wp\/v2\/posts\/51295\/revisions"}],"predecessor-version":[{"id":51299,"href":"https:\/\/infonews.az\/index.php?rest_route=\/wp\/v2\/posts\/51295\/revisions\/51299"}],"wp:featuredmedia":[{"embeddable":true,"href":"https:\/\/infonews.az\/index.php?rest_route=\/wp\/v2\/media\/51296"}],"wp:attachment":[{"href":"https:\/\/infonews.az\/index.php?rest_route=%2Fwp%2Fv2%2Fmedia&parent=51295"}],"wp:term":[{"taxonomy":"category","embeddable":true,"href":"https:\/\/infonews.az\/index.php?rest_route=%2Fwp%2Fv2%2Fcategories&post=51295"},{"taxonomy":"post_tag","embeddable":true,"href":"https:\/\/infonews.az\/index.php?rest_route=%2Fwp%2Fv2%2Ftags&post=51295"}],"curies":[{"name":"wp","href":"https:\/\/api.w.org\/{rel}","templated":true}]}}