{"id":5190,"date":"2021-02-23T17:23:06","date_gmt":"2021-02-23T13:23:06","guid":{"rendered":"https:\/\/infonews.az\/?p=5190"},"modified":"2021-02-23T17:59:07","modified_gmt":"2021-02-23T13:59:07","slug":"m%c9%99d%c9%99niyy%c9%99t-nazirliyind%c9%99-fransa-milli-assambleyasinin-numay%c9%99nd%c9%99-hey%c9%99ti-il%c9%99-gorus-kecirilib","status":"publish","type":"post","link":"https:\/\/infonews.az\/?p=5190","title":{"rendered":"M\u0259d\u0259niyy\u0259t Nazirliyind\u0259 Fransa Milli Assambleyas\u0131n\u0131n n\u00fcmay\u0259nd\u0259 hey\u0259ti il\u0259 g\u00f6r\u00fc\u015f ke\u00e7irilib"},"content":{"rendered":"<p><span style=\"color: #ffffff;\">M\u0259d\u0259niyy\u0259t Nazirliyind\u0259 Fransa Milli Assambleyas\u0131n\u0131n n\u00fcmay\u0259nd\u0259 hey\u0259ti il\u0259 g\u00f6r\u00fc\u015f ke\u00e7irilib<\/span><\/p>\n<p><a href=\"https:\/\/infonews.az\/?p=5190&amp;\"><strong><span style=\"color: #ff0000;\">&#8220;\u0130NFONEWS&#8221;<\/span><\/strong><\/a> x\u0259b\u0259r verir.<\/p>\n<blockquote><p><em><strong>Fevral\u0131n 23-d\u0259 Az\u0259rbaycan Respublikas\u0131n\u0131n m\u0259d\u0259niyy\u0259t naziri Anar K\u0259rimov Fransa Milli Assambleyas\u0131n\u0131n \u00fczvl\u0259rind\u0259n ibar\u0259t n\u00fcmay\u0259nd\u0259 hey\u0259tini q\u0259bul edib.<\/strong><\/em><\/p><\/blockquote>\n<p>Qonaqlar\u0131 salamlayan nazir Az\u0259rbaycanla Fransa aras\u0131nda \u0259laq\u0259l\u0259rin z\u0259ngin tarixi oldu\u011funu bildirib. D\u00f6vl\u0259t ba\u015f\u00e7\u0131lar\u0131n\u0131n qar\u015f\u0131l\u0131ql\u0131 s\u0259f\u0259rl\u0259ri zaman\u0131 apar\u0131lan dan\u0131\u015f\u0131qlar\u0131n, \u00f6lk\u0259l\u0259rimiz aras\u0131nda imzalanm\u0131\u015f s\u0259n\u0259dl\u0259rin \u0259m\u0259kda\u015fl\u0131\u011f\u0131n d\u0259rinl\u0259\u015fm\u0259sin\u0259 b\u00f6y\u00fck t\u00f6hf\u0259 verdiyini diqq\u0259t\u0259 \u00e7atd\u0131ran Anar K\u0259rimov qeyd edib ki, Az\u0259rbaycan Fransa il\u0259 m\u0259d\u0259niyy\u0259t sah\u0259sind\u0259 d\u0259 m\u00fcnasib\u0259tl\u0259rin inki\u015faf\u0131na h\u0259r zaman y\u00fcks\u0259k \u0259h\u0259miyy\u0259t verib.<\/p>\n<p>Fransa Milli Assambleyas\u0131n\u0131n \u00fczvl\u0259ri s\u0259mimi q\u0259bula g\u00f6r\u0259 nazir\u0259 t\u0259\u015f\u0259kk\u00fcrl\u0259rini ifad\u0259 ed\u0259r\u0259k ikit\u0259r\u0259fli m\u00fcnasib\u0259tl\u0259rin daha da geni\u015fl\u0259ndirilm\u0259sinin vacib oldu\u011funu vur\u011fulay\u0131blar. Qonaqlar \u00f6lk\u0259mizl\u0259 \u0259m\u0259kda\u015fl\u0131q istiqam\u0259tl\u0259ri s\u0131ras\u0131nda m\u0259d\u0259niyy\u0259t sah\u0259sin\u0259 x\u00fcsusi \u00f6n\u0259m verdikl\u0259rini bildiribl\u0259r.<\/p>\n<p>G\u00f6r\u00fc\u015f zaman\u0131 i\u015f\u011faldan azad olunan \u0259razil\u0259rd\u0259 tarixi v\u0259 m\u0259d\u0259niyy\u0259t obyektl\u0259rinin v\u0259ziyy\u0259ti bar\u0259d\u0259 s\u00f6z a\u00e7an nazir qeyd edib ki, Erm\u0259nistan 30 il\u0259 yax\u0131n i\u015f\u011fal alt\u0131nda saxlad\u0131\u011f\u0131 \u0259razil\u0259rd\u0259 Az\u0259rbaycan\u0131n m\u0259d\u0259ni irsin\u0259 qar\u015f\u0131 t\u0259cav\u00fczkar siyas\u0259t h\u0259yata ke\u00e7irib v\u0259 h\u0259min \u0259razil\u0259rd\u0259 m\u0259d\u0259niyy\u0259tl\u0259 ba\u011fl\u0131 b\u00fct\u00fcn infrastruktur, el\u0259c\u0259 d\u0259 q\u0259biristanl\u0131qlar, m\u0259scidl\u0259r, xristian abid\u0259l\u0259ri v\u0259 dig\u0259r m\u0259kanlar erm\u0259ni i\u015f\u011fal\u00e7\u0131 q\u00fcvv\u0259l\u0259ri t\u0259r\u0259find\u0259n m\u0259qs\u0259dli \u015f\u0259kild\u0259 da\u011f\u0131d\u0131l\u0131b. Eyni zamanda, t\u0259kc\u0259 \u00f6lk\u0259 daxilind\u0259 deyil d\u00fcnya miqyas\u0131nda xristian irsinin qorunmas\u0131na t\u00f6hf\u0259l\u0259r vermi\u015f Az\u0259rbaycan d\u00f6vl\u0259tinin bu sah\u0259d\u0259 h\u0259yata ke\u00e7irdiyi siyas\u0259tin t\u0259rkib hiss\u0259si olaraq xristian dini miras\u0131n\u0131n v\u0259 abid\u0259l\u0259rinin m\u0259n\u015f\u0259yind\u0259n as\u0131l\u0131 olmayaraq y\u00fcks\u0259k s\u0259viyy\u0259d\u0259 m\u00fchafiz\u0259 edildiyini diqq\u0259t\u0259 \u00e7atd\u0131r\u0131b.<\/p>\n<p>Daha sonra iki \u00f6lk\u0259 aras\u0131nda \u0259m\u0259kda\u015fl\u0131\u011f\u0131n inki\u015faf etdirilm\u0259si \u00fc\u00e7\u00fcn birg\u0259 layih\u0259l\u0259rin realla\u015fd\u0131r\u0131lmas\u0131, m\u0259d\u0259niyy\u0259t t\u0259dbirl\u0259rinin t\u0259\u015fkili v\u0259 bu bar\u0259d\u0259 m\u0259lumatlar\u0131n Fransa medias\u0131nda da geni\u015f i\u015f\u0131qland\u0131r\u0131lmas\u0131 m\u0259s\u0259l\u0259l\u0259ri bar\u0259d\u0259 fikir m\u00fcbadil\u0259si apar\u0131l\u0131b.<\/p>\n<p>Sonda qar\u015f\u0131l\u0131ql\u0131 \u0259laq\u0259l\u0259rin perspektivl\u0259ri v\u0259 t\u0259r\u0259fl\u0259ri maraqland\u0131ran dig\u0259r m\u0259s\u0259l\u0259l\u0259r m\u00fczakir\u0259 edilib.<\/p>\n","protected":false},"excerpt":{"rendered":"<p>M\u0259d\u0259niyy\u0259t Nazirliyind\u0259 Fransa Milli Assambleyas\u0131n\u0131n n\u00fcmay\u0259nd\u0259 hey\u0259ti il\u0259 g\u00f6r\u00fc\u015f ke\u00e7irilib &#8220;\u0130NFONEWS&#8221; x\u0259b\u0259r verir. Fevral\u0131n 23-d\u0259 Az\u0259rbaycan Respublikas\u0131n\u0131n m\u0259d\u0259niyy\u0259t naziri Anar K\u0259rimov Fransa Milli Assambleyas\u0131n\u0131n \u00fczvl\u0259rind\u0259n ibar\u0259t n\u00fcmay\u0259nd\u0259 hey\u0259tini q\u0259bul edib.&hellip; <\/p>\n","protected":false},"author":3,"featured_media":5191,"comment_status":"open","ping_status":"open","sticky":false,"template":"","format":"standard","meta":{"_mi_skip_tracking":false,"_monsterinsights_sitenote_active":false,"_monsterinsights_sitenote_note":"","_monsterinsights_sitenote_category":0,"footnotes":""},"categories":[10,11],"tags":[1414,1488],"aioseo_notices":[],"_links":{"self":[{"href":"https:\/\/infonews.az\/index.php?rest_route=\/wp\/v2\/posts\/5190"}],"collection":[{"href":"https:\/\/infonews.az\/index.php?rest_route=\/wp\/v2\/posts"}],"about":[{"href":"https:\/\/infonews.az\/index.php?rest_route=\/wp\/v2\/types\/post"}],"author":[{"embeddable":true,"href":"https:\/\/infonews.az\/index.php?rest_route=\/wp\/v2\/users\/3"}],"replies":[{"embeddable":true,"href":"https:\/\/infonews.az\/index.php?rest_route=%2Fwp%2Fv2%2Fcomments&post=5190"}],"version-history":[{"count":1,"href":"https:\/\/infonews.az\/index.php?rest_route=\/wp\/v2\/posts\/5190\/revisions"}],"predecessor-version":[{"id":5192,"href":"https:\/\/infonews.az\/index.php?rest_route=\/wp\/v2\/posts\/5190\/revisions\/5192"}],"wp:featuredmedia":[{"embeddable":true,"href":"https:\/\/infonews.az\/index.php?rest_route=\/wp\/v2\/media\/5191"}],"wp:attachment":[{"href":"https:\/\/infonews.az\/index.php?rest_route=%2Fwp%2Fv2%2Fmedia&parent=5190"}],"wp:term":[{"taxonomy":"category","embeddable":true,"href":"https:\/\/infonews.az\/index.php?rest_route=%2Fwp%2Fv2%2Fcategories&post=5190"},{"taxonomy":"post_tag","embeddable":true,"href":"https:\/\/infonews.az\/index.php?rest_route=%2Fwp%2Fv2%2Ftags&post=5190"}],"curies":[{"name":"wp","href":"https:\/\/api.w.org\/{rel}","templated":true}]}}