{"id":5296,"date":"2021-02-24T21:39:31","date_gmt":"2021-02-24T17:39:31","guid":{"rendered":"https:\/\/infonews.az\/?p=5296"},"modified":"2021-02-24T22:05:51","modified_gmt":"2021-02-24T18:05:51","slug":"q%c9%99nir%c9%99-pasayeva-pakistanli-deputatlari-qarabaga-d%c9%99v%c9%99t-etdi","status":"publish","type":"post","link":"https:\/\/infonews.az\/?p=5296","title":{"rendered":"Q\u0259nir\u0259 Pa\u015fayeva pakistanl\u0131 deputatlar\u0131 Qaraba\u011fa d\u0259v\u0259t etdi"},"content":{"rendered":"<p><span style=\"color: #ffffff;\">Q\u0259nir\u0259 Pa\u015fayeva pakistanl\u0131 deputatlar\u0131 Qaraba\u011fa d\u0259v\u0259t etdi<\/span><\/p>\n<p><a href=\"https:\/\/infonews.az\/?p=5296&amp;\"><strong><span style=\"color: #ff0000;\">&#8220;\u0130NFONEWS&#8221;<\/span><\/strong><\/a> x\u0259b\u0259r verir.<\/p>\n<p><strong><em>Fevral\u0131n 24-d\u0259 Az\u0259rbaycan v\u0259 Pakistan parlament dostluq qruplar\u0131n\u0131n Xocal\u0131 soyq\u0131r\u0131m\u0131n\u0131n 29-cu ild\u00f6n\u00fcm\u00fcn\u0259 h\u0259sr olunmu\u015f videog\u00f6r\u00fc\u015f\u00fc ke\u00e7irilib.<\/em><\/strong><\/p>\n<p>Bu bar\u0259d\u0259 Milli M\u0259clisin m\u0259tbuat xidm\u0259ti m\u0259lumat yay\u0131b.<\/p>\n<p>Az\u0259rbaycan-Pakistan parlamentl\u0259raras\u0131 \u0259laq\u0259l\u0259r \u00fczr\u0259 i\u015f\u00e7i qrupunun r\u0259hb\u0259ri Q\u0259nir\u0259 Pa\u015fayeva bildirib ki, Xocal\u0131 soyq\u0131r\u0131m\u0131 h\u0259r zaman bizim q\u0259lbimizd\u0259 bir a\u011fr\u0131d\u0131r.<\/p>\n<p>\u201c\u00c7\u00fcnki erm\u0259ni silahl\u0131 q\u00fcvv\u0259l\u0259ri u\u015faq, qad\u0131n, ya\u015fl\u0131 dem\u0259d\u0259n bizim soyda\u015flar\u0131m\u0131z\u0131 q\u0259tl\u0259 yetirib, a\u011f\u0131r i\u015fg\u0259nc\u0259l\u0259r\u0259 m\u0259ruz qoyublar. Xocal\u0131 \u015f\u0259h\u0259ri yer \u00fcz\u00fcnd\u0259n silinib. Onlar m\u0259hz az\u0259rbaycanl\u0131 olduqlar\u0131na g\u00f6r\u0259 q\u0259tl\u0259 yetirilibl\u0259r. Erm\u0259nistan\u0131n sabiq prezidenti Serj Sarqsyan britaniyal\u0131 jurnalist Tomas de Vaal\u0131n kitab\u0131nda bu insanlar\u0131n m\u0259hz az\u0259rbaycanl\u0131 oldu\u011funa g\u00f6r\u0259 q\u0259tl\u0259 yetirdikl\u0259rini etiraf edib\u201d, &#8211; dey\u0259 Q.Pa\u015fayeva s\u00f6yl\u0259yib.<\/p>\n<p>Deputat diqq\u0259t\u0259 \u00e7atd\u0131r\u0131b ki, \u0259sas m\u0259qs\u0259dimiz bu soyq\u0131r\u0131m\u0131n\u0131 t\u00f6r\u0259d\u0259nl\u0259rin \u0259dal\u0259t qar\u015f\u0131s\u0131nda cavab verm\u0259sidir:<\/p>\n<p>\u201cBu soyq\u0131r\u0131m\u0131 insanl\u0131q \u0259leyhin\u0259 cinay\u0259tdir. D\u00fcnyan\u0131n bu soyq\u0131r\u0131m\u0131n\u0131 tan\u0131mas\u0131, h\u0259qiq\u0259tl\u0259ri bilm\u0259si \u00fc\u00e7\u00fcn qarda\u015f v\u0259 dost \u00f6lk\u0259l\u0259r\u0259 ehtiyac\u0131m\u0131z var. Bu bax\u0131mdan Pakistana t\u0259\u015f\u0259kk\u00fcr edirik ki, bu qarda\u015f \u00f6lk\u0259 h\u0259mi\u015f\u0259 Az\u0259rbaycan\u0131n yan\u0131nda olub. Biz bu m\u0259n\u0259vi v\u0259 siyasi d\u0259st\u0259yin davaml\u0131 olaca\u011f\u0131na inan\u0131r\u0131q\u201d.<\/p>\n<p>Q\u0259nir\u0259 Pa\u015fayeva i\u015f\u011faldan azad olunmu\u015f torpaqlar\u0131m\u0131zda erm\u0259nil\u0259rin t\u00f6r\u0259tdiyi vandalizmi \u00f6z g\u00f6zl\u0259ri il\u0259 g\u00f6rm\u0259l\u0259ri \u00fc\u00e7\u00fcn pakistanl\u0131 deputatlar\u0131 \u00f6lk\u0259miz\u0259 s\u0259f\u0259r\u0259 d\u0259v\u0259t edib.<\/p>\n<p>\u00c7\u0131x\u0131\u015f ed\u0259n Pakistan Milli Assambleyas\u0131nda Az\u0259rbaycanla dostluq qrupunun \u00fczvl\u0259ri xan\u0131m \u015eaza Xavaca, Farrux Xan bildiribl\u0259r ki, erm\u0259nil\u0259rin Az\u0259rbaycana qar\u015f\u0131 t\u00f6r\u0259tdiyi Xocal\u0131 soyq\u0131r\u0131m\u0131 il\u0259 ba\u011fl\u0131 Pakistan bir s\u0131ra b\u0259yanatlarla \u00e7\u0131x\u0131\u015f edib.<\/p>\n<p>Pakistanl\u0131 deputatlar beyn\u0259lxalq t\u0259\u015fkilatlarda Pakistana veril\u0259n d\u0259st\u0259y\u0259 g\u00f6r\u0259 Az\u0259rbaycana t\u0259\u015f\u0259kk\u00fcr edibl\u0259r.<\/p>\n","protected":false},"excerpt":{"rendered":"<p>Q\u0259nir\u0259 Pa\u015fayeva pakistanl\u0131 deputatlar\u0131 Qaraba\u011fa d\u0259v\u0259t etdi &#8220;\u0130NFONEWS&#8221; x\u0259b\u0259r verir. Fevral\u0131n 24-d\u0259 Az\u0259rbaycan v\u0259 Pakistan parlament dostluq qruplar\u0131n\u0131n Xocal\u0131 soyq\u0131r\u0131m\u0131n\u0131n 29-cu ild\u00f6n\u00fcm\u00fcn\u0259 h\u0259sr olunmu\u015f videog\u00f6r\u00fc\u015f\u00fc ke\u00e7irilib. Bu bar\u0259d\u0259 Milli M\u0259clisin&hellip; <\/p>\n","protected":false},"author":3,"featured_media":5297,"comment_status":"open","ping_status":"open","sticky":false,"template":"","format":"standard","meta":{"_mi_skip_tracking":false,"_monsterinsights_sitenote_active":false,"_monsterinsights_sitenote_note":"","_monsterinsights_sitenote_category":0,"footnotes":""},"categories":[9,6,11],"tags":[1518,739,1421],"aioseo_notices":[],"_links":{"self":[{"href":"https:\/\/infonews.az\/index.php?rest_route=\/wp\/v2\/posts\/5296"}],"collection":[{"href":"https:\/\/infonews.az\/index.php?rest_route=\/wp\/v2\/posts"}],"about":[{"href":"https:\/\/infonews.az\/index.php?rest_route=\/wp\/v2\/types\/post"}],"author":[{"embeddable":true,"href":"https:\/\/infonews.az\/index.php?rest_route=\/wp\/v2\/users\/3"}],"replies":[{"embeddable":true,"href":"https:\/\/infonews.az\/index.php?rest_route=%2Fwp%2Fv2%2Fcomments&post=5296"}],"version-history":[{"count":1,"href":"https:\/\/infonews.az\/index.php?rest_route=\/wp\/v2\/posts\/5296\/revisions"}],"predecessor-version":[{"id":5298,"href":"https:\/\/infonews.az\/index.php?rest_route=\/wp\/v2\/posts\/5296\/revisions\/5298"}],"wp:featuredmedia":[{"embeddable":true,"href":"https:\/\/infonews.az\/index.php?rest_route=\/wp\/v2\/media\/5297"}],"wp:attachment":[{"href":"https:\/\/infonews.az\/index.php?rest_route=%2Fwp%2Fv2%2Fmedia&parent=5296"}],"wp:term":[{"taxonomy":"category","embeddable":true,"href":"https:\/\/infonews.az\/index.php?rest_route=%2Fwp%2Fv2%2Fcategories&post=5296"},{"taxonomy":"post_tag","embeddable":true,"href":"https:\/\/infonews.az\/index.php?rest_route=%2Fwp%2Fv2%2Ftags&post=5296"}],"curies":[{"name":"wp","href":"https:\/\/api.w.org\/{rel}","templated":true}]}}