{"id":5331,"date":"2021-02-25T18:15:25","date_gmt":"2021-02-25T14:15:25","guid":{"rendered":"https:\/\/infonews.az\/?p=5331"},"modified":"2021-02-25T23:18:28","modified_gmt":"2021-02-25T19:18:28","slug":"sabah-bu-kuc%c9%99l%c9%99r-bagli-olacaq","status":"publish","type":"post","link":"https:\/\/infonews.az\/?p=5331","title":{"rendered":"Sabah bu k\u00fc\u00e7\u0259l\u0259r ba\u011fl\u0131 olacaq"},"content":{"rendered":"<p><strong>Sabah Xocal\u0131 soyq\u0131r\u0131m\u0131n\u0131n an\u0131m m\u0259rasimi il\u0259 ba\u011fl\u0131 \u201cAna f\u0259ryad\u0131\u201d abid\u0259si \u0259traf\u0131nda bir ne\u00e7\u0259 k\u00fc\u00e7\u0259 v\u0259 prospektd\u0259 h\u0259r\u0259k\u0259t dayand\u0131r\u0131lacaq.<\/strong><\/p>\n<p>Bu bar\u0259d\u0259 \u00a0<strong><a href=\"https:\/\/infonews.az\/\">\u201c\u0130NFONEWS\u201d<\/a><\/strong>\u00a0-a\u00a0 a\u00e7\u0131qlamas\u0131nda Bak\u0131 \u015f\u0259h\u0259r D\u00f6vl\u0259t Yol Polisi \u0130dar\u0259sinin s\u00f6z\u00e7\u00fcs\u00fc, polis polkovniki Vaqif \u018fs\u0259dov bildirib.<\/p>\n<p>Onun s\u00f6zl\u0259rin\u0259 g\u00f6r\u0259, v\u0259t\u0259nda\u015flar\u0131n ziyar\u0259tinin fasil\u0259siz v\u0259 rahat t\u0259\u015fkil edilm\u0259si \u00fc\u00e7\u00fcn Xocal\u0131 prospektin\u0259 paralel v\u0259 k\u0259si\u015f\u0259n b\u00fct\u00fcn k\u00fc\u00e7\u0259 v\u0259 prospektl\u0259r ba\u011flanacaq:<\/p>\n<p>\u201cYusif S\u0259f\u0259rov k\u00fc\u00e7\u0259si il\u0259 k\u0259si\u015fm\u0259d\u0259n N\u0259c\u0259fqulu R\u0259fiyev k\u00fc\u00e7\u0259sin\u0259d\u0259k, Nobel prospekti v\u0259 10-cu Zavod dair\u0259sind\u0259n avtomobill\u0259rin h\u0259r\u0259k\u0259t istiqam\u0259ti d\u0259yi\u015fdiril\u0259c\u0259k.<\/p>\n<p>Ziyar\u0259t\u00e7il\u0259r N\u0259c\u0259fqulu R\u0259fiyev k\u00fc\u00e7\u0259sind\u0259n ba\u015flayaraq Xocal\u0131 prospekti il\u0259 abid\u0259nin \u00f6n\u00fc istiqam\u0259tind\u0259 h\u0259r\u0259k\u0259t ed\u0259c\u0259kl\u0259r. Abid\u0259nin yan\u0131ndan ke\u00e7\u0259r\u0259k Natiq \u018fliyev k\u00fc\u00e7\u0259sind\u0259n \u00e7\u0131x\u0131\u015f n\u0259z\u0259rd\u0259 tutulub.<\/p>\n<p>Ziyar\u0259t\u0259 qat\u0131lmaq ist\u0259y\u0259n v\u0259t\u0259nda\u015flara h\u0259min istiqam\u0259td\u0259 avtomobill\u0259rin h\u0259r\u0259k\u0259tinin v\u0259 bu \u0259raziy\u0259 yax\u0131n m\u0259saf\u0259l\u0259rd\u0259 avtomobill\u0259rin park edilm\u0259sinin m\u00fcmk\u00fcns\u00fczl\u00fcy\u00fcn\u00fc n\u0259z\u0259r\u0259 alaraq bu istiqam\u0259td\u0259 \u015f\u0259xsi avtomobill\u0259rind\u0259n istifad\u0259 etm\u0259m\u0259yi t\u00f6vsiy\u0259 edirik.<\/p>\n<p>V\u0259t\u0259nda\u015flar 5 n\u0259f\u0259rlik qruplarla sosial m\u0259saf\u0259 saxlamaqla h\u0259r\u0259k\u0259t ed\u0259c\u0259kl\u0259r\u201d.<\/p>\n","protected":false},"excerpt":{"rendered":"<p>Sabah Xocal\u0131 soyq\u0131r\u0131m\u0131n\u0131n an\u0131m m\u0259rasimi il\u0259 ba\u011fl\u0131 \u201cAna f\u0259ryad\u0131\u201d abid\u0259si \u0259traf\u0131nda bir ne\u00e7\u0259 k\u00fc\u00e7\u0259 v\u0259 prospektd\u0259 h\u0259r\u0259k\u0259t dayand\u0131r\u0131lacaq. Bu bar\u0259d\u0259 \u00a0\u201c\u0130NFONEWS\u201d\u00a0-a\u00a0 a\u00e7\u0131qlamas\u0131nda Bak\u0131 \u015f\u0259h\u0259r D\u00f6vl\u0259t Yol Polisi \u0130dar\u0259sinin s\u00f6z\u00e7\u00fcs\u00fc, polis&hellip; <\/p>\n","protected":false},"author":3,"featured_media":5332,"comment_status":"open","ping_status":"open","sticky":false,"template":"","format":"standard","meta":{"_mi_skip_tracking":false,"_monsterinsights_sitenote_active":false,"_monsterinsights_sitenote_note":"","_monsterinsights_sitenote_category":0,"footnotes":""},"categories":[533,11],"tags":[158,15],"aioseo_notices":[],"_links":{"self":[{"href":"https:\/\/infonews.az\/index.php?rest_route=\/wp\/v2\/posts\/5331"}],"collection":[{"href":"https:\/\/infonews.az\/index.php?rest_route=\/wp\/v2\/posts"}],"about":[{"href":"https:\/\/infonews.az\/index.php?rest_route=\/wp\/v2\/types\/post"}],"author":[{"embeddable":true,"href":"https:\/\/infonews.az\/index.php?rest_route=\/wp\/v2\/users\/3"}],"replies":[{"embeddable":true,"href":"https:\/\/infonews.az\/index.php?rest_route=%2Fwp%2Fv2%2Fcomments&post=5331"}],"version-history":[{"count":1,"href":"https:\/\/infonews.az\/index.php?rest_route=\/wp\/v2\/posts\/5331\/revisions"}],"predecessor-version":[{"id":5333,"href":"https:\/\/infonews.az\/index.php?rest_route=\/wp\/v2\/posts\/5331\/revisions\/5333"}],"wp:featuredmedia":[{"embeddable":true,"href":"https:\/\/infonews.az\/index.php?rest_route=\/wp\/v2\/media\/5332"}],"wp:attachment":[{"href":"https:\/\/infonews.az\/index.php?rest_route=%2Fwp%2Fv2%2Fmedia&parent=5331"}],"wp:term":[{"taxonomy":"category","embeddable":true,"href":"https:\/\/infonews.az\/index.php?rest_route=%2Fwp%2Fv2%2Fcategories&post=5331"},{"taxonomy":"post_tag","embeddable":true,"href":"https:\/\/infonews.az\/index.php?rest_route=%2Fwp%2Fv2%2Ftags&post=5331"}],"curies":[{"name":"wp","href":"https:\/\/api.w.org\/{rel}","templated":true}]}}