{"id":538,"date":"2020-12-09T12:13:59","date_gmt":"2020-12-09T08:13:59","guid":{"rendered":"http:\/\/infonews.az\/?p=538"},"modified":"2020-12-09T23:07:21","modified_gmt":"2020-12-09T19:07:21","slug":"kivdf-d%c9%99n-az%c9%99rbaycan-m%c9%99tbuatinin-inkisafina-boyuk-tohf%c9%99-video","status":"publish","type":"post","link":"https:\/\/infonews.az\/?p=538","title":{"rendered":"K\u0130VDF-d\u0259n Az\u0259rbaycan m\u0259tbuat\u0131n\u0131n inki\u015faf\u0131na b\u00f6y\u00fck t\u00f6hf\u0259 (V\u0130DEO)"},"content":{"rendered":"<p>Az\u0259rbaycan Respublikas\u0131n\u0131n Prezidenti yan\u0131nda K\u00fctl\u0259vi \u0130nformasiya Vasit\u0259l\u0259rinin \u0130nki\u015faf\u0131na D\u00f6vl\u0259t D\u0259st\u0259yi Fondu Median\u0131n inki\u015faf\u0131na d\u0259st\u0259k layih\u0259l\u0259ri \u00fczr\u0259 elektron informasiya bank\u0131 haz\u0131rlay\u0131b.<\/p>\n<p><a href=\"http:\/\/infonews.az\"><span style=\"color: #ff0000;\">&#8220;\u0130NFONEWS&#8221;<\/span><\/a> x\u0259b\u0259r verir ki, fonddan Trend-\u0259 veril\u0259n m\u0259lumata g\u00f6r\u0259, \u201cMedian\u0131n inki\u015faf\u0131na d\u0259st\u0259k layih\u0259l\u0259ri \u00fczr\u0259 elektron informasiya bank\u0131\u201d d\u00f6vl\u0259t v\u0259 c\u0259miyy\u0259t \u00fc\u00e7\u00fcn \u0259h\u0259miyy\u0259t k\u0259sb ed\u0259n, habel\u0259 k\u00fctl\u0259vi informasiya vasit\u0259l\u0259rinin f\u0259aliyy\u0259tinin t\u0259kmill\u0259\u015fm\u0259sini n\u0259z\u0259rd\u0259 tutan v\u0259 inki\u015faf\u0131n\u0131 d\u0259st\u0259kl\u0259y\u0259n layih\u0259l\u0259rin elektron qaydada h\u0259yata ke\u00e7irilm\u0259sini t\u0259min etm\u0259k \u00fc\u00e7\u00fcn yarad\u0131lm\u0131\u015fd\u0131r.<\/p>\n<p>\u201cMedian\u0131n inki\u015faf\u0131na d\u0259st\u0259k layih\u0259l\u0259ri \u00fczr\u0259 elektron informasiya bank\u0131\u201d media subyektl\u0259ri v\u0259 n\u00fcmay\u0259nd\u0259l\u0259ri il\u0259 Az\u0259rbaycan Respublikas\u0131n\u0131n Prezidenti yan\u0131nda K\u00fctl\u0259vi \u0130nformasiya Vasit\u0259l\u0259rinin \u0130nki\u015faf\u0131na D\u00f6vl\u0259t D\u0259st\u0259yi Fondu aras\u0131nda m\u00fcsabiq\u0259l\u0259r\u0259 dair elektron informasiya m\u00fcbadil\u0259sini t\u0259min etm\u0259kl\u0259 s\u00fcr\u0259tli v\u0259 operativ f\u0259aliyy\u0259tin h\u0259yata ke\u00e7irilm\u0259sin\u0259 z\u0259min haz\u0131rlayacaq, bu sah\u0259d\u0259 elektron informasiya m\u00fchitini formala\u015fd\u0131racaq.<\/p>\n<p>M\u00fcsabiq\u0259l\u0259rin t\u0259\u015fkili, m\u00fcraci\u0259t \u00fc\u00e7\u00fcn t\u0259l\u0259b edil\u0259n s\u0259n\u0259dl\u0259rin q\u0259bulu, m\u00fcraci\u0259tl\u0259r\u0259 bax\u0131lmas\u0131 v\u0259 n\u0259tic\u0259l\u0259rin elan edilm\u0259si prosesind\u0259 s\u0259m\u0259r\u0259liyinin art\u0131r\u0131lmas\u0131, Fond t\u0259r\u0259find\u0259n h\u0259yata ke\u00e7iril\u0259n layih\u0259l\u0259rin yerin\u0259 yetirilm\u0259si v\u0259 h\u0259min layih\u0259l\u0259r \u00fczr\u0259 hesabatlar\u0131n t\u0259qdim edilm\u0259si prosesinin sad\u0259l\u0259\u015fdirilm\u0259si, informasiya m\u00fcbadil\u0259sinin taml\u0131\u011f\u0131n\u0131n v\u0259 etibarl\u0131l\u0131\u011f\u0131n\u0131n t\u0259min edilm\u0259si \u201cMedian\u0131n inki\u015faf\u0131na d\u0259st\u0259k layih\u0259l\u0259ri \u00fczr\u0259 elektron informasiya bank\u0131\u201dn\u0131n \u0259sas m\u0259qs\u0259dl\u0259rind\u0259ndir.<\/p>\n<p>\u201cMedian\u0131n inki\u015faf\u0131na d\u0259st\u0259k layih\u0259l\u0259ri \u00fczr\u0259 elektron informasiya bank\u0131\u201d regionlarda f\u0259aliyy\u0259t g\u00f6st\u0259r\u0259n k\u00fctl\u0259vi informasiya vasit\u0259l\u0259ri v\u0259 jurnalistl\u0259rin d\u0259 layih\u0259l\u0259r\u0259 m\u00fcraci\u0259tini asanla\u015fd\u0131racaq, bu prosesin daha \u0259l\u00e7atan v\u0259 \u00e7evik formada h\u0259yata ke\u00e7irilm\u0259sin\u0259 \u015f\u0259rait yaradacaq.<\/p>\n<p>Elektron informasiya bank\u0131na mib.kivdf.gov.az linkind\u0259n v\u0259 ya kivdf.gov.az sayt\u0131ndan istifad\u0259 etm\u0259kl\u0259 daxil ola bil\u0259rsiniz.<\/p>\n","protected":false},"excerpt":{"rendered":"<p>Az\u0259rbaycan Respublikas\u0131n\u0131n Prezidenti yan\u0131nda K\u00fctl\u0259vi \u0130nformasiya Vasit\u0259l\u0259rinin \u0130nki\u015faf\u0131na D\u00f6vl\u0259t D\u0259st\u0259yi Fondu Median\u0131n inki\u015faf\u0131na d\u0259st\u0259k layih\u0259l\u0259ri \u00fczr\u0259 elektron informasiya bank\u0131 haz\u0131rlay\u0131b. &#8220;\u0130NFONEWS&#8221; x\u0259b\u0259r verir ki, fonddan Trend-\u0259 veril\u0259n m\u0259lumata g\u00f6r\u0259, \u201cMedian\u0131n&hellip; <\/p>\n","protected":false},"author":3,"featured_media":539,"comment_status":"open","ping_status":"open","sticky":false,"template":"","format":"standard","meta":{"_mi_skip_tracking":false,"_monsterinsights_sitenote_active":false,"_monsterinsights_sitenote_note":"","_monsterinsights_sitenote_category":0,"footnotes":""},"categories":[4,11],"tags":[91],"aioseo_notices":[],"_links":{"self":[{"href":"https:\/\/infonews.az\/index.php?rest_route=\/wp\/v2\/posts\/538"}],"collection":[{"href":"https:\/\/infonews.az\/index.php?rest_route=\/wp\/v2\/posts"}],"about":[{"href":"https:\/\/infonews.az\/index.php?rest_route=\/wp\/v2\/types\/post"}],"author":[{"embeddable":true,"href":"https:\/\/infonews.az\/index.php?rest_route=\/wp\/v2\/users\/3"}],"replies":[{"embeddable":true,"href":"https:\/\/infonews.az\/index.php?rest_route=%2Fwp%2Fv2%2Fcomments&post=538"}],"version-history":[{"count":1,"href":"https:\/\/infonews.az\/index.php?rest_route=\/wp\/v2\/posts\/538\/revisions"}],"predecessor-version":[{"id":540,"href":"https:\/\/infonews.az\/index.php?rest_route=\/wp\/v2\/posts\/538\/revisions\/540"}],"wp:featuredmedia":[{"embeddable":true,"href":"https:\/\/infonews.az\/index.php?rest_route=\/wp\/v2\/media\/539"}],"wp:attachment":[{"href":"https:\/\/infonews.az\/index.php?rest_route=%2Fwp%2Fv2%2Fmedia&parent=538"}],"wp:term":[{"taxonomy":"category","embeddable":true,"href":"https:\/\/infonews.az\/index.php?rest_route=%2Fwp%2Fv2%2Fcategories&post=538"},{"taxonomy":"post_tag","embeddable":true,"href":"https:\/\/infonews.az\/index.php?rest_route=%2Fwp%2Fv2%2Ftags&post=538"}],"curies":[{"name":"wp","href":"https:\/\/api.w.org\/{rel}","templated":true}]}}