{"id":5400,"date":"2021-02-27T15:37:33","date_gmt":"2021-02-27T11:37:33","guid":{"rendered":"https:\/\/infonews.az\/?p=5400"},"modified":"2021-02-27T20:42:50","modified_gmt":"2021-02-27T16:42:50","slug":"niderlandin-life24-kanalinda-xocali-soyqirimindan-danisilib","status":"publish","type":"post","link":"https:\/\/infonews.az\/?p=5400","title":{"rendered":"Niderland\u0131n Life24 kanal\u0131nda Xocal\u0131 soyq\u0131r\u0131m\u0131ndan dan\u0131\u015f\u0131l\u0131b"},"content":{"rendered":"<p><span style=\"color: #ffffff;\">Niderland\u0131n Life24 kanal\u0131nda Xocal\u0131 soyq\u0131r\u0131m\u0131ndan dan\u0131\u015f\u0131l\u0131b<\/span><\/p>\n<p><a href=\"https:\/\/infonews.az\/?p=5400&amp;\"><span style=\"color: #ff0000;\"><strong>&#8220;\u0130NFONEWS&#8221;<\/strong><\/span><\/a> x\u0259b\u0259r verir.<\/p>\n<p><em><strong>Beyn\u0259lxalq Az\u0259rbaycanl\u0131 Xanmlar Klubunun t\u0259\u015fkilat\u00e7\u0131l\u0131\u011f\u0131 il\u0259 Niderlandda f\u0259aliyy\u0259t g\u00f6st\u0259r\u0259n Life24 kanal\u0131n\u0131n &#8220;Hollanda g\u00fcnd\u0259mi&#8221; proqram\u0131nda &#8220;Xocal\u0131 Q\u0259tliam\u0131&#8221; m\u00f6vzusundan dan\u0131\u015f\u0131l\u0131b.<\/strong><\/em><\/p>\n<p>Diasporla \u0130\u015f \u00fczr\u0259 D\u00f6vl\u0259t Komit\u0259sind\u0259n Adalet.az-a\u00a0veril\u0259n m\u0259lumata g\u00f6r\u0259, Yavuz Nufelin apar\u0131c\u0131s\u0131 oldu\u011fu proqramda Az\u0259rbaycan\u0131n Niderland Krall\u0131\u011f\u0131ndak\u0131 s\u0259firi Fikr\u0259t Axundov, Milli M\u0259clisin deputat\u0131 Ramin M\u0259mm\u0259dov, D\u00f6vl\u0259t \u0130dar\u0259\u00e7ilik Akademiyas\u0131n\u0131n ba\u015f m\u00fc\u0259llimi Zaur M\u0259mm\u0259dov, Fransada f\u0259aliyy\u0259t g\u00f6st\u0259r\u0259n &#8220;Alim&#8221; Elmi Assosiasiyas\u0131n\u0131n r\u0259hb\u0259ri, iqtisadiyyat \u00fczr\u0259 f\u0259ls\u0259f\u0259 doktoru G\u00fcnel S\u0259f\u0259rova v\u0259 Xocal\u0131 s\u0131yq\u0131r\u0131m\u0131n\u0131n \u015fahidi \u018ffsan\u0259 \u018fl\u0259kb\u0259rova i\u015ftirak edibl\u0259r.<\/p>\n<p>Qonaqlar 29 il \u00f6nc\u0259 Xocal\u0131da ba\u015f ver\u0259nl\u0259r bar\u0259d\u0259 \u0259trafl\u0131 m\u0259lumat veribl\u0259r, bu soyq\u0131r\u0131ma aparan ictimai-siyasi prosesl\u0259r, X\u00f6cal\u0131 soyq\u0131r\u0131m\u0131n\u0131n beyn\u0259lxalq s\u0259viyy\u0259d\u0259 tan\u0131nmas\u0131, erm\u0259ni fa\u015fizminin if\u015fa olunmas\u0131 \u00fc\u00e7\u00fcn Az\u0259rbaycan d\u00f6vl\u0259tinin v\u0259 diaspor t\u0259\u015fkilatlar\u0131n\u0131n g\u00f6rd\u00fckl\u0259ri f\u0259aliyy\u0259t bar\u0259d\u0259 dan\u0131\u015f\u0131l\u0131b.<\/p>\n<p>Apar\u0131c\u0131n\u0131n suallar\u0131n\u0131 cavabland\u0131rark\u0259n G\u00fcnel S\u0259f\u0259rova pandemiya m\u0259hdudiyytl\u0259ri il\u0259 \u0259laq\u0259dar Fransada t\u0259dbirl\u0259ri internet \u00fcz\u0259rind\u0259n h\u0259yata ke\u00e7irdikl\u0259rini fevral\u0131n 23-d\u0259 frans\u0131z dilind\u0259 &#8220;Xocal\u0131 soyq\u0131r\u0131m\u0131n\u0131n m\u00fcxt\u0259lif aspektl\u0259rd\u0259n t\u0259hlili&#8221; m\u00f6vzusunda vebinar ke\u00e7irdikl\u0259rin\u0259 diqq\u0259ti c\u0259lb edib.<\/p>\n<p>Fransada Xocal\u0131 soyq\u0131r\u0131m\u0131 il\u0259 ba\u011fl\u0131 t\u0259dbirl\u0259rin ke\u00e7irilm\u0259sind\u0259 qar\u015f\u0131la\u015fd\u0131\u011f\u0131 \u00e7\u0259tinlikl\u0259rd\u0259n dan\u0131\u015fark\u0259n G.S\u0259f\u0259rova xat\u0131rlad\u0131b ki, Lion \u015f\u0259h\u0259rind\u0259 ya\u015fay\u0131r v\u0259 uzun ill\u0259r burada \u015f\u0259h\u0259r merinin birinci m\u00fcavini erm\u0259ni \u0259silli frans\u0131z olub. &#8220;\u0130ndiy\u0259d\u0259k Lion \u015f\u0259h\u0259rind\u0259 Xocal\u0131 il\u0259 ba\u011fl\u0131 t\u0259dbir ke\u00e7ir\u0259 bilm\u0259mi\u015f\u0259m, \u00e7\u00fcnki icaz\u0259 yoxdur. Bunu birba\u015fa &#8220;icaz\u0259 vermirik&#8221; \u015f\u0259klind\u0259 etmirl\u0259r. B\u00fcrokratik \u0259ng\u0259ll\u0259rl\u0259 vaxt\u0131 uzad\u0131rlar&#8221;.<\/p>\n<p>Qeyd edib ki, erm\u0259ni lobbisinin qat\u0131 milliyy\u0259t\u00e7i qanad\u0131n\u0131n n\u00fcmay\u0259nd\u0259l\u0259ri Xocal\u0131 soyq\u0131r\u0131m\u0131 il\u0259 ba\u011fl\u0131 Parisd\u0259 t\u0259\u015fkil edil\u0259n an\u0131m m\u0259rasiml\u0259rin\u0259 d\u0259f\u0259l\u0259rl\u0259 basq\u0131n edir v\u0259 a\u011flas\u0131zmaz az\u011f\u0131nl\u0131qlar t\u00f6r\u0259dirl\u0259r.<\/p>\n<p>Proqram\u0131 a\u015fa\u011f\u0131dak\u0131 linkd\u0259n izl\u0259m\u0259k m\u00fcmk\u00fcnd\u00fcr:<\/p>\n<p><iframe loading=\"lazy\" title=\"28 y\u0131ld\u0131r dinmeyen ac\u0131! &#039;Hocal\u0131 Katliam\u0131&#039; - Hollanda G\u00fcndemi \u00d6zel\" width=\"1110\" height=\"624\" src=\"https:\/\/www.youtube.com\/embed\/h-RPZB0iz8Q?feature=oembed\" frameborder=\"0\" allow=\"accelerometer; autoplay; clipboard-write; encrypted-media; gyroscope; picture-in-picture\" allowfullscreen><\/iframe><\/p>\n","protected":false},"excerpt":{"rendered":"<p>Niderland\u0131n Life24 kanal\u0131nda Xocal\u0131 soyq\u0131r\u0131m\u0131ndan dan\u0131\u015f\u0131l\u0131b &#8220;\u0130NFONEWS&#8221; x\u0259b\u0259r verir. Beyn\u0259lxalq Az\u0259rbaycanl\u0131 Xanmlar Klubunun t\u0259\u015fkilat\u00e7\u0131l\u0131\u011f\u0131 il\u0259 Niderlandda f\u0259aliyy\u0259t g\u00f6st\u0259r\u0259n Life24 kanal\u0131n\u0131n &#8220;Hollanda g\u00fcnd\u0259mi&#8221; proqram\u0131nda &#8220;Xocal\u0131 Q\u0259tliam\u0131&#8221; m\u00f6vzusundan dan\u0131\u015f\u0131l\u0131b. Diasporla \u0130\u015f \u00fczr\u0259&hellip; <\/p>\n","protected":false},"author":3,"featured_media":5401,"comment_status":"open","ping_status":"open","sticky":false,"template":"","format":"standard","meta":{"_mi_skip_tracking":false,"_monsterinsights_sitenote_active":false,"_monsterinsights_sitenote_note":"","_monsterinsights_sitenote_category":0,"footnotes":""},"categories":[9,6,11,550],"tags":[1542,1543,997,1421],"aioseo_notices":[],"_links":{"self":[{"href":"https:\/\/infonews.az\/index.php?rest_route=\/wp\/v2\/posts\/5400"}],"collection":[{"href":"https:\/\/infonews.az\/index.php?rest_route=\/wp\/v2\/posts"}],"about":[{"href":"https:\/\/infonews.az\/index.php?rest_route=\/wp\/v2\/types\/post"}],"author":[{"embeddable":true,"href":"https:\/\/infonews.az\/index.php?rest_route=\/wp\/v2\/users\/3"}],"replies":[{"embeddable":true,"href":"https:\/\/infonews.az\/index.php?rest_route=%2Fwp%2Fv2%2Fcomments&post=5400"}],"version-history":[{"count":1,"href":"https:\/\/infonews.az\/index.php?rest_route=\/wp\/v2\/posts\/5400\/revisions"}],"predecessor-version":[{"id":5402,"href":"https:\/\/infonews.az\/index.php?rest_route=\/wp\/v2\/posts\/5400\/revisions\/5402"}],"wp:featuredmedia":[{"embeddable":true,"href":"https:\/\/infonews.az\/index.php?rest_route=\/wp\/v2\/media\/5401"}],"wp:attachment":[{"href":"https:\/\/infonews.az\/index.php?rest_route=%2Fwp%2Fv2%2Fmedia&parent=5400"}],"wp:term":[{"taxonomy":"category","embeddable":true,"href":"https:\/\/infonews.az\/index.php?rest_route=%2Fwp%2Fv2%2Fcategories&post=5400"},{"taxonomy":"post_tag","embeddable":true,"href":"https:\/\/infonews.az\/index.php?rest_route=%2Fwp%2Fv2%2Ftags&post=5400"}],"curies":[{"name":"wp","href":"https:\/\/api.w.org\/{rel}","templated":true}]}}