{"id":560,"date":"2020-12-10T12:14:26","date_gmt":"2020-12-10T08:14:26","guid":{"rendered":"http:\/\/infonews.az\/?p=560"},"modified":"2020-12-10T13:27:29","modified_gmt":"2020-12-10T09:27:29","slug":"az%c9%99rbaycanin-milli-q%c9%99hr%c9%99mani-adi-verilmis-h%c9%99r-uc-s%c9%99xs-ucun-prezidentin-ayliq-t%c9%99qaudu-t%c9%99yin-edildi","status":"publish","type":"post","link":"https:\/\/infonews.az\/?p=560","title":{"rendered":"\u201cAz\u0259rbaycan\u0131n Milli Q\u0259hr\u0259man\u0131\u201d ad\u0131 verilmi\u015f h\u0259r \u00fc\u00e7 \u015f\u0259xs \u00fc\u00e7\u00fcn Prezidentin ayl\u0131q t\u0259qa\u00fcd\u00fc t\u0259yin edildi"},"content":{"rendered":"<blockquote><p>Prezident \u0130lham \u018fliyevin d\u00fcn\u0259n imzalad\u0131\u011f\u0131 S\u0259r\u0259ncamla \u201cAz\u0259rbaycan\u0131n Milli Q\u0259hr\u0259man\u0131\u201d ad\u0131 verilmi\u015f general-mayor Polad H\u0259\u015fimov, polkovnik \u0130lqar Mirz\u0259yev v\u0259 ehtiyatda olan ba\u015f \u00e7avu\u015f \u0130bad H\u00fcseynov \u00fc\u00e7\u00fcn Prezidentin ayl\u0131q t\u0259qa\u00fcd\u00fc t\u0259yin edilib.<\/p><\/blockquote>\n<p>\u018fm\u0259k v\u0259 \u018fhalinin Sosial M\u00fcdafi\u0259si Nazirliyind\u0259n <a href=\"http:\/\/infonews.az\/?p=560\"><span style=\"color: #ff0000;\">&#8220;\u0130NFONEWS&#8221;<\/span><\/a>-a veril\u0259n m\u0259lumata g\u00f6r\u0259 dig\u0259r sosial t\u0259minat n\u00f6vl\u0259ri kimi, \u201cAz\u0259rbaycan\u0131n Milli Q\u0259hr\u0259man\u0131\u201d ad\u0131 verilmi\u015f \u015f\u0259xsl\u0259r \u00fc\u00e7\u00fcn Prezidentin ayl\u0131q t\u0259qa\u00fcd\u00fcn\u00fcn t\u0259yinat\u0131 da bu t\u0259qa\u00fcd\u0259 h\u00fcquq yaranan anda proaktiv xidm\u0259t olaraq elektron qaydada, avtomatik t\u0259yin olunur. Bunun \u00fc\u00e7\u00fcn v\u0259t\u0259nda\u015f\u0131n v\u0259 ya ail\u0259 \u00fczvl\u0259rinin m\u00fcraci\u0259tin\u0259 v\u0259 h\u0259r hans\u0131 s\u0259n\u0259d t\u0259qdim etm\u0259sin\u0259 d\u0259 ehtiyac qalm\u0131r.<\/p>\n<p>Ayl\u0131q t\u0259qa\u00fcd (1500 manat) Milli Q\u0259hr\u0259manlar\u0131m\u0131z\u0131n \u00f6zl\u0259rin\u0259, \u015f\u0259hidlik zirv\u0259sin\u0259 ucalm\u0131\u015f Milli Q\u0259hr\u0259manlar\u0131m\u0131z\u0131n is\u0259 ail\u0259 \u00fczvl\u0259rin\u0259 t\u0259yin olunaraq \u00f6d\u0259nilir.<\/p>\n","protected":false},"excerpt":{"rendered":"<p>Prezident \u0130lham \u018fliyevin d\u00fcn\u0259n imzalad\u0131\u011f\u0131 S\u0259r\u0259ncamla \u201cAz\u0259rbaycan\u0131n Milli Q\u0259hr\u0259man\u0131\u201d ad\u0131 verilmi\u015f general-mayor Polad H\u0259\u015fimov, polkovnik \u0130lqar Mirz\u0259yev v\u0259 ehtiyatda olan ba\u015f \u00e7avu\u015f \u0130bad H\u00fcseynov \u00fc\u00e7\u00fcn Prezidentin ayl\u0131q t\u0259qa\u00fcd\u00fc t\u0259yin edilib.&hellip; <\/p>\n","protected":false},"author":3,"featured_media":561,"comment_status":"open","ping_status":"open","sticky":false,"template":"","format":"standard","meta":{"_mi_skip_tracking":false,"_monsterinsights_sitenote_active":false,"_monsterinsights_sitenote_note":"","_monsterinsights_sitenote_category":0,"footnotes":""},"categories":[11,7],"tags":[88,94],"aioseo_notices":[],"_links":{"self":[{"href":"https:\/\/infonews.az\/index.php?rest_route=\/wp\/v2\/posts\/560"}],"collection":[{"href":"https:\/\/infonews.az\/index.php?rest_route=\/wp\/v2\/posts"}],"about":[{"href":"https:\/\/infonews.az\/index.php?rest_route=\/wp\/v2\/types\/post"}],"author":[{"embeddable":true,"href":"https:\/\/infonews.az\/index.php?rest_route=\/wp\/v2\/users\/3"}],"replies":[{"embeddable":true,"href":"https:\/\/infonews.az\/index.php?rest_route=%2Fwp%2Fv2%2Fcomments&post=560"}],"version-history":[{"count":1,"href":"https:\/\/infonews.az\/index.php?rest_route=\/wp\/v2\/posts\/560\/revisions"}],"predecessor-version":[{"id":562,"href":"https:\/\/infonews.az\/index.php?rest_route=\/wp\/v2\/posts\/560\/revisions\/562"}],"wp:featuredmedia":[{"embeddable":true,"href":"https:\/\/infonews.az\/index.php?rest_route=\/wp\/v2\/media\/561"}],"wp:attachment":[{"href":"https:\/\/infonews.az\/index.php?rest_route=%2Fwp%2Fv2%2Fmedia&parent=560"}],"wp:term":[{"taxonomy":"category","embeddable":true,"href":"https:\/\/infonews.az\/index.php?rest_route=%2Fwp%2Fv2%2Fcategories&post=560"},{"taxonomy":"post_tag","embeddable":true,"href":"https:\/\/infonews.az\/index.php?rest_route=%2Fwp%2Fv2%2Ftags&post=560"}],"curies":[{"name":"wp","href":"https:\/\/api.w.org\/{rel}","templated":true}]}}